{"id":11467,"date":"2019-04-08T11:21:33","date_gmt":"2019-04-08T14:21:33","guid":{"rendered":"https:\/\/www.jornaldaconstrucaocivil.com.br\/?p=11467"},"modified":"2019-04-08T11:21:50","modified_gmt":"2019-04-08T14:21:50","slug":"sinobras-recebe-visita-do-governador-helder-barbalho","status":"publish","type":"post","link":"https:\/\/construcaocivil.siriusmarketingedesign.com.br\/?p=11467","title":{"rendered":"SINOBRAS recebe visita do Governador Helder Barbalho"},"content":{"rendered":"\n<p class=\"gmail-AD2M2015Texto\" style=\"text-align: justify;\"><span style=\"color: #993300;\">Abril, 2019<\/span> &#8211; A SINOBRAS, pertencente ao Grupo A\u00e7o Cearense, recebeu na noite da \u00faltima quinta-feira (4) a visita do Governador do Par\u00e1, Helder Barbalho, e de sua comitiva. Vilmar Ferreira, Presidente do Grupo A\u00e7o Cearense, e Ian Corr\u00eaa, Vice-Presidente de Opera\u00e7\u00f5es do Grupo, apresentaram ao Governador as instala\u00e7\u00f5es da empresa, bem como as necessidades para o seu processo de expans\u00e3o, visando atrair mais investimentos e gera\u00e7\u00e3o de renda para Marab\u00e1. A visita foi parte das atividades do programa Governo Por Todo o Par\u00e1 realizado nas regi\u00f5es sul e sudeste, no per\u00edodo de 2 a 5 de abril.<\/p>\n<p class=\"gmail-AD2M2015Texto\" style=\"text-align: justify;\">Durante o encontro, o Governador Helder Barbalho afirmou seu desejo de parceria com as empresas da regi\u00e3o. &#8220;Nosso governo vai estar sempre aberto ao di\u00e1logo, ao aconselhamento, \u00e0s cr\u00edticas, como tamb\u00e9m \u00e0s contribui\u00e7\u00f5es que possam permitir que consigamos acertar em pol\u00edticas p\u00fablicas e no aperfei\u00e7oamento que permita a constru\u00e7\u00e3o de um ambiente de atra\u00e7\u00e3o de neg\u00f3cios&#8221;, comentou.<\/p>\n<p class=\"gmail-AD2M2015Texto\" style=\"text-align: justify;\">O Vice-Presidente de Opera\u00e7\u00f5es do Grupo A\u00e7o Cearense, Ian Corr\u00eaa, tamb\u00e9m falou sobre a import\u00e2ncia do momento para a SINOBRAS. &#8220;Ficamos muito bem impressionados com a pr\u00f3-atividade do Governador Helder Barbalho de vir ao nosso encontro e ouvir as necessidades das empresas marabaenses. Com isso fica clara a sua preocupa\u00e7\u00e3o com o desenvolvimento da nossa regi\u00e3o e de todo o estado do Par\u00e1. O Governador se mostrou disposto a ajudar no processo de expans\u00e3o da SINOBRAS, se comprometeu em\u00a0apoiar as empresas paraenses e revitalizar o Distrito Industrial de Marab\u00e1, que \u00e9 muito importante para n\u00f3s e para todo o munic\u00edpio, pois certamente vai atrair novas empresas e gerar mais empregos e renda&#8221;, declarou Ian, que acrescentou: &#8220;Tivemos tamb\u00e9m as visitas dos secret\u00e1rios da Fazenda; do Governo do Sul e Sudeste do Par\u00e1; do Planejamento; do Desenvolvimento Econ\u00f4mico, Minera\u00e7\u00e3o, Energia e Turismo; do Meio Ambiente e Sustentabilidade e percebemos que o Governador e seus secret\u00e1rios est\u00e3o bem alinhados em prol do crescimento socioecon\u00f4mico do Par\u00e1. Ficamos honrados e muito otimistas com esse encontro&#8221;.<\/p>\n<p class=\"gmail-AD2M2015Texto\" style=\"text-align: justify;\">Nos dias 2 e 3, a diretoria da SINOBRAS tamb\u00e9m recebeu a visita de representantes do governo como o Secret\u00e1rio da Fazenda, Ren\u00e9 de Oliveira, o Secret\u00e1rio Adjunto do Planejamento, Adler Gomes, o Secret\u00e1rio de Estado de Desenvolvimento Econ\u00f4mico, Minera\u00e7\u00e3o, Energia e Turismo, Iran Ata\u00edde Lima, o Secret\u00e1rio de Estado de Meio Ambiente e Sustentabilidade, Jos\u00e9 Mauro de Lima \u00d3 de Almeida, e a diretoria da Associa\u00e7\u00e3o Comercial e Industrial de Marab\u00e1 (ACIM).<\/p>\n<p>Fonte: Imprensa\/SINOBRAS<\/p>\n","protected":false},"excerpt":{"rendered":"","protected":false},"author":1,"featured_media":11468,"comment_status":"open","ping_status":"open","sticky":false,"template":"","format":"standard","meta":{"_uag_custom_page_level_css":"","footnotes":""},"categories":[27],"tags":[13043,14662,15656],"class_list":["post-11467","post","type-post","status-publish","format-standard","has-post-thumbnail","hentry","category-acontece","tag-belem-para","tag-regiao-amazonica","tag-sinobras-aco-e-industria"],"blocksy_meta":[],"spectra_blocks_featured_image_url":{"thumbnail":{"url":"https:\/\/construcaocivil.siriusmarketingedesign.com.br\/wp-content\/uploads\/2019\/04\/Visita-Governador-do-Par\u00e1-\u00e0-SINOBRAS-4-150x150.jpg","width":150,"height":150},"medium":{"url":"https:\/\/construcaocivil.siriusmarketingedesign.com.br\/wp-content\/uploads\/2019\/04\/Visita-Governador-do-Par\u00e1-\u00e0-SINOBRAS-4-300x200.jpg","width":300,"height":200},"medium_large":{"url":"https:\/\/construcaocivil.siriusmarketingedesign.com.br\/wp-content\/uploads\/2019\/04\/Visita-Governador-do-Par\u00e1-\u00e0-SINOBRAS-4-768x512.jpg","width":768,"height":512},"large":{"url":"https:\/\/construcaocivil.siriusmarketingedesign.com.br\/wp-content\/uploads\/2019\/04\/Visita-Governador-do-Par\u00e1-\u00e0-SINOBRAS-4-1024x683.jpg","width":1024,"height":683},"full":{"url":"https:\/\/construcaocivil.siriusmarketingedesign.com.br\/wp-content\/uploads\/2019\/04\/Visita-Governador-do-Par\u00e1-\u00e0-SINOBRAS-4.jpg","width":2048,"height":1365}},"spectra_blocks_author_info":{"display_name":"Jornal da Constru\u00e7\u00e3o Civil","avatar_url":"https:\/\/secure.gravatar.com\/avatar\/973c9774fd44ddaceb026973c4962faa70fc512bc4c9da68e8ebb40fecee6540?s=96&d=mm&r=g","author_link":"https:\/\/construcaocivil.siriusmarketingedesign.com.br\/?author=1","description":"Desde de 2013, levando muitas informa\u00e7\u00f5es, lan\u00e7amentos e produtos de qualidade para toda cadeia produtiva da constru\u00e7\u00e3o. O Futuro da constru\u00e7\u00e3o passa por aqui,"},"uagb_featured_image_src":{"full":["https:\/\/construcaocivil.siriusmarketingedesign.com.br\/wp-content\/uploads\/2019\/04\/Visita-Governador-do-Par\u00e1-\u00e0-SINOBRAS-4.jpg",2048,1365,false],"thumbnail":["https:\/\/construcaocivil.siriusmarketingedesign.com.br\/wp-content\/uploads\/2019\/04\/Visita-Governador-do-Par\u00e1-\u00e0-SINOBRAS-4-150x150.jpg",150,150,true],"medium":["https:\/\/construcaocivil.siriusmarketingedesign.com.br\/wp-content\/uploads\/2019\/04\/Visita-Governador-do-Par\u00e1-\u00e0-SINOBRAS-4-300x200.jpg",300,200,true],"medium_large":["https:\/\/construcaocivil.siriusmarketingedesign.com.br\/wp-content\/uploads\/2019\/04\/Visita-Governador-do-Par\u00e1-\u00e0-SINOBRAS-4-768x512.jpg",768,512,true],"large":["https:\/\/construcaocivil.siriusmarketingedesign.com.br\/wp-content\/uploads\/2019\/04\/Visita-Governador-do-Par\u00e1-\u00e0-SINOBRAS-4-1024x683.jpg",1024,683,true],"1536x1536":["https:\/\/construcaocivil.siriusmarketingedesign.com.br\/wp-content\/uploads\/2019\/04\/Visita-Governador-do-Par\u00e1-\u00e0-SINOBRAS-4.jpg",1536,1024,false],"2048x2048":["https:\/\/construcaocivil.siriusmarketingedesign.com.br\/wp-content\/uploads\/2019\/04\/Visita-Governador-do-Par\u00e1-\u00e0-SINOBRAS-4.jpg",2048,1365,false]},"uagb_author_info":{"display_name":"Jornal da Constru\u00e7\u00e3o Civil","author_link":"https:\/\/construcaocivil.siriusmarketingedesign.com.br\/?author=1"},"uagb_comment_info":0,"uagb_excerpt":null,"_links":{"self":[{"href":"https:\/\/construcaocivil.siriusmarketingedesign.com.br\/index.php?rest_route=\/wp\/v2\/posts\/11467","targetHints":{"allow":["GET"]}}],"collection":[{"href":"https:\/\/construcaocivil.siriusmarketingedesign.com.br\/index.php?rest_route=\/wp\/v2\/posts"}],"about":[{"href":"https:\/\/construcaocivil.siriusmarketingedesign.com.br\/index.php?rest_route=\/wp\/v2\/types\/post"}],"author":[{"embeddable":true,"href":"https:\/\/construcaocivil.siriusmarketingedesign.com.br\/index.php?rest_route=\/wp\/v2\/users\/1"}],"replies":[{"embeddable":true,"href":"https:\/\/construcaocivil.siriusmarketingedesign.com.br\/index.php?rest_route=%2Fwp%2Fv2%2Fcomments&post=11467"}],"version-history":[{"count":0,"href":"https:\/\/construcaocivil.siriusmarketingedesign.com.br\/index.php?rest_route=\/wp\/v2\/posts\/11467\/revisions"}],"wp:featuredmedia":[{"embeddable":true,"href":"https:\/\/construcaocivil.siriusmarketingedesign.com.br\/index.php?rest_route=\/wp\/v2\/media\/11468"}],"wp:attachment":[{"href":"https:\/\/construcaocivil.siriusmarketingedesign.com.br\/index.php?rest_route=%2Fwp%2Fv2%2Fmedia&parent=11467"}],"wp:term":[{"taxonomy":"category","embeddable":true,"href":"https:\/\/construcaocivil.siriusmarketingedesign.com.br\/index.php?rest_route=%2Fwp%2Fv2%2Fcategories&post=11467"},{"taxonomy":"post_tag","embeddable":true,"href":"https:\/\/construcaocivil.siriusmarketingedesign.com.br\/index.php?rest_route=%2Fwp%2Fv2%2Ftags&post=11467"}],"curies":[{"name":"wp","href":"https:\/\/api.w.org\/{rel}","templated":true}]}}