{"id":11505,"date":"2019-04-12T11:30:11","date_gmt":"2019-04-12T14:30:11","guid":{"rendered":"https:\/\/www.jornaldaconstrucaocivil.com.br\/?p=11505"},"modified":"2019-04-12T11:38:49","modified_gmt":"2019-04-12T14:38:49","slug":"grafite-em-casa-em-parceria-arquitetos-e-artista-ousam-na-reforma-com-louvor","status":"publish","type":"post","link":"https:\/\/construcaocivil.siriusmarketingedesign.com.br\/?p=11505","title":{"rendered":"Grafite em casa: em parceria, arquitetos e artista ousam na reforma com louvor"},"content":{"rendered":"\n<p style=\"font-weight: 400; text-align: justify;\"><span style=\"color: #993300;\">Abril, 2019<\/span> &#8211; Fazer que uma casa seja considerada lar requer que muitas das caracter\u00edsticas dos moradores sejam consideradas. Sendo assim, os arquitetos do escrit\u00f3rio PB Arquitetura conseguiram e ousaram na personifica\u00e7\u00e3o da reforma nesta casa em S\u00e3o Caetano do Sul, ABC Paulista, n\u00e3o apenas nos ambientes, mas na abertura para grafites nas paredes.<\/p>\n<figure id=\"attachment_11506\" aria-describedby=\"caption-attachment-11506\" style=\"width: 263px\" class=\"wp-caption alignleft\"><img loading=\"lazy\" decoding=\"async\" class=\" wp-image-11506\" src=\"https:\/\/www.jornaldaconstrucaocivil.com.br\/wp-content\/uploads\/2019\/04\/GRAFITE-II-300x169.jpg\" alt=\"\" width=\"263\" height=\"148\" srcset=\"https:\/\/construcaocivil.siriusmarketingedesign.com.br\/wp-content\/uploads\/2019\/04\/GRAFITE-II-300x169.jpg 300w, https:\/\/construcaocivil.siriusmarketingedesign.com.br\/wp-content\/uploads\/2019\/04\/GRAFITE-II.jpg 621w\" sizes=\"auto, (max-width: 263px) 100vw, 263px\" \/><figcaption id=\"caption-attachment-11506\" class=\"wp-caption-text\"><span style=\"color: #800000;\">Grafite na decora\u00e7\u00e3o de casa. Divulga\u00e7\u00e3o<\/span><\/figcaption><\/figure>\n<p style=\"font-weight: 400; text-align: justify;\">A proposta veio somada com muitas surpresas, o ambiente de 300m\u00b2 deu espa\u00e7o para muito mais aconchego do que era previsto para os pais de duas meninas de 11 e 8 anos, sendo eles a internacionalista Isabel e seu marido gerente de projetos, Rodrigo. \u201cEsta fam\u00edlia adora ler, assistir filmes e s\u00e9ries juntos. Por isso investiram nos equipamentos de \u00e1udio e v\u00eddeo. Curtem rock, tatuagens, fazer cerveja artesanal, churrasco e receber parentes e amigos. As meninas s\u00e3o parceiras em tudo, tanto que n\u00e3o quiseram dormir em quartos separados. Tem dois cachorrinhos o Zeca, um yorkshire e a Ant\u00f4nia, uma vira-lata adotada\u201d, conta a arquiteta Priscila Tressino.<\/p>\n<figure id=\"attachment_11508\" aria-describedby=\"caption-attachment-11508\" style=\"width: 255px\" class=\"wp-caption alignright\"><img loading=\"lazy\" decoding=\"async\" class=\" wp-image-11508\" src=\"https:\/\/www.jornaldaconstrucaocivil.com.br\/wp-content\/uploads\/2019\/04\/SALA-300x200.jpg\" alt=\"\" width=\"255\" height=\"170\" srcset=\"https:\/\/construcaocivil.siriusmarketingedesign.com.br\/wp-content\/uploads\/2019\/04\/SALA-300x200.jpg 300w, https:\/\/construcaocivil.siriusmarketingedesign.com.br\/wp-content\/uploads\/2019\/04\/SALA-450x300.jpg 450w, https:\/\/construcaocivil.siriusmarketingedesign.com.br\/wp-content\/uploads\/2019\/04\/SALA.jpg 566w\" sizes=\"auto, (max-width: 255px) 100vw, 255px\" \/><figcaption id=\"caption-attachment-11508\" class=\"wp-caption-text\"><span style=\"color: #800000;\">Sala decorada com Grafite. Divulga\u00e7\u00e3o<\/span><\/figcaption><\/figure>\n<p style=\"font-weight: 400; text-align: justify;\">De acordo com a profissional, a casa tinha seus ambientes bem demarcados e divididos com paredes de alvenaria. Sendo assim, a parte de destaque da reforma foi a demoli\u00e7\u00e3o das paredes do t\u00e9rreo e total integra\u00e7\u00e3o dos ambientes: sala, jantar e cozinha. Al\u00e9m de que, todos os ambientes receberam forro de gesso para equilibrar as alturas do p\u00e9 direito e tamb\u00e9m instalar a nova ilumina\u00e7\u00e3o embutida.<\/p>\n<p style=\"font-weight: 400; text-align: justify;\">Chegando \u00e0 um dos itens de destaque na reforma, por conta dos gostos da fam\u00edlia, o artista pl\u00e1stico Fernando Reche foi convidado e deixou a sua marca ao fazer um painel que cobre toda a parede da sala com elementos soltos de tudo que os moradores mais gostam.<\/p>\n<p style=\"text-align: justify;\"><span style=\"color: #0000ff;\"><em>\u201cA cabeceira no quarto das irm\u00e3s foi uma surpresa para as meninas. Ali\u00e1s, toda a reforma! Elas pensavam que iriam s\u00f3 pintar e trocar alguns revestimentos. N\u00e3o contavam com uma casa totalmente diferente da que elas j\u00e1 conheciam\u201d, <span style=\"color: #000000;\">revela a arquiteta.<\/span><\/em><\/span><\/p>\n<figure id=\"attachment_11507\" aria-describedby=\"caption-attachment-11507\" style=\"width: 266px\" class=\"wp-caption alignleft\"><img loading=\"lazy\" decoding=\"async\" class=\" wp-image-11507\" src=\"https:\/\/www.jornaldaconstrucaocivil.com.br\/wp-content\/uploads\/2019\/04\/GRAFITE-III-300x200.jpg\" alt=\"\" width=\"266\" height=\"177\" srcset=\"https:\/\/construcaocivil.siriusmarketingedesign.com.br\/wp-content\/uploads\/2019\/04\/GRAFITE-III-300x200.jpg 300w, https:\/\/construcaocivil.siriusmarketingedesign.com.br\/wp-content\/uploads\/2019\/04\/GRAFITE-III-768x513.jpg 768w, https:\/\/construcaocivil.siriusmarketingedesign.com.br\/wp-content\/uploads\/2019\/04\/GRAFITE-III-450x300.jpg 450w, https:\/\/construcaocivil.siriusmarketingedesign.com.br\/wp-content\/uploads\/2019\/04\/GRAFITE-III.jpg 939w\" sizes=\"auto, (max-width: 266px) 100vw, 266px\" \/><figcaption id=\"caption-attachment-11507\" class=\"wp-caption-text\"><span style=\"color: #800000;\">Grafite na decora\u00e7\u00e3o do quarto. Divulga\u00e7\u00e3o<\/span><\/figcaption><\/figure>\n<p style=\"font-weight: 400; text-align: justify;\">As cores do projeto foram adotadas por seu estilo urbano, j\u00e1 os pisos e revestimentos v\u00e3o desde porcelanato e vinifico \u00e0 papeis de parede e 3D, al\u00e9m de propriamente os grafites realizados pelo artista.<\/p>\n<p style=\"font-weight: 400; text-align: justify;\">Em quest\u00e3o da ilumina\u00e7\u00e3o, o forro de gesso possibilitou a cria\u00e7\u00e3o de um projeto mais interessante para sala e cozinha. \u201cDemos destaque para o lustre do jantar, que se remete a um \u00e1tomo, como eles s\u00e3o muito interessados em assuntos de ci\u00eancia e f\u00e3s de The Big Bang Theory. No balc\u00e3o da cozinha um jogo de pendentes assim\u00e9tricos acrescenta luz com estilo. Como a sala n\u00e3o tem TV, s\u00f3 o tel\u00e3o retr\u00e1til com projetor, toda ilumina\u00e7\u00e3o ficou embutida para n\u00e3o interferir nas imagens\u201d, finaliza Priscila.<\/p>\n<p>Fonte: Imprensa\/\u00a0PB Arquitetura<\/p>\n<p>\u00a0<\/p>\n","protected":false},"excerpt":{"rendered":"","protected":false},"author":1,"featured_media":11509,"comment_status":"open","ping_status":"open","sticky":false,"template":"","format":"standard","meta":{"_uag_custom_page_level_css":"","footnotes":""},"categories":[28],"tags":[15711,15714,15710,15713,15715,15709,15712,14261,15716,10638,10679],"class_list":["post-11505","post","type-post","status-publish","format-standard","has-post-thumbnail","hentry","category-arquitetura","tag-arquitetura-decoracao","tag-casa-ambiente-grafitado-e-jovem","tag-casa-e-decoracao-grafite-ganha-destaque","tag-decoracao-com-novo-conceito","tag-decoracao-e-desenhos-no-designer","tag-grafite-na-decoracao-de-casa","tag-grafite-no-quarto-e-sala","tag-pb-arquitetura","tag-projetos-de-decoracao-e-designer","tag-sao-bernardo-do-campo-sp","tag-sao-paulo-sp"],"blocksy_meta":[],"spectra_blocks_featured_image_url":{"thumbnail":{"url":"https:\/\/construcaocivil.siriusmarketingedesign.com.br\/wp-content\/uploads\/2019\/04\/GRAFITE-150x150.jpg","width":150,"height":150},"medium":{"url":"https:\/\/construcaocivil.siriusmarketingedesign.com.br\/wp-content\/uploads\/2019\/04\/GRAFITE-300x200.jpg","width":300,"height":200},"medium_large":{"url":"https:\/\/construcaocivil.siriusmarketingedesign.com.br\/wp-content\/uploads\/2019\/04\/GRAFITE-768x513.jpg","width":768,"height":513},"large":{"url":"https:\/\/construcaocivil.siriusmarketingedesign.com.br\/wp-content\/uploads\/2019\/04\/GRAFITE.jpg","width":939,"height":627},"full":{"url":"https:\/\/construcaocivil.siriusmarketingedesign.com.br\/wp-content\/uploads\/2019\/04\/GRAFITE.jpg","width":939,"height":627}},"spectra_blocks_author_info":{"display_name":"Jornal da Constru\u00e7\u00e3o Civil","avatar_url":"https:\/\/secure.gravatar.com\/avatar\/973c9774fd44ddaceb026973c4962faa70fc512bc4c9da68e8ebb40fecee6540?s=96&d=mm&r=g","author_link":"https:\/\/construcaocivil.siriusmarketingedesign.com.br\/?author=1","description":"Desde de 2013, levando muitas informa\u00e7\u00f5es, lan\u00e7amentos e produtos de qualidade para toda cadeia produtiva da constru\u00e7\u00e3o. O Futuro da constru\u00e7\u00e3o passa por aqui,"},"uagb_featured_image_src":{"full":["https:\/\/construcaocivil.siriusmarketingedesign.com.br\/wp-content\/uploads\/2019\/04\/GRAFITE.jpg",939,627,false],"thumbnail":["https:\/\/construcaocivil.siriusmarketingedesign.com.br\/wp-content\/uploads\/2019\/04\/GRAFITE-150x150.jpg",150,150,true],"medium":["https:\/\/construcaocivil.siriusmarketingedesign.com.br\/wp-content\/uploads\/2019\/04\/GRAFITE-300x200.jpg",300,200,true],"medium_large":["https:\/\/construcaocivil.siriusmarketingedesign.com.br\/wp-content\/uploads\/2019\/04\/GRAFITE-768x513.jpg",768,513,true],"large":["https:\/\/construcaocivil.siriusmarketingedesign.com.br\/wp-content\/uploads\/2019\/04\/GRAFITE.jpg",939,627,false],"1536x1536":["https:\/\/construcaocivil.siriusmarketingedesign.com.br\/wp-content\/uploads\/2019\/04\/GRAFITE.jpg",939,627,false],"2048x2048":["https:\/\/construcaocivil.siriusmarketingedesign.com.br\/wp-content\/uploads\/2019\/04\/GRAFITE.jpg",939,627,false]},"uagb_author_info":{"display_name":"Jornal da Constru\u00e7\u00e3o Civil","author_link":"https:\/\/construcaocivil.siriusmarketingedesign.com.br\/?author=1"},"uagb_comment_info":0,"uagb_excerpt":null,"_links":{"self":[{"href":"https:\/\/construcaocivil.siriusmarketingedesign.com.br\/index.php?rest_route=\/wp\/v2\/posts\/11505","targetHints":{"allow":["GET"]}}],"collection":[{"href":"https:\/\/construcaocivil.siriusmarketingedesign.com.br\/index.php?rest_route=\/wp\/v2\/posts"}],"about":[{"href":"https:\/\/construcaocivil.siriusmarketingedesign.com.br\/index.php?rest_route=\/wp\/v2\/types\/post"}],"author":[{"embeddable":true,"href":"https:\/\/construcaocivil.siriusmarketingedesign.com.br\/index.php?rest_route=\/wp\/v2\/users\/1"}],"replies":[{"embeddable":true,"href":"https:\/\/construcaocivil.siriusmarketingedesign.com.br\/index.php?rest_route=%2Fwp%2Fv2%2Fcomments&post=11505"}],"version-history":[{"count":0,"href":"https:\/\/construcaocivil.siriusmarketingedesign.com.br\/index.php?rest_route=\/wp\/v2\/posts\/11505\/revisions"}],"wp:featuredmedia":[{"embeddable":true,"href":"https:\/\/construcaocivil.siriusmarketingedesign.com.br\/index.php?rest_route=\/wp\/v2\/media\/11509"}],"wp:attachment":[{"href":"https:\/\/construcaocivil.siriusmarketingedesign.com.br\/index.php?rest_route=%2Fwp%2Fv2%2Fmedia&parent=11505"}],"wp:term":[{"taxonomy":"category","embeddable":true,"href":"https:\/\/construcaocivil.siriusmarketingedesign.com.br\/index.php?rest_route=%2Fwp%2Fv2%2Fcategories&post=11505"},{"taxonomy":"post_tag","embeddable":true,"href":"https:\/\/construcaocivil.siriusmarketingedesign.com.br\/index.php?rest_route=%2Fwp%2Fv2%2Ftags&post=11505"}],"curies":[{"name":"wp","href":"https:\/\/api.w.org\/{rel}","templated":true}]}}