{"id":11546,"date":"2019-04-18T11:12:40","date_gmt":"2019-04-18T14:12:40","guid":{"rendered":"https:\/\/www.jornaldaconstrucaocivil.com.br\/?p=11546"},"modified":"2019-04-18T11:19:14","modified_gmt":"2019-04-18T14:19:14","slug":"canpat-985-resgatados-de-condicoes-analogas-as-de-escravo-ja-sofreram-acidente-de-trabalho","status":"publish","type":"post","link":"https:\/\/construcaocivil.siriusmarketingedesign.com.br\/?p=11546","title":{"rendered":"Canpat: 985 resgatados de condi\u00e7\u00f5es an\u00e1logas \u00e0s de escravo j\u00e1 sofreram acidente de trabalho"},"content":{"rendered":"\n<p style=\"text-align: justify;\" align=\"center\"><i>\u00c9 o que demonstra pesquisa realizada a partir do cruzamento de dados de Comunica\u00e7\u00f5es de Acidentes de Trabalho (CATs) com a base de seguro-desemprego concedido a resgatados de 2004 at\u00e9 agora<\/i><\/p>\n<p style=\"text-align: justify;\"><span style=\"color: #993300;\">Abril, 2019<\/span> &#8211; Uma pesquisa realizada pela Subsecretaria de Inspe\u00e7\u00e3o do Trabalho (SIT) do Minist\u00e9rio da Economia com benefici\u00e1rios do Seguro-Desemprego Especial, pago a resgatados do trabalho escravo de 2004 at\u00e9 agora, mostra que 985 desses trabalhadores j\u00e1 sofreram algum acidente de trabalho. Nos acidentes de trajeto (ida para o trabalho ou retorno) foram detectados acidentes que resultaram em duas mortes.<\/p>\n<p style=\"text-align: justify;\">O n\u00famero, por\u00e9m, de acordo com o chefe da Divis\u00e3o de Fiscaliza\u00e7\u00e3o do Trabalho Escravo, Maur\u00edcio Krepsky, pode ser muito maior, \u201cem raz\u00e3o da subnotifica\u00e7\u00e3o dos acidentes ocorridos em situa\u00e7\u00f5es de informalidade na rela\u00e7\u00e3o de emprego, como \u00e9 a grande maioria dos casos dos resgatados do trabalho an\u00e1logo ao de escravo\u201d.<\/p>\n<p style=\"text-align: justify;\">Os trabalhadores s\u00e3o resgatados pela fiscaliza\u00e7\u00e3o quando encontrados em situa\u00e7\u00e3o degradante de trabalho, trabalho for\u00e7ado, jornada exaustiva ou servid\u00e3o por d\u00edvida, caracterizando trabalhado an\u00e1logo ao de escravo, e t\u00eam direito, nessa situa\u00e7\u00e3o, a tr\u00eas parcelas do Seguro-Desemprego Especial.<\/p>\n<p style=\"text-align: justify;\">Os estados onde mais ocorreram acidentes<b>\u00a0<\/b>com trabalhadores resgatados foram S\u00e3o Paulo, Par\u00e1 e Goi\u00e1s. A maioria dos acidentados s\u00e3o homens entre 18 e 24 anos, com escolaridade at\u00e9 o quinto ano do ensino fundamental.<\/p>\n<p style=\"text-align: justify;\"><b>Canpat<\/b>\u00a0&#8211; A pesquisa, realizada pela Coordena\u00e7\u00e3o Geral de Fiscaliza\u00e7\u00e3o do Trabalho (CGFIT) da SIT, a partir de cruzamento de dados de Comunica\u00e7\u00f5es de Acidentes de Trabalho (CATs) com a base de seguro-desemprego concedido a trabalhadores resgatados de condi\u00e7\u00f5es an\u00e1logas \u00e0s de escravo no per\u00edodo, \u00e9 uma das a\u00e7\u00f5es que fazem parte da Campanha Nacional de Preven\u00e7\u00e3o de Acidentes de Trabalho (Canpat) 2019, promovida pela Secretaria Especial de Previd\u00eancia e Trabalho do Minist\u00e9rio da Economia.<\/p>\n<p style=\"text-align: justify;\">Segundo o\u00a0coordenador da campanha, o auditor-fiscal do Trabalho\u00a0Jos\u00e9 Almeida Martins de Jesus Junior,\u00a0acidentes e doen\u00e7as do trabalho envolvendo resgatados refletem o grave problema enfrentado pelo pa\u00eds em rela\u00e7\u00e3o \u00e0 seguran\u00e7a e sa\u00fade de seus trabalhadores, que atinge ainda mais aqueles com baixo grau de escolaridade e que de algum modo encontram-se em situa\u00e7\u00e3o de vulnerabilidade social. \u201cAnualmente ocorrem, em m\u00e9dia, 611 mil acidentes do trabalho, com 14 mil incapacita\u00e7\u00f5es permanentes e 2.300 mortes\u201d, diz Almeida. \u201cAcidentes e doen\u00e7as do trabalho, al\u00e9m da trag\u00e9dia pessoal daqueles que s\u00e3o diretamente afetados, causam perdas estimadas pela OIT [Organiza\u00e7\u00e3o Internacional do Trabalho] em 4% do PIB mundial, o que pode implicar valores acima de R$ 200 bilh\u00f5es por ano ao Brasil\u201d, acrescenta.<\/p>\n<p style=\"text-align: justify;\">Lan\u00e7ada em 3 de abril, a\u00a0Canpat 2019 tem como tema \u201cGest\u00e3o de Riscos Ocupacionais: o Brasil contra acidentes e doen\u00e7as no trabalho\u201d e sua finalidade \u00e9 contribuir para a conscientiza\u00e7\u00e3o da sociedade sobre a import\u00e2ncia da preven\u00e7\u00e3o de acidentes e doen\u00e7as que vitimam os trabalhadores.<\/p>\n<p style=\"font-weight: 400; text-align: justify;\">O secret\u00e1rio de Trabalho do Minist\u00e9rio da Economia, Bruno Dalcolmo, destaca que a proposta de trabalho da campanha est\u00e1 focada em quatro grandes \u00e1reas: atua\u00e7\u00e3o preventiva, simplifica\u00e7\u00e3o das Normas Regulamentadoras (NRs) de Seguran\u00e7a e Sa\u00fade no Trabalho, otimiza\u00e7\u00e3o da atua\u00e7\u00e3o da fiscaliza\u00e7\u00e3o com tecnologia e reestrutura\u00e7\u00e3o da Fundacentro, \u00f3rg\u00e3o fundamental na constru\u00e7\u00e3o da cultura de preven\u00e7\u00e3o e na garantia da seguran\u00e7a e sa\u00fade dos trabalhadores.<\/p>\n<p style=\"font-weight: 400; text-align: justify;\">Os dados referentes \u00e0s a\u00e7\u00f5es de preven\u00e7\u00e3o de acidentes e doen\u00e7as do trabalho e de combate ao trabalho escravo no Brasil podem ser acessados pelo Radar da Inspe\u00e7\u00e3o do Trabalho no endere\u00e7o<span style=\"color: #666699;\">\u00a0<a style=\"color: #666699;\" href=\"https:\/\/sit.trabalho.gov.br\/ra\">https:\/\/sit.trabalho.gov.br\/radar\/<\/a>.<\/span><\/p>\n<p>Fonte: Imprensa\/ MTE<\/p>\n","protected":false},"excerpt":{"rendered":"","protected":false},"author":1,"featured_media":10078,"comment_status":"open","ping_status":"open","sticky":false,"template":"","format":"standard","meta":{"_uag_custom_page_level_css":"","footnotes":""},"categories":[27],"tags":[15797,390,1569,15799,14985,15795,15800,15796,15798,15801,15794],"class_list":["post-11546","post","type-post","status-publish","format-standard","has-post-thumbnail","hentry","category-acontece","tag-985-resgatados-de-condicoes-analogas","tag-acidentes-de-trabalho","tag-brasilia","tag-campanha-nacional-de-prevencao-de-acidentes-de-trabalho-canpat","tag-ministerio-da-economia","tag-mte-canpat","tag-oit-organizacao-internacional-do-trabalho","tag-regioes-norte-e-centro-oeste","tag-seguro-desemprego-especial","tag-trabalhadores-em-situacao-de-risco","tag-trabalho-escravo-no-brasil"],"blocksy_meta":[],"spectra_blocks_featured_image_url":{"thumbnail":{"url":"https:\/\/construcaocivil.siriusmarketingedesign.com.br\/wp-content\/uploads\/2018\/08\/ESCRAVO-III-150x150.jpg","width":150,"height":150},"medium":{"url":"https:\/\/construcaocivil.siriusmarketingedesign.com.br\/wp-content\/uploads\/2018\/08\/ESCRAVO-III-300x225.jpg","width":300,"height":225},"medium_large":{"url":"https:\/\/construcaocivil.siriusmarketingedesign.com.br\/wp-content\/uploads\/2018\/08\/ESCRAVO-III-768x576.jpg","width":768,"height":576},"large":{"url":"https:\/\/construcaocivil.siriusmarketingedesign.com.br\/wp-content\/uploads\/2018\/08\/ESCRAVO-III-1024x768.jpg","width":1024,"height":768},"full":{"url":"https:\/\/construcaocivil.siriusmarketingedesign.com.br\/wp-content\/uploads\/2018\/08\/ESCRAVO-III-e1535048294784.jpg","width":900,"height":675}},"spectra_blocks_author_info":{"display_name":"Jornal da Constru\u00e7\u00e3o Civil","avatar_url":"https:\/\/secure.gravatar.com\/avatar\/973c9774fd44ddaceb026973c4962faa70fc512bc4c9da68e8ebb40fecee6540?s=96&d=mm&r=g","author_link":"https:\/\/construcaocivil.siriusmarketingedesign.com.br\/?author=1","description":"Desde de 2013, levando muitas informa\u00e7\u00f5es, lan\u00e7amentos e produtos de qualidade para toda cadeia produtiva da constru\u00e7\u00e3o. O Futuro da constru\u00e7\u00e3o passa por aqui,"},"uagb_featured_image_src":{"full":["https:\/\/construcaocivil.siriusmarketingedesign.com.br\/wp-content\/uploads\/2018\/08\/ESCRAVO-III-e1535048294784.jpg",900,675,false],"thumbnail":["https:\/\/construcaocivil.siriusmarketingedesign.com.br\/wp-content\/uploads\/2018\/08\/ESCRAVO-III-150x150.jpg",150,150,true],"medium":["https:\/\/construcaocivil.siriusmarketingedesign.com.br\/wp-content\/uploads\/2018\/08\/ESCRAVO-III-300x225.jpg",300,225,true],"medium_large":["https:\/\/construcaocivil.siriusmarketingedesign.com.br\/wp-content\/uploads\/2018\/08\/ESCRAVO-III-768x576.jpg",768,576,true],"large":["https:\/\/construcaocivil.siriusmarketingedesign.com.br\/wp-content\/uploads\/2018\/08\/ESCRAVO-III-1024x768.jpg",1024,768,true],"1536x1536":["https:\/\/construcaocivil.siriusmarketingedesign.com.br\/wp-content\/uploads\/2018\/08\/ESCRAVO-III-e1535048294784.jpg",900,675,false],"2048x2048":["https:\/\/construcaocivil.siriusmarketingedesign.com.br\/wp-content\/uploads\/2018\/08\/ESCRAVO-III-e1535048294784.jpg",900,675,false]},"uagb_author_info":{"display_name":"Jornal da Constru\u00e7\u00e3o Civil","author_link":"https:\/\/construcaocivil.siriusmarketingedesign.com.br\/?author=1"},"uagb_comment_info":0,"uagb_excerpt":null,"_links":{"self":[{"href":"https:\/\/construcaocivil.siriusmarketingedesign.com.br\/index.php?rest_route=\/wp\/v2\/posts\/11546","targetHints":{"allow":["GET"]}}],"collection":[{"href":"https:\/\/construcaocivil.siriusmarketingedesign.com.br\/index.php?rest_route=\/wp\/v2\/posts"}],"about":[{"href":"https:\/\/construcaocivil.siriusmarketingedesign.com.br\/index.php?rest_route=\/wp\/v2\/types\/post"}],"author":[{"embeddable":true,"href":"https:\/\/construcaocivil.siriusmarketingedesign.com.br\/index.php?rest_route=\/wp\/v2\/users\/1"}],"replies":[{"embeddable":true,"href":"https:\/\/construcaocivil.siriusmarketingedesign.com.br\/index.php?rest_route=%2Fwp%2Fv2%2Fcomments&post=11546"}],"version-history":[{"count":0,"href":"https:\/\/construcaocivil.siriusmarketingedesign.com.br\/index.php?rest_route=\/wp\/v2\/posts\/11546\/revisions"}],"wp:featuredmedia":[{"embeddable":true,"href":"https:\/\/construcaocivil.siriusmarketingedesign.com.br\/index.php?rest_route=\/wp\/v2\/media\/10078"}],"wp:attachment":[{"href":"https:\/\/construcaocivil.siriusmarketingedesign.com.br\/index.php?rest_route=%2Fwp%2Fv2%2Fmedia&parent=11546"}],"wp:term":[{"taxonomy":"category","embeddable":true,"href":"https:\/\/construcaocivil.siriusmarketingedesign.com.br\/index.php?rest_route=%2Fwp%2Fv2%2Fcategories&post=11546"},{"taxonomy":"post_tag","embeddable":true,"href":"https:\/\/construcaocivil.siriusmarketingedesign.com.br\/index.php?rest_route=%2Fwp%2Fv2%2Ftags&post=11546"}],"curies":[{"name":"wp","href":"https:\/\/api.w.org\/{rel}","templated":true}]}}