{"id":11557,"date":"2019-04-18T13:05:28","date_gmt":"2019-04-18T16:05:28","guid":{"rendered":"https:\/\/www.jornaldaconstrucaocivil.com.br\/?p=11557"},"modified":"2019-04-18T13:11:18","modified_gmt":"2019-04-18T16:11:18","slug":"webserie-informa-sobre-as-caracteristicas-e-alerta-sobre-ameacas-para-a-conservacao-de-papagaios-no-brasil","status":"publish","type":"post","link":"https:\/\/construcaocivil.siriusmarketingedesign.com.br\/?p=11557","title":{"rendered":"Webs\u00e9rie informa sobre as caracter\u00edsticas e alerta sobre amea\u00e7as para a conserva\u00e7\u00e3o de papagaios no Brasil"},"content":{"rendered":"\n<p style=\"text-align: justify;\"><em>Iniciativa faz parte da programa\u00e7\u00e3o da <span style=\"color: #0000ff;\">\u201cSemana de Estudos para a Prote\u00e7\u00e3o dos Papagaios e demais Psitac\u00eddeos Brasileiros\u201d<\/span><\/em><\/p>\n<p style=\"text-align: justify;\"><span style=\"color: #993300;\">Abril, 2019<\/span> &#8211; Entre os dias 14 e 20 de abril, acontece a \u201cSemana de Estudos para a Prote\u00e7\u00e3o dos Papagaios e demais Psitac\u00eddeos Brasileiros\u201d, data que foi criada pela Secretaria de Biodiversidades dos Minist\u00e9rio do Meio Ambiente (MMA) em 2018 com o objetivo de informar e sensibilizar sobre a import\u00e2ncia de manter essas aves na natureza.<\/p>\n<p style=\"text-align: justify;\">Pensando nisso, o Programa Papagaios do Brasil lan\u00e7a na pr\u00f3xima segunda-feira (15) o primeiro epis\u00f3dio de uma webs\u00e9rie que falar\u00e1 sobre as caracter\u00edsticas das esp\u00e9cies, amea\u00e7as e a\u00e7\u00f5es de conserva\u00e7\u00e3o que s\u00e3o empregadas pelo Programa e pelos projetos que executam e auxiliam nas a\u00e7\u00f5es de conserva\u00e7\u00e3o de seis esp\u00e9cies de papagaios: papagaio-verdadeiro<em>(Amazona aestiva)<\/em>; papagaio-char\u00e3o\u00a0<em>(Amazona pretei)<\/em>, papagaio-de-peito-roxo\u00a0<em>(Amazona vinacea)<\/em>, papagaio-de-cara-roxa\u00a0<em>(Amazona brasiliensis)<\/em>, papagaio-chau\u00e1\u00a0<em>(Amazona rhodocorytha)<\/em>, papagaio-moleiro\u00a0<em>(Amazona farionosa)<\/em>. Ao todo, a produ\u00e7\u00e3o audiovisual contar\u00e1 com oito epis\u00f3dios, que ser\u00e3o lan\u00e7ados sempre \u00e0s segundas-feiras pelo site<span style=\"color: #0000ff;\"> <a style=\"color: #0000ff;\" href=\"http:\/\/www.papagaiosdobrasil.com.br\/\" target=\"_blank\" rel=\"noopener noreferrer\" data-saferedirecturl=\"https:\/\/www.google.com\/url?q=http:\/\/www.papagaiosdobrasil.com.br\/&amp;source=gmail&amp;ust=1555688981861000&amp;usg=AFQjCNFyj3uPU5MvTIAY_Hmy8El9phbdLQ\">www.papagaiosdobrasil.com.br<\/a><\/span>\u00a0e pelas redes sociais.<\/p>\n<p style=\"text-align: justify;\">Os principais desafios para a conserva\u00e7\u00e3o destas esp\u00e9cies \u00e9 o combate ao tr\u00e1fico de papagaios, a prote\u00e7\u00e3o de \u00e1reas naturais e a conscientiza\u00e7\u00e3o da popula\u00e7\u00e3o. Infelizmente, com a ajuda da internet, a venda desses animais est\u00e1 ficando cada vez mais f\u00e1cil. Um estudo realizado pela BTB Data, uma ag\u00eancia de an\u00e1lise de dados de S\u00e3o Paulo, rastreou mais de 28 mil publica\u00e7\u00f5es de venda de animais silvestres na \u201cweb legal\u201d, o equivalente a 55% dos an\u00fancios, que estavam dispon\u00edveis em redes sociais ou sites de com\u00e9rcio eletr\u00f4nico. As aves correspondem a 80% dos animais contrabandeados no Brasil.<\/p>\n<p style=\"text-align: justify;\">Al\u00e9m disso, o\u00a0<a href=\"http:\/\/www.papagaiosdobrasil.com.br\/\" target=\"_blank\" rel=\"noopener noreferrer\" data-saferedirecturl=\"https:\/\/www.google.com\/url?q=http:\/\/www.papagaiosdobrasil.com.br\/&amp;source=gmail&amp;ust=1555688981861000&amp;usg=AFQjCNFyj3uPU5MvTIAY_Hmy8El9phbdLQ\">blog<\/a>\u00a0do Programa Papagaios do Brasil \u00e9 mais uma a\u00e7\u00e3o programada para a Semana e focar\u00e1 em conte\u00fado informativo sobre o combate ao tr\u00e1fico de animais. \u201cGrande parte desses animais s\u00e3o comprados como \u2018animais dom\u00e9sticos\u2019, ent\u00e3o sabemos que o combate ao tr\u00e1fico passa pela conscientiza\u00e7\u00e3o da popula\u00e7\u00e3o. Por isso, decidimos investir nossos esfor\u00e7os nas plataformas digitais e em a\u00e7\u00f5es de comunica\u00e7\u00e3o\u201d, explica Rafael Sezerban, t\u00e9cnico em conserva\u00e7\u00e3o da natureza da SPVS.<\/p>\n<p style=\"text-align: justify;\">O Programa Papagaios do Brasil \u00e9 uma iniciativa da Sociedade de Pesquisa em Vida Selvagem e Educa\u00e7\u00e3o Ambiental (SPVS) alinhada ao Plano de A\u00e7\u00e3o Nacional (PAN) para Conserva\u00e7\u00e3o dos Papagaios, do Instituto Chico Mendes de Conserva\u00e7\u00e3o da Biodiversidade (ICMBio), em parceria com o Centro Nacional de Pesquisa e Conserva\u00e7\u00e3o de Aves Silvestres (Cemave), Funda\u00e7\u00e3o Neotr\u00f3pica do Brasil, Associa\u00e7\u00e3o Amigos do Meio Ambiente (AMA) e Parque das Aves, com apoio da Funda\u00e7\u00e3o Grupo Botic\u00e1rio de Prote\u00e7\u00e3o \u00e0 Natureza.<\/p>\n<p>Fonte: Imprensa\/ Sociedade de Pesquisa em Vida Selvagem e Educa\u00e7\u00e3o Ambiental (SPVS)<\/p>\n","protected":false},"excerpt":{"rendered":"","protected":false},"author":1,"featured_media":11558,"comment_status":"open","ping_status":"open","sticky":false,"template":"","format":"standard","meta":{"_uag_custom_page_level_css":"","footnotes":""},"categories":[37],"tags":[15832,15836,15831,5838,6210,7438,15833,15835,15834,15829,15830],"class_list":["post-11557","post","type-post","status-publish","format-standard","has-post-thumbnail","hentry","category-sustentabilidade","tag-animais-vida-silvestre","tag-biodiversidade-semana-das-aves","tag-fundacao-grupo-boticario-de-protecao-a-natureza","tag-ibama","tag-instituto-chico-mendes-de-conservacao-da-biodiversidade-icmbio","tag-meio-ambiente","tag-parana-e-regiao","tag-parque-das-aves","tag-programa-papagaios-do-brasil","tag-semana-de-estudos-para-a-protecao-dos-papagaios","tag-vida-animal-protecao-dos-papagaios"],"blocksy_meta":[],"spectra_blocks_featured_image_url":{"thumbnail":{"url":"https:\/\/construcaocivil.siriusmarketingedesign.com.br\/wp-content\/uploads\/2019\/04\/PAPAGAIO-150x150.jpg","width":150,"height":150},"medium":{"url":"https:\/\/construcaocivil.siriusmarketingedesign.com.br\/wp-content\/uploads\/2019\/04\/PAPAGAIO-300x198.jpg","width":300,"height":198},"medium_large":{"url":"https:\/\/construcaocivil.siriusmarketingedesign.com.br\/wp-content\/uploads\/2019\/04\/PAPAGAIO-768x506.jpg","width":768,"height":506},"large":{"url":"https:\/\/construcaocivil.siriusmarketingedesign.com.br\/wp-content\/uploads\/2019\/04\/PAPAGAIO-1024x675.jpg","width":1024,"height":675},"full":{"url":"https:\/\/construcaocivil.siriusmarketingedesign.com.br\/wp-content\/uploads\/2019\/04\/PAPAGAIO.jpg","width":2000,"height":1318}},"spectra_blocks_author_info":{"display_name":"Jornal da Constru\u00e7\u00e3o Civil","avatar_url":"https:\/\/secure.gravatar.com\/avatar\/973c9774fd44ddaceb026973c4962faa70fc512bc4c9da68e8ebb40fecee6540?s=96&d=mm&r=g","author_link":"https:\/\/construcaocivil.siriusmarketingedesign.com.br\/?author=1","description":"Desde de 2013, levando muitas informa\u00e7\u00f5es, lan\u00e7amentos e produtos de qualidade para toda cadeia produtiva da constru\u00e7\u00e3o. O Futuro da constru\u00e7\u00e3o passa por aqui,"},"uagb_featured_image_src":{"full":["https:\/\/construcaocivil.siriusmarketingedesign.com.br\/wp-content\/uploads\/2019\/04\/PAPAGAIO.jpg",2000,1318,false],"thumbnail":["https:\/\/construcaocivil.siriusmarketingedesign.com.br\/wp-content\/uploads\/2019\/04\/PAPAGAIO-150x150.jpg",150,150,true],"medium":["https:\/\/construcaocivil.siriusmarketingedesign.com.br\/wp-content\/uploads\/2019\/04\/PAPAGAIO-300x198.jpg",300,198,true],"medium_large":["https:\/\/construcaocivil.siriusmarketingedesign.com.br\/wp-content\/uploads\/2019\/04\/PAPAGAIO-768x506.jpg",768,506,true],"large":["https:\/\/construcaocivil.siriusmarketingedesign.com.br\/wp-content\/uploads\/2019\/04\/PAPAGAIO-1024x675.jpg",1024,675,true],"1536x1536":["https:\/\/construcaocivil.siriusmarketingedesign.com.br\/wp-content\/uploads\/2019\/04\/PAPAGAIO.jpg",1536,1012,false],"2048x2048":["https:\/\/construcaocivil.siriusmarketingedesign.com.br\/wp-content\/uploads\/2019\/04\/PAPAGAIO.jpg",2000,1318,false]},"uagb_author_info":{"display_name":"Jornal da Constru\u00e7\u00e3o Civil","author_link":"https:\/\/construcaocivil.siriusmarketingedesign.com.br\/?author=1"},"uagb_comment_info":0,"uagb_excerpt":null,"_links":{"self":[{"href":"https:\/\/construcaocivil.siriusmarketingedesign.com.br\/index.php?rest_route=\/wp\/v2\/posts\/11557","targetHints":{"allow":["GET"]}}],"collection":[{"href":"https:\/\/construcaocivil.siriusmarketingedesign.com.br\/index.php?rest_route=\/wp\/v2\/posts"}],"about":[{"href":"https:\/\/construcaocivil.siriusmarketingedesign.com.br\/index.php?rest_route=\/wp\/v2\/types\/post"}],"author":[{"embeddable":true,"href":"https:\/\/construcaocivil.siriusmarketingedesign.com.br\/index.php?rest_route=\/wp\/v2\/users\/1"}],"replies":[{"embeddable":true,"href":"https:\/\/construcaocivil.siriusmarketingedesign.com.br\/index.php?rest_route=%2Fwp%2Fv2%2Fcomments&post=11557"}],"version-history":[{"count":0,"href":"https:\/\/construcaocivil.siriusmarketingedesign.com.br\/index.php?rest_route=\/wp\/v2\/posts\/11557\/revisions"}],"wp:featuredmedia":[{"embeddable":true,"href":"https:\/\/construcaocivil.siriusmarketingedesign.com.br\/index.php?rest_route=\/wp\/v2\/media\/11558"}],"wp:attachment":[{"href":"https:\/\/construcaocivil.siriusmarketingedesign.com.br\/index.php?rest_route=%2Fwp%2Fv2%2Fmedia&parent=11557"}],"wp:term":[{"taxonomy":"category","embeddable":true,"href":"https:\/\/construcaocivil.siriusmarketingedesign.com.br\/index.php?rest_route=%2Fwp%2Fv2%2Fcategories&post=11557"},{"taxonomy":"post_tag","embeddable":true,"href":"https:\/\/construcaocivil.siriusmarketingedesign.com.br\/index.php?rest_route=%2Fwp%2Fv2%2Ftags&post=11557"}],"curies":[{"name":"wp","href":"https:\/\/api.w.org\/{rel}","templated":true}]}}