{"id":11566,"date":"2019-04-22T12:38:00","date_gmt":"2019-04-22T15:38:00","guid":{"rendered":"https:\/\/www.jornaldaconstrucaocivil.com.br\/?p=11566"},"modified":"2019-04-27T11:12:11","modified_gmt":"2019-04-27T14:12:11","slug":"residencial-inovador-e-de-alto-padrao-e-lancado-na-avenida-boa-viagem","status":"publish","type":"post","link":"https:\/\/construcaocivil.siriusmarketingedesign.com.br\/?p=11566","title":{"rendered":"Residencial inovador e de alto padr\u00e3o \u00e9 lan\u00e7ado na Avenida Boa Viagem"},"content":{"rendered":"\n<p style=\"font-weight: 400; text-align: justify;\"><span style=\"color: #003366;\"><strong><em>Com 30 pavimentos, Edif\u00edcio Alberto Ferreira da Costa ter\u00e1 44 unidades e uma cobertura. Oferece duas op\u00e7\u00f5es de planta, com 158m\u00b2 e 322m\u00b2<\/em><\/strong><\/span><\/p>\n<p style=\"font-weight: 400; text-align: justify;\"><span style=\"color: #993300;\">Abril, 2019<\/span> &#8211; O endere\u00e7o mais cobi\u00e7ado do Recife (PE), a Avenida Boa Viagem, vai ganhar novo e aguardado residencial de alto padr\u00e3o. \u00c9 o Edif\u00edcio Alberto Ferreira da Costa, do <strong>Grupo Rio Ave<\/strong>, e que j\u00e1 teve 90% das unidades vendidas, em dez dias de lan\u00e7amento. Ao todo, ser\u00e3o 44 unidades e uma cobertura, distribu\u00eddas em 30 pavimentos. A novidade marca os 50 anos de atua\u00e7\u00e3o do grupo pernambucano no mercado e leva o nome do fundador da Rio Ave.<\/p>\n<figure id=\"attachment_11571\" aria-describedby=\"caption-attachment-11571\" style=\"width: 259px\" class=\"wp-caption alignleft\"><img loading=\"lazy\" decoding=\"async\" class=\" wp-image-11571\" src=\"https:\/\/www.jornaldaconstrucaocivil.com.br\/wp-content\/uploads\/2019\/04\/PRAIA-1-300x153.jpg\" alt=\"\" width=\"259\" height=\"132\" srcset=\"https:\/\/construcaocivil.siriusmarketingedesign.com.br\/wp-content\/uploads\/2019\/04\/PRAIA-1-300x153.jpg 300w, https:\/\/construcaocivil.siriusmarketingedesign.com.br\/wp-content\/uploads\/2019\/04\/PRAIA-1.jpg 630w\" sizes=\"auto, (max-width: 259px) 100vw, 259px\" \/><figcaption id=\"caption-attachment-11571\" class=\"wp-caption-text\"><span style=\"color: #993300;\">Alto Padr\u00e3o na Praia de Boa Viagem- Recife. Divulga\u00e7\u00e3o<\/span><\/figcaption><\/figure>\n<p style=\"font-weight: 400; text-align: justify;\">Localizado na Avenida Boa Viagem, pr\u00f3ximo ao Primeiro Jardim, o empreendimento oferece duas op\u00e7\u00f5es de apartamento &#8211; com 158m\u00b2 e 322m\u00b2 &#8211; e plantas pensadas nos m\u00ednimos detalhes. Como diferencial, traz su\u00edtes \u00e0 beira-mar equipadas com banheira, generosas varandas com deck e hidromassagem, al\u00e9m de espa\u00e7o gourmet e itens de seguran\u00e7a e automa\u00e7\u00e3o. H\u00e1 op\u00e7\u00f5es que variam entre 3 e 4 su\u00edtes, nos projetos com um ou dois apartamentos por andar.<\/p>\n<p style=\"text-align: justify;\">Para oferecer mais conforto, o morador tem disponibilidade de im\u00f3vel com tr\u00eas e quatro garagens, que s\u00e3o mais largas que o tamanho m\u00e9dio com 2,40m, e vagas para recarga de carro el\u00e9trico. \u201cO projeto que rompe com tudo o que j\u00e1 fizemos. \u00c9 arrojado e com a sofistica\u00e7\u00e3o nos acabamentos que \u00e9 padr\u00e3o Rio Ave\u201d, ressalta Alberto Ferreira da Costa J\u00fanior, diretor comercial. Dentro do quesito inova\u00e7\u00e3o, alguns mimos s\u00e3o a entrega dos apartamentos com cabeamento estruturado para dados e voz, tomadas USB, fechadura digital, automa\u00e7\u00e3o luminot\u00e9cnica e para sonoriza\u00e7\u00e3o nos apartamentos.<\/p>\n<figure id=\"attachment_11568\" aria-describedby=\"caption-attachment-11568\" style=\"width: 282px\" class=\"wp-caption alignright\"><img loading=\"lazy\" decoding=\"async\" class=\" wp-image-11568\" src=\"https:\/\/www.jornaldaconstrucaocivil.com.br\/wp-content\/uploads\/2019\/04\/PRAIA-II-300x146.jpg\" alt=\"\" width=\"282\" height=\"137\" srcset=\"https:\/\/construcaocivil.siriusmarketingedesign.com.br\/wp-content\/uploads\/2019\/04\/PRAIA-II-300x146.jpg 300w, https:\/\/construcaocivil.siriusmarketingedesign.com.br\/wp-content\/uploads\/2019\/04\/PRAIA-II.jpg 580w\" sizes=\"auto, (max-width: 282px) 100vw, 282px\" \/><figcaption id=\"caption-attachment-11568\" class=\"wp-caption-text\"><span style=\"color: #993300;\">Bom gosto e sofistica\u00e7\u00e3o na Praia de Boa Viagem. Divulga\u00e7\u00e3o<\/span><\/figcaption><\/figure>\n<p style=\"font-weight: 400; text-align: justify;\"><strong>De crossfit a dep\u00f3sitos individuais<\/strong><\/p>\n<p style=\"font-weight: 400; text-align: justify;\">As \u00e1reas comuns do Alberto Ferreira da Costa tamb\u00e9m trazem novidades como box de crossfit, quintal l\u00fadico, horta org\u00e2nica e circuito pet. Tem ainda espa\u00e7o Kids, terra\u00e7o grill, piscina com borda infinita, spa, sauna, sal\u00e3o de festas modul\u00e1vel, sal\u00e3o gourmet e biciclet\u00e1rio. Tudo decorado e equipado, pronto para uso. A Rio Ave tamb\u00e9m inova disponibilizando dep\u00f3sitos para cada apartamento<strong>&nbsp;<\/strong>\u2013 o que vai ajudar na organiza\u00e7\u00e3o de itens maiores e, ainda, gerador para \u00e1reas internas e comuns, wi-fi e circuito CFTV nas \u00e1reas comuns.<\/p>\n<p style=\"font-weight: 400; text-align: justify;\"><strong>Sustentabilidade<\/strong><\/p>\n<p style=\"font-weight: 400; text-align: justify;\">Entre as iniciativas sustent\u00e1veis est\u00e3o a esta\u00e7\u00e3o para recarga de autom\u00f3veis el\u00e9tricos, espa\u00e7o para descarte seletivo, irriga\u00e7\u00e3o automatizada com reuso de \u00e1gua, esquadrias com perfil e vidro de alta performance lum\u00ednica e t\u00e9rmica, ilumina\u00e7\u00e3o em LED nas \u00e1reas comuns, al\u00e9m de garagem com piso em pintura ep\u00f3xi, que apresenta alta resist\u00eancia \u00e0 umidade e produtos qu\u00edmicos, alta durabilidade e facilidade na limpeza e manuten\u00e7\u00e3o.<\/p>\n<p style=\"font-weight: 400; text-align: justify;\"><span style=\"color: #ff0000;\">#<u>Conhe\u00e7a mais detalhes dos dois tipos de apartamentos<\/u>:<\/span><\/p>\n<p style=\"font-weight: 400; text-align: justify;\"><span style=\"color: #0000ff;\"><strong>Apartamento com 158m\u00b2<\/strong><\/span><\/p>\n<p style=\"font-weight: 400; text-align: justify;\">3 su\u00edtes<\/p>\n<p style=\"font-weight: 400; text-align: justify;\">su\u00edte master \u00e0 beira-mar com closet e banheira<\/p>\n<p style=\"font-weight: 400; text-align: justify;\">3 vagas de garagem<\/p>\n<p style=\"font-weight: 400; text-align: justify;\">sala integrada com varanda e de frente para o mar<\/p>\n<p style=\"font-weight: 400; text-align: justify;\"><span style=\"color: #0000ff;\"><strong>apartamento panor\u00e2mico com 322m\u00b2<\/strong><\/span><\/p>\n<p style=\"font-weight: 400; text-align: justify;\">4 su\u00edtes<\/p>\n<p style=\"font-weight: 400;\">33m\u00b2 de varanda com apoio gourmet deck e hidromassagem para 4 pessoas<\/p>\n<p style=\"font-weight: 400;\">su\u00edte master \u00e0 beira-mar com 2 closets e 2 banheiros<\/p>\n<p style=\"font-weight: 400;\">4 vagas de garagem<\/p>\n<p style=\"font-weight: 400;\">sala integrada com varanda e de frente para o mar<\/p>\n<p>Para mais detalhes acesse <span style=\"color: #0000ff;\"><a style=\"color: #0000ff;\" href=\"http:\/\/www.rioave.com.br\">www.rioave.com.br&nbsp;<\/a><\/span><\/p>\n<p>&nbsp;<\/p>\n<p>&nbsp;<\/p>\n","protected":false},"excerpt":{"rendered":"","protected":false},"author":1,"featured_media":11572,"comment_status":"open","ping_status":"open","sticky":false,"template":"","format":"standard","meta":{"_uag_custom_page_level_css":"","footnotes":""},"categories":[30],"tags":[15856,15858,15862,4131,15861,7563,9946,10109,15860,15855,15859,15857,12275],"class_list":["post-11566","post","type-post","status-publish","format-standard","has-post-thumbnail","hentry","category-imoveis","tag-alto-padrao-na-praia-de-boa-viagem","tag-conforto-e-qualidade","tag-construcao-no-nordeste","tag-empreendimento-residencial","tag-incorporadora-rio-ave","tag-mercado-imobiliario","tag-recife-pe","tag-regiao-nordeste","tag-residencial-alberto-ferreira-da-costa","tag-rio-ave-construtora","tag-vendas-90-das-unidade-vendidas","tag-vendas-de-apartamentos-de-luxo","tag-vendas-de-imoveis"],"blocksy_meta":[],"spectra_blocks_featured_image_url":{"thumbnail":{"url":"https:\/\/construcaocivil.siriusmarketingedesign.com.br\/wp-content\/uploads\/2019\/04\/BOA-VIAGEM-150x150.jpg","width":150,"height":150},"medium":{"url":"https:\/\/construcaocivil.siriusmarketingedesign.com.br\/wp-content\/uploads\/2019\/04\/BOA-VIAGEM-300x152.jpg","width":300,"height":152},"medium_large":{"url":"https:\/\/construcaocivil.siriusmarketingedesign.com.br\/wp-content\/uploads\/2019\/04\/BOA-VIAGEM.jpg","width":704,"height":356},"large":{"url":"https:\/\/construcaocivil.siriusmarketingedesign.com.br\/wp-content\/uploads\/2019\/04\/BOA-VIAGEM.jpg","width":704,"height":356},"full":{"url":"https:\/\/construcaocivil.siriusmarketingedesign.com.br\/wp-content\/uploads\/2019\/04\/BOA-VIAGEM.jpg","width":704,"height":356}},"spectra_blocks_author_info":{"display_name":"Jornal da Constru\u00e7\u00e3o Civil","avatar_url":"https:\/\/secure.gravatar.com\/avatar\/973c9774fd44ddaceb026973c4962faa70fc512bc4c9da68e8ebb40fecee6540?s=96&d=mm&r=g","author_link":"https:\/\/construcaocivil.siriusmarketingedesign.com.br\/?author=1","description":"Desde de 2013, levando muitas informa\u00e7\u00f5es, lan\u00e7amentos e produtos de qualidade para toda cadeia produtiva da constru\u00e7\u00e3o. O Futuro da constru\u00e7\u00e3o passa por aqui,"},"uagb_featured_image_src":{"full":["https:\/\/construcaocivil.siriusmarketingedesign.com.br\/wp-content\/uploads\/2019\/04\/BOA-VIAGEM.jpg",704,356,false],"thumbnail":["https:\/\/construcaocivil.siriusmarketingedesign.com.br\/wp-content\/uploads\/2019\/04\/BOA-VIAGEM-150x150.jpg",150,150,true],"medium":["https:\/\/construcaocivil.siriusmarketingedesign.com.br\/wp-content\/uploads\/2019\/04\/BOA-VIAGEM-300x152.jpg",300,152,true],"medium_large":["https:\/\/construcaocivil.siriusmarketingedesign.com.br\/wp-content\/uploads\/2019\/04\/BOA-VIAGEM.jpg",704,356,false],"large":["https:\/\/construcaocivil.siriusmarketingedesign.com.br\/wp-content\/uploads\/2019\/04\/BOA-VIAGEM.jpg",704,356,false],"1536x1536":["https:\/\/construcaocivil.siriusmarketingedesign.com.br\/wp-content\/uploads\/2019\/04\/BOA-VIAGEM.jpg",704,356,false],"2048x2048":["https:\/\/construcaocivil.siriusmarketingedesign.com.br\/wp-content\/uploads\/2019\/04\/BOA-VIAGEM.jpg",704,356,false]},"uagb_author_info":{"display_name":"Jornal da Constru\u00e7\u00e3o Civil","author_link":"https:\/\/construcaocivil.siriusmarketingedesign.com.br\/?author=1"},"uagb_comment_info":0,"uagb_excerpt":null,"_links":{"self":[{"href":"https:\/\/construcaocivil.siriusmarketingedesign.com.br\/index.php?rest_route=\/wp\/v2\/posts\/11566","targetHints":{"allow":["GET"]}}],"collection":[{"href":"https:\/\/construcaocivil.siriusmarketingedesign.com.br\/index.php?rest_route=\/wp\/v2\/posts"}],"about":[{"href":"https:\/\/construcaocivil.siriusmarketingedesign.com.br\/index.php?rest_route=\/wp\/v2\/types\/post"}],"author":[{"embeddable":true,"href":"https:\/\/construcaocivil.siriusmarketingedesign.com.br\/index.php?rest_route=\/wp\/v2\/users\/1"}],"replies":[{"embeddable":true,"href":"https:\/\/construcaocivil.siriusmarketingedesign.com.br\/index.php?rest_route=%2Fwp%2Fv2%2Fcomments&post=11566"}],"version-history":[{"count":0,"href":"https:\/\/construcaocivil.siriusmarketingedesign.com.br\/index.php?rest_route=\/wp\/v2\/posts\/11566\/revisions"}],"wp:featuredmedia":[{"embeddable":true,"href":"https:\/\/construcaocivil.siriusmarketingedesign.com.br\/index.php?rest_route=\/wp\/v2\/media\/11572"}],"wp:attachment":[{"href":"https:\/\/construcaocivil.siriusmarketingedesign.com.br\/index.php?rest_route=%2Fwp%2Fv2%2Fmedia&parent=11566"}],"wp:term":[{"taxonomy":"category","embeddable":true,"href":"https:\/\/construcaocivil.siriusmarketingedesign.com.br\/index.php?rest_route=%2Fwp%2Fv2%2Fcategories&post=11566"},{"taxonomy":"post_tag","embeddable":true,"href":"https:\/\/construcaocivil.siriusmarketingedesign.com.br\/index.php?rest_route=%2Fwp%2Fv2%2Ftags&post=11566"}],"curies":[{"name":"wp","href":"https:\/\/api.w.org\/{rel}","templated":true}]}}