{"id":11609,"date":"2019-04-29T11:41:27","date_gmt":"2019-04-29T14:41:27","guid":{"rendered":"https:\/\/www.jornaldaconstrucaocivil.com.br\/?p=11609"},"modified":"2019-04-29T12:15:39","modified_gmt":"2019-04-29T15:15:39","slug":"lula-sobre-reforma-da-previdencia-fez-a-reforma-da-previdencia-acabou-o-teu-problema-acabou-o-problema-do-brasil-todo-mundo-vai-ficar-maravilhosamente-bem-e-eu-acho-que-todo-mundo-vai-se-lasca","status":"publish","type":"post","link":"https:\/\/construcaocivil.siriusmarketingedesign.com.br\/?p=11609","title":{"rendered":"LULA sobre Reforma da Previd\u00eancia: &#8221; Fez a reforma da Previd\u00eancia, acabou o teu problema. Acabou o problema do Brasil. Todo mundo vai ficar maravilhosamente bem. E eu acho que todo mundo vai se lascar se for aprovada a Previd\u00eancia&#8221;."},"content":{"rendered":"<p><em>Por Severian Rocha<\/em><\/p>\n<p style=\"text-align: justify;\"><span style=\"color: #993300;\">Abril, 2019<\/span> &#8211; Lula, mais uma vez surpreende e faz balan\u00e7ar o governo Bolsonaro. Entrevistado pelos jornalistas M\u00f4nica Bergamo &#8211; Folha de S\u00e3o Paulo e Florestan Fernandes, El Pa\u00eds, o ex- presidente mostrou uma habilidade pol\u00edtica fora do normal e s\u00e1bia.Lula falou de como fazer o Brasil voltar a crescer novamente, o papel do BNDES no desenvolvimento do pa\u00eds, sobre o papel da m\u00eddia no pa\u00eds e o principal, deu caminhos para se fazer uma Reforma da Previd\u00eancia sem quebrar o pa\u00eds. Chamou o Paulo Guedes para para aprender sobre economia. Criticou a tentativa do Dallagnol por tentar criar uma Funda\u00e7\u00e3o Crian\u00e7a Esperan\u00e7a, com R$ 2 bilh\u00f5es da Petrobras.<\/p>\n<p><strong>Lula sobre Reforma da Previd\u00eancia:<\/strong> <span style=\"color: #993300;\"><strong><em>&#8221; \u00a0Fez a\u00a0<a style=\"color: #993300;\" title=\"reforma da Previd\u00eancia\" href=\"https:\/\/pt.org.br\/tag\/reforma-da-previdencia\/\" target=\"_blank\" rel=\"noopener noreferrer\">reforma da Previd\u00eancia<\/a>, acabou o teu problema. Acabou o problema do Brasil. Todo mundo vai ficar maravilhosamente bem. E eu acho que todo mundo vai se lascar se for aprovada a Previd\u00eancia tal como ele (Guedes) quer. Se a Previd\u00eancia precisava de reforma, senta com os trabalhadores, com os empres\u00e1rios, com os aposentados, os pol\u00edticos, e encontra uma solu\u00e7\u00e3o para arrumar onde tem que arrumar&#8221;.\u00a0<\/em><\/strong><\/span><\/p>\n<p>Na \u00edntegra assista o v\u00eddeo da entrevista do LULA.<\/p>\n<p><iframe loading=\"lazy\" title=\"EXCLUSIVO: \u00cdntegra de entrevista de Lula \u00e0 Folha\" width=\"1290\" height=\"726\" src=\"https:\/\/www.youtube.com\/embed\/zCzco42kRAg?feature=oembed\" frameborder=\"0\" allow=\"accelerometer; autoplay; clipboard-write; encrypted-media; gyroscope; picture-in-picture; web-share\" referrerpolicy=\"strict-origin-when-cross-origin\" allowfullscreen><\/iframe><\/p>\n<p>Fonte: Folha de S\u00e3o Paulo e Jornal El Pa\u00eds.<\/p>\n","protected":false},"excerpt":{"rendered":"<p>Por Severian Rocha Abril, 2019 &#8211; Lula, mais uma vez surpreende e faz balan\u00e7ar o governo Bolsonaro. Entrevistado pelos jornalistas M\u00f4nica Bergamo &#8211; Folha de S\u00e3o Paulo e Florestan Fernandes, El Pa\u00eds, o ex- presidente mostrou uma habilidade pol\u00edtica fora do normal e s\u00e1bia.Lula falou de como fazer o Brasil voltar a crescer novamente, o [&hellip;]<\/p>\n","protected":false},"author":1,"featured_media":11612,"comment_status":"open","ping_status":"open","sticky":false,"template":"","format":"standard","meta":{"_uag_custom_page_level_css":"","footnotes":""},"categories":[27],"tags":[15932,681,15929,15927,2826,15928,15933,15930,15926,15931,11414],"class_list":["post-11609","post","type-post","status-publish","format-standard","has-post-thumbnail","hentry","category-acontece","tag-2-bilhoes-da-petrobras","tag-america-latina","tag-bancos-juros","tag-brasil-ativar-mercado-interno","tag-construcao-civil","tag-consumo-das-familias","tag-desempregos-e-criacao-de-empregos","tag-lula-chama-paulo-guedes-para-aula","tag-lula-sobre-reforma-da-previdencia","tag-moro-e-dallagnol","tag-stf"],"blocksy_meta":[],"spectra_blocks_featured_image_url":{"thumbnail":{"url":"https:\/\/construcaocivil.siriusmarketingedesign.com.br\/wp-content\/uploads\/2019\/04\/LULA-TSE-OK-150x150.jpg","width":150,"height":150},"medium":{"url":"https:\/\/construcaocivil.siriusmarketingedesign.com.br\/wp-content\/uploads\/2019\/04\/LULA-TSE-OK-300x225.jpg","width":300,"height":225},"medium_large":{"url":"https:\/\/construcaocivil.siriusmarketingedesign.com.br\/wp-content\/uploads\/2019\/04\/LULA-TSE-OK-768x576.jpg","width":768,"height":576},"large":{"url":"https:\/\/construcaocivil.siriusmarketingedesign.com.br\/wp-content\/uploads\/2019\/04\/LULA-TSE-OK.jpg","width":900,"height":675},"full":{"url":"https:\/\/construcaocivil.siriusmarketingedesign.com.br\/wp-content\/uploads\/2019\/04\/LULA-TSE-OK.jpg","width":900,"height":675}},"spectra_blocks_author_info":{"display_name":"Jornal da Constru\u00e7\u00e3o Civil","avatar_url":"https:\/\/secure.gravatar.com\/avatar\/973c9774fd44ddaceb026973c4962faa70fc512bc4c9da68e8ebb40fecee6540?s=96&d=mm&r=g","author_link":"https:\/\/construcaocivil.siriusmarketingedesign.com.br\/?author=1","description":"Desde de 2013, levando muitas informa\u00e7\u00f5es, lan\u00e7amentos e produtos de qualidade para toda cadeia produtiva da constru\u00e7\u00e3o. O Futuro da constru\u00e7\u00e3o passa por aqui,"},"uagb_featured_image_src":{"full":["https:\/\/construcaocivil.siriusmarketingedesign.com.br\/wp-content\/uploads\/2019\/04\/LULA-TSE-OK.jpg",900,675,false],"thumbnail":["https:\/\/construcaocivil.siriusmarketingedesign.com.br\/wp-content\/uploads\/2019\/04\/LULA-TSE-OK-150x150.jpg",150,150,true],"medium":["https:\/\/construcaocivil.siriusmarketingedesign.com.br\/wp-content\/uploads\/2019\/04\/LULA-TSE-OK-300x225.jpg",300,225,true],"medium_large":["https:\/\/construcaocivil.siriusmarketingedesign.com.br\/wp-content\/uploads\/2019\/04\/LULA-TSE-OK-768x576.jpg",768,576,true],"large":["https:\/\/construcaocivil.siriusmarketingedesign.com.br\/wp-content\/uploads\/2019\/04\/LULA-TSE-OK.jpg",900,675,false],"1536x1536":["https:\/\/construcaocivil.siriusmarketingedesign.com.br\/wp-content\/uploads\/2019\/04\/LULA-TSE-OK.jpg",900,675,false],"2048x2048":["https:\/\/construcaocivil.siriusmarketingedesign.com.br\/wp-content\/uploads\/2019\/04\/LULA-TSE-OK.jpg",900,675,false]},"uagb_author_info":{"display_name":"Jornal da Constru\u00e7\u00e3o Civil","author_link":"https:\/\/construcaocivil.siriusmarketingedesign.com.br\/?author=1"},"uagb_comment_info":0,"uagb_excerpt":"Por Severian Rocha Abril, 2019 &#8211; Lula, mais uma vez surpreende e faz balan\u00e7ar o governo Bolsonaro. Entrevistado pelos jornalistas M\u00f4nica Bergamo &#8211; Folha de S\u00e3o Paulo e Florestan Fernandes, El Pa\u00eds, o ex- presidente mostrou uma habilidade pol\u00edtica fora do normal e s\u00e1bia.Lula falou de como fazer o Brasil voltar a crescer novamente, o&hellip;","_links":{"self":[{"href":"https:\/\/construcaocivil.siriusmarketingedesign.com.br\/index.php?rest_route=\/wp\/v2\/posts\/11609","targetHints":{"allow":["GET"]}}],"collection":[{"href":"https:\/\/construcaocivil.siriusmarketingedesign.com.br\/index.php?rest_route=\/wp\/v2\/posts"}],"about":[{"href":"https:\/\/construcaocivil.siriusmarketingedesign.com.br\/index.php?rest_route=\/wp\/v2\/types\/post"}],"author":[{"embeddable":true,"href":"https:\/\/construcaocivil.siriusmarketingedesign.com.br\/index.php?rest_route=\/wp\/v2\/users\/1"}],"replies":[{"embeddable":true,"href":"https:\/\/construcaocivil.siriusmarketingedesign.com.br\/index.php?rest_route=%2Fwp%2Fv2%2Fcomments&post=11609"}],"version-history":[{"count":0,"href":"https:\/\/construcaocivil.siriusmarketingedesign.com.br\/index.php?rest_route=\/wp\/v2\/posts\/11609\/revisions"}],"wp:featuredmedia":[{"embeddable":true,"href":"https:\/\/construcaocivil.siriusmarketingedesign.com.br\/index.php?rest_route=\/wp\/v2\/media\/11612"}],"wp:attachment":[{"href":"https:\/\/construcaocivil.siriusmarketingedesign.com.br\/index.php?rest_route=%2Fwp%2Fv2%2Fmedia&parent=11609"}],"wp:term":[{"taxonomy":"category","embeddable":true,"href":"https:\/\/construcaocivil.siriusmarketingedesign.com.br\/index.php?rest_route=%2Fwp%2Fv2%2Fcategories&post=11609"},{"taxonomy":"post_tag","embeddable":true,"href":"https:\/\/construcaocivil.siriusmarketingedesign.com.br\/index.php?rest_route=%2Fwp%2Fv2%2Ftags&post=11609"}],"curies":[{"name":"wp","href":"https:\/\/api.w.org\/{rel}","templated":true}]}}