{"id":11626,"date":"2019-04-29T12:52:50","date_gmt":"2019-04-29T15:52:50","guid":{"rendered":"https:\/\/www.jornaldaconstrucaocivil.com.br\/?p=11626"},"modified":"2019-04-29T12:52:50","modified_gmt":"2019-04-29T15:52:50","slug":"ultimo-dia-para-inscricoes-em-programa-de-aceleracao-da-gerdau","status":"publish","type":"post","link":"https:\/\/construcaocivil.siriusmarketingedesign.com.br\/?p=11626","title":{"rendered":"\u00daltimo dia para inscri\u00e7\u00f5es em programa de acelera\u00e7\u00e3o da Gerdau"},"content":{"rendered":"<p style=\"font-weight: 400; text-align: justify;\"><span style=\"color: #000080;\"><strong><em>Empresas t\u00eam at\u00e9 hoje para se candidatar \u00e0\u00a0<\/em><em>primeira turma\u00a0do\u00a0Gerdau Builders,\u00a0programa realizado\u00a0em parceria com Endeavor<\/em><\/strong><\/span><\/p>\n<p style=\"font-weight: 400; text-align: justify;\"><span style=\"color: #993300;\">Abril de 2019<\/span> \u2013\u00a0\u00a0Hoje \u00e9\u00a0o\u00a0\u00faltimo dia para\u00a0submeter\u00a0inscri\u00e7\u00f5es\u00a0\u00e0\u00a0primeira turma do programa Gerdau Builders, uma parceria entre Gerdau e Endeavor para acelera\u00e7\u00e3o de empresas e fomento \u00e0 inova\u00e7\u00e3o. Empreendedores de todo o pa\u00eds nas \u00e1reas de constru\u00e7\u00e3o civil e reciclagem podem participar da sele\u00e7\u00e3o por meio do site\u00a0<span style=\"color: #0000ff;\">(<a style=\"color: #0000ff;\" href=\"https:\/\/urldefense.proofpoint.com\/v2\/url?u=https-3A__endeavor.org.br_scaleup_gerdau-2Dbuilders&amp;d=DwMFaQ&amp;c=qwStF0e4-YFyvjCeML3ehA&amp;r=c2or7ShjkD3gWDUVGaKgllB12qmT06TWvj9wM3wLLz4&amp;m=gM8spSx-Q_SdG6x_OtFOtx8PB44K34Op4Odgzc3a9FM&amp;s=uDuaYmM3Hstwljg0mmYdG-dvLSVPDEBE0sHukjvNfjM&amp;e=\">https:\/\/endeavor.org.br\/scaleup\/gerdau-builders<\/a><\/span>) at\u00e9 o fim desta segunda-feira<em>.<\/em>\u00a0Para fazer parte do programa, a empresa deve apresentar potencial de crescimento e um modelo de neg\u00f3cios estruturado.<\/p>\n<p style=\"font-weight: 400; text-align: justify;\">Os dez selecionados para o Gerdau Builders ser\u00e3o acompanhados por executivos Gerdau e Endeavor ao longo dos cinco meses de acelera\u00e7\u00e3o, que envolve mentorias individuais e coletivas, al\u00e9m de workshops em S\u00e3o Paulo. O contato com o ecossistema de scale-ups deve promover novos modelos de neg\u00f3cios. O objetivo \u00e9 gerar valor e impacto em a\u00e7\u00f5es de sustentabilidade e responsabilidade\u00a0social, especialmente relacionadas a temas de reciclagem e moradia.<\/p>\n<p style=\"font-weight: 400; text-align: justify;\">O Gerdau Builders busca parceiros que apoiem a empresa a encontrar solu\u00e7\u00f5es para as \u00e1reas de: Building Information Modelling (BIM); solu\u00e7\u00f5es de gest\u00e3o de obras; marketplaces; financiamento para constru\u00e7\u00e3o civil; sistemas construtivos; constru\u00e7\u00f5es modulares; regulariza\u00e7\u00e3o; drones; mapeamento de topografia; log\u00edstica reversa de reciclagem; solu\u00e7\u00f5es de coleta e reciclagem; economia circular; gest\u00e3o de res\u00edduos e afins. \u201cAcreditamos que sustentabilidade e responsabilidade social s\u00e3o bases para a constru\u00e7\u00e3o do futuro do nosso pa\u00eds. Por meio da acelera\u00e7\u00e3o e da parceria com a Endeavor, a Gerdau aposta no desenvolvimento de empreendedores e novos neg\u00f3cios que devem superar os desafios nessas \u00e1reas\u201d, diz Paulo Boneff, gerente de responsabilidade social da Gerdau.<\/p>\n<p style=\"font-weight: 400; text-align: justify;\">&#8220;Ficamos muito felizes por come\u00e7armos um programa de acelera\u00e7\u00e3o ao lado da Gerdau. Al\u00e9m de ser refer\u00eancia como uma das maiores produtoras de a\u00e7o das Am\u00e9ricas, \u00e9 uma empresa comprometida com o desenvolvimento sustent\u00e1vel das regi\u00f5es onde atua e que tem investido bastante em inova\u00e7\u00e3o&#8221;, diz Luis Felipe Franco, head de acelera\u00e7\u00e3o da Endeavor. &#8220;E, unindo for\u00e7as com o trabalho que desenvolvemos na Endeavor, temos certeza que poderemos impulsionar ainda mais o crescimento de empreendedores que atuam nesse setor&#8221;, complementa.<\/p>\n<p style=\"font-weight: 400; text-align: justify;\">Hoje, a Gerdau \u00e9 respons\u00e1vel pela compra de cerca de 12,6 milh\u00f5es de toneladas de sucata por ano, cuja reciclagem representa quase metade da sua produ\u00e7\u00e3o nacional. A empresa aposta no fortalecimento do sistema de uso dos materiais recicl\u00e1veis como incentivo \u00e0 substitui\u00e7\u00e3o dos recursos naturais no setor sider\u00fargico. Esta iniciativa impacta positivamente o ciclo produtivo por meio da conserva\u00e7\u00e3o de mat\u00e9rias-primas, redu\u00e7\u00e3o do consumo de energia e queda das taxas de emiss\u00e3o de CO2.<\/p>\n<p style=\"font-weight: 400; text-align: justify;\">Para\u00a02019, a produtora de a\u00e7o acredita no in\u00edcio da recupera\u00e7\u00e3o do setor de constru\u00e7\u00e3o civil nacional, um mercado que movimenta aproximadamente R$ 300 bilh\u00f5es ao ano e gera 6,5 milh\u00f5es de empregos, segundo dados do IBGE. Para fomento da \u00e1rea, a Gerdau integra as principais iniciativas que promovem seu desenvolvimento, como o Lab Habita\u00e7\u00e3o, para est\u00edmulo de solu\u00e7\u00f5es habitacionais para popula\u00e7\u00e3o de baixa renda; o Juntos Somos +, programa de fidelidade e qualifica\u00e7\u00e3o da m\u00e3o de obra para constru\u00e7\u00e3o; al\u00e9m de ser um dos principais parceiros da ONG TETO, tendo apoiado a constru\u00e7\u00e3o de mais de 2 mil casas em todo o Brasil.<\/p>\n<p>Fonte: Imprensa\/Gerdau<\/p>\n<p style=\"font-weight: 400; text-align: justify;\"><strong>\u00a0<\/strong><\/p>\n<p style=\"font-weight: 400; text-align: justify;\"><strong>\u00a0<\/strong><\/p>\n","protected":false},"excerpt":{"rendered":"<p>Empresas t\u00eam at\u00e9 hoje para se candidatar \u00e0\u00a0primeira turma\u00a0do\u00a0Gerdau Builders,\u00a0programa realizado\u00a0em parceria com Endeavor Abril de 2019 \u2013\u00a0\u00a0Hoje \u00e9\u00a0o\u00a0\u00faltimo dia para\u00a0submeter\u00a0inscri\u00e7\u00f5es\u00a0\u00e0\u00a0primeira turma do programa Gerdau Builders, uma parceria entre Gerdau e Endeavor para acelera\u00e7\u00e3o de empresas e fomento \u00e0 inova\u00e7\u00e3o. Empreendedores de todo o pa\u00eds nas \u00e1reas de constru\u00e7\u00e3o civil e reciclagem podem participar da [&hellip;]<\/p>\n","protected":false},"author":1,"featured_media":11627,"comment_status":"open","ping_status":"open","sticky":false,"template":"","format":"standard","meta":{"_uag_custom_page_level_css":"","footnotes":""},"categories":[27],"tags":[15947,15945,15942,5418,15949,15943,15948,15946,15944,15941,10679,13974],"class_list":["post-11626","post","type-post","status-publish","format-standard","has-post-thumbnail","hentry","category-acontece","tag-acos-longos-planos","tag-casas-populares-habitacao","tag-endeavor","tag-gerdau","tag-gerdau-builders","tag-lab-habitacao","tag-mercado-interno-vendas-de-aco-construcao","tag-novas-tecnologias-para-construcao","tag-ong-teto","tag-programa-de-aceleracao-da-gerdau","tag-sao-paulo-sp","tag-vendas-de-aco-para-construcao-civil"],"blocksy_meta":[],"spectra_blocks_featured_image_url":{"thumbnail":{"url":"https:\/\/construcaocivil.siriusmarketingedesign.com.br\/wp-content\/uploads\/2019\/04\/AA-GERDAU-150x150.jpg","width":150,"height":150},"medium":{"url":"https:\/\/construcaocivil.siriusmarketingedesign.com.br\/wp-content\/uploads\/2019\/04\/AA-GERDAU-300x200.jpg","width":300,"height":200},"medium_large":{"url":"https:\/\/construcaocivil.siriusmarketingedesign.com.br\/wp-content\/uploads\/2019\/04\/AA-GERDAU-768x513.jpg","width":768,"height":513},"large":{"url":"https:\/\/construcaocivil.siriusmarketingedesign.com.br\/wp-content\/uploads\/2019\/04\/AA-GERDAU-1024x684.jpg","width":1024,"height":684},"full":{"url":"https:\/\/construcaocivil.siriusmarketingedesign.com.br\/wp-content\/uploads\/2019\/04\/AA-GERDAU.jpg","width":1472,"height":983}},"spectra_blocks_author_info":{"display_name":"Jornal da Constru\u00e7\u00e3o Civil","avatar_url":"https:\/\/secure.gravatar.com\/avatar\/973c9774fd44ddaceb026973c4962faa70fc512bc4c9da68e8ebb40fecee6540?s=96&d=mm&r=g","author_link":"https:\/\/construcaocivil.siriusmarketingedesign.com.br\/?author=1","description":"Desde de 2013, levando muitas informa\u00e7\u00f5es, lan\u00e7amentos e produtos de qualidade para toda cadeia produtiva da constru\u00e7\u00e3o. O Futuro da constru\u00e7\u00e3o passa por aqui,"},"uagb_featured_image_src":{"full":["https:\/\/construcaocivil.siriusmarketingedesign.com.br\/wp-content\/uploads\/2019\/04\/AA-GERDAU.jpg",1472,983,false],"thumbnail":["https:\/\/construcaocivil.siriusmarketingedesign.com.br\/wp-content\/uploads\/2019\/04\/AA-GERDAU-150x150.jpg",150,150,true],"medium":["https:\/\/construcaocivil.siriusmarketingedesign.com.br\/wp-content\/uploads\/2019\/04\/AA-GERDAU-300x200.jpg",300,200,true],"medium_large":["https:\/\/construcaocivil.siriusmarketingedesign.com.br\/wp-content\/uploads\/2019\/04\/AA-GERDAU-768x513.jpg",768,513,true],"large":["https:\/\/construcaocivil.siriusmarketingedesign.com.br\/wp-content\/uploads\/2019\/04\/AA-GERDAU-1024x684.jpg",1024,684,true],"1536x1536":["https:\/\/construcaocivil.siriusmarketingedesign.com.br\/wp-content\/uploads\/2019\/04\/AA-GERDAU.jpg",1472,983,false],"2048x2048":["https:\/\/construcaocivil.siriusmarketingedesign.com.br\/wp-content\/uploads\/2019\/04\/AA-GERDAU.jpg",1472,983,false]},"uagb_author_info":{"display_name":"Jornal da Constru\u00e7\u00e3o Civil","author_link":"https:\/\/construcaocivil.siriusmarketingedesign.com.br\/?author=1"},"uagb_comment_info":0,"uagb_excerpt":"Empresas t\u00eam at\u00e9 hoje para se candidatar \u00e0\u00a0primeira turma\u00a0do\u00a0Gerdau Builders,\u00a0programa realizado\u00a0em parceria com Endeavor Abril de 2019 \u2013\u00a0\u00a0Hoje \u00e9\u00a0o\u00a0\u00faltimo dia para\u00a0submeter\u00a0inscri\u00e7\u00f5es\u00a0\u00e0\u00a0primeira turma do programa Gerdau Builders, uma parceria entre Gerdau e Endeavor para acelera\u00e7\u00e3o de empresas e fomento \u00e0 inova\u00e7\u00e3o. Empreendedores de todo o pa\u00eds nas \u00e1reas de constru\u00e7\u00e3o civil e reciclagem podem participar da&hellip;","_links":{"self":[{"href":"https:\/\/construcaocivil.siriusmarketingedesign.com.br\/index.php?rest_route=\/wp\/v2\/posts\/11626","targetHints":{"allow":["GET"]}}],"collection":[{"href":"https:\/\/construcaocivil.siriusmarketingedesign.com.br\/index.php?rest_route=\/wp\/v2\/posts"}],"about":[{"href":"https:\/\/construcaocivil.siriusmarketingedesign.com.br\/index.php?rest_route=\/wp\/v2\/types\/post"}],"author":[{"embeddable":true,"href":"https:\/\/construcaocivil.siriusmarketingedesign.com.br\/index.php?rest_route=\/wp\/v2\/users\/1"}],"replies":[{"embeddable":true,"href":"https:\/\/construcaocivil.siriusmarketingedesign.com.br\/index.php?rest_route=%2Fwp%2Fv2%2Fcomments&post=11626"}],"version-history":[{"count":0,"href":"https:\/\/construcaocivil.siriusmarketingedesign.com.br\/index.php?rest_route=\/wp\/v2\/posts\/11626\/revisions"}],"wp:featuredmedia":[{"embeddable":true,"href":"https:\/\/construcaocivil.siriusmarketingedesign.com.br\/index.php?rest_route=\/wp\/v2\/media\/11627"}],"wp:attachment":[{"href":"https:\/\/construcaocivil.siriusmarketingedesign.com.br\/index.php?rest_route=%2Fwp%2Fv2%2Fmedia&parent=11626"}],"wp:term":[{"taxonomy":"category","embeddable":true,"href":"https:\/\/construcaocivil.siriusmarketingedesign.com.br\/index.php?rest_route=%2Fwp%2Fv2%2Fcategories&post=11626"},{"taxonomy":"post_tag","embeddable":true,"href":"https:\/\/construcaocivil.siriusmarketingedesign.com.br\/index.php?rest_route=%2Fwp%2Fv2%2Ftags&post=11626"}],"curies":[{"name":"wp","href":"https:\/\/api.w.org\/{rel}","templated":true}]}}