{"id":11652,"date":"2019-05-03T13:20:14","date_gmt":"2019-05-03T16:20:14","guid":{"rendered":"https:\/\/www.jornaldaconstrucaocivil.com.br\/?p=11652"},"modified":"2019-05-03T13:20:14","modified_gmt":"2019-05-03T16:20:14","slug":"rio-recebe-a-exposicao-como-falar-com-as-arvores-coletanea-de-trabalhos-realizados-em-residencia-artistica-na-floresta-amazonica","status":"publish","type":"post","link":"https:\/\/construcaocivil.siriusmarketingedesign.com.br\/?p=11652","title":{"rendered":"Rio recebe a exposi\u00e7\u00e3o \u201cComo falar com as \u00e1rvores\u201d, colet\u00e2nea de trabalhos realizados em resid\u00eancia art\u00edstica na Floresta Amaz\u00f4nica"},"content":{"rendered":"<p style=\"text-align: justify;\"><span style=\"color: #993300;\">Maio, 2019<\/span> &#8211; De 9 de maio a 28 de junho, a galeria Z42 Arte, localizada no Cosme Velho, Rio de Janeiro, recebe a exposi\u00e7\u00e3o \u201cComo falar com as \u00e1rvores\u201d, resultado do projeto de resid\u00eancia art\u00edstica realizado pelo LABVERDE no cora\u00e7\u00e3o da Floresta Amaz\u00f4nica com artistas de todo o mundo interessados em explorar a rela\u00e7\u00e3o entre arte, natureza e ci\u00eancia. O projeto, que completa cinco anos em 2019, j\u00e1 recebeu mais de cem artistas de 30 pa\u00edses, e chega ao Rio de Janeiro pela primeira vez, depois de passar por Londres, Oslo, Nova York e S\u00e3o Paulo.<\/p>\n<p style=\"text-align: justify;\">Segundo a curadora do projeto, Lilian Fraiji, o LABVERDE tornou-se uma plataforma internacional de discuss\u00e3o sobre a Amaz\u00f4nia. No Rio, ser\u00e3o exibidas as obras de 20 artistas &#8211; Bia Monteiro, Bianca Lee Vasquez, Claudia Tavares, Fabian Albertini, Guto N\u00f3brega, Laura Gorski, Lisa Schonberg, Liana Nigri, Lorenzo Moya, Luisa Puterman, Luzia Simons, Nathalia Favaro, Patricia Gouv\u00eaa, Renata Cruz, Pedro Vaz, Renata Padovan, Rodrigo Braga, Sergio Helle, Simone Fontana Reis e Turenko Be\u00e7a &#8211; entre pintura, fotografia, m\u00fasica, instala\u00e7\u00e3o, escultura, performance e arte multim\u00eddia. \u201cA proposta da resid\u00eancia consiste na compreens\u00e3o da coexist\u00eancia como uma pr\u00e1tica importante do processo po\u00e9tico. A natureza \u00e9 vista como sujeito da paisagem e da constru\u00e7\u00e3o do mundo, que influencia o nosso modo de vida\u201d, explicou.<\/p>\n<p style=\"text-align: justify;\">De acordo com Lilian, trazer a exposi\u00e7\u00e3o para o Rio tem um significado que vai al\u00e9m de uma mostra convencional. \u201cDesejamos que, por meio da arte, as pessoas compreendam como qualquer mudan\u00e7a no ecossistema da Amaz\u00f4nia influencia diretamente no comportamento clim\u00e1tico de todo o Hemisf\u00e9rio Sul\u201d, explicou.<\/p>\n<p style=\"text-align: justify;\">Al\u00e9m da exposi\u00e7\u00e3o, que ocupa o primeiro andar da Z42, galeria dedicada \u00e0 arte contempor\u00e2nea pr\u00f3xima \u00e0 Estrada de Ferro do Corcovado, no Cosme Velho, o LABVERDE re\u00fane artistas do mundo inteiro no Espa\u00e7o Vazio, casa de resid\u00eancia tamb\u00e9m localizada no Cosme Velho, com a promo\u00e7\u00e3o de roda de conversas, shows e performances.<\/p>\n<p style=\"text-align: justify;\"><strong>Abertura<\/strong><\/p>\n<p style=\"text-align: justify;\">A abertura, no dia 9, \u00e0s 19 horas, ter\u00e1 show da americana Lisa Schonberg e seu grupo de percuss\u00e3o Secret Drum Band. Musicista, formada em ecologia e entomologia, concentrou suas pesquisas nas formigas da Amaz\u00f4nia, e descobriu que elas tamb\u00e9m se comunicam por meio do som, que utilizou como base para suas composi\u00e7\u00f5es. Lisa, que toca bateria desde crian\u00e7a, viaja por todo mundo fazendo a documenta\u00e7\u00e3o criativa de paisagens sonoras, insetos e habitats.<\/p>\n<p style=\"text-align: justify;\"><strong>O projeto<\/strong><\/p>\n<p style=\"text-align: justify;\">Criado pela Manifesta Arte e Cultura em coopera\u00e7\u00e3o com o Instituto Nacional de Pesquisa da Amaz\u00f4nia (INPA), o LABVERDE promove uma viv\u00eancia intensiva na floresta mediada por uma equipe de especialistas nas \u00e1reas de arte, filosofia, biologia, ecologia e ci\u00eancias naturais. O objetivo principal do programa \u00e9 a cria\u00e7\u00e3o de conte\u00fados culturais sobre o meio ambiente, gerados pelo conhecimento te\u00f3rico e pela experi\u00eancia pr\u00e1tica na Floresta Amaz\u00f4nica.<\/p>\n<p style=\"text-align: justify;\"><strong><u>Servi\u00e7o<\/u><\/strong><\/p>\n<p style=\"text-align: justify;\"><strong>Como falar com as \u00e1rvores<\/strong><\/p>\n<p style=\"text-align: justify;\"><strong>Quando:<\/strong>\u00a0De 9 de maio a 28 de junho<\/p>\n<p style=\"text-align: justify;\"><strong>Hor\u00e1rio da abertura:<\/strong>\u00a019 horas<\/p>\n<p style=\"text-align: justify;\"><strong>Hor\u00e1rio de visita\u00e7\u00e3o:\u00a0<\/strong>segunda a sexta, de 13h \u00e0s 18h<\/p>\n<p style=\"text-align: justify;\"><strong>Local:<\/strong>\u00a0Z42 Arte e Espa\u00e7o Vazio<\/p>\n<p style=\"text-align: justify;\"><strong>Endere\u00e7o:<\/strong>\u00a0Endere\u00e7o: Rua Filinto de Almeida, 42 \u2013 Cosme Velho<\/p>\n<p style=\"text-align: justify;\"><strong>Site:<\/strong><span style=\"color: #0000ff;\">\u00a0https:\/\/www.labverde.com\/<\/span><\/p>\n<p style=\"text-align: justify;\"><strong>Entrada gratuita<\/strong><\/p>\n<p>Fonte: Imprensa\/\u00a0LABVERDE<\/p>\n","protected":false},"excerpt":{"rendered":"<p>Maio, 2019 &#8211; De 9 de maio a 28 de junho, a galeria Z42 Arte, localizada no Cosme Velho, Rio de Janeiro, recebe a exposi\u00e7\u00e3o \u201cComo falar com as \u00e1rvores\u201d, resultado do projeto de resid\u00eancia art\u00edstica realizado pelo LABVERDE no cora\u00e7\u00e3o da Floresta Amaz\u00f4nica com artistas de todo o mundo interessados em explorar a rela\u00e7\u00e3o [&hellip;]<\/p>\n","protected":false},"author":1,"featured_media":11653,"comment_status":"open","ping_status":"open","sticky":false,"template":"","format":"standard","meta":{"_uag_custom_page_level_css":"","footnotes":""},"categories":[37],"tags":[15999,16000,5129,16002,16001,7438,16003,14662,12868],"class_list":["post-11652","post","type-post","status-publish","format-standard","has-post-thumbnail","hentry","category-sustentabilidade","tag-cosme-velho-zona-sul-rj","tag-exposicao-como-falar-com-as-arvores","tag-floresta-amazonica","tag-instituto-nacional-de-pesquisa-da-amazonia-inpa","tag-labverde","tag-meio-ambiente","tag-povos-da-amazonia","tag-regiao-amazonica","tag-sustentabilidade-e-cidadania"],"blocksy_meta":[],"spectra_blocks_featured_image_url":{"thumbnail":{"url":"https:\/\/construcaocivil.siriusmarketingedesign.com.br\/wp-content\/uploads\/2019\/05\/ARVORE-AB-150x150.jpg","width":150,"height":150},"medium":{"url":"https:\/\/construcaocivil.siriusmarketingedesign.com.br\/wp-content\/uploads\/2019\/05\/ARVORE-AB-300x198.jpg","width":300,"height":198},"medium_large":{"url":"https:\/\/construcaocivil.siriusmarketingedesign.com.br\/wp-content\/uploads\/2019\/05\/ARVORE-AB.jpg","width":360,"height":237},"large":{"url":"https:\/\/construcaocivil.siriusmarketingedesign.com.br\/wp-content\/uploads\/2019\/05\/ARVORE-AB.jpg","width":360,"height":237},"full":{"url":"https:\/\/construcaocivil.siriusmarketingedesign.com.br\/wp-content\/uploads\/2019\/05\/ARVORE-AB.jpg","width":360,"height":237}},"spectra_blocks_author_info":{"display_name":"Jornal da Constru\u00e7\u00e3o Civil","avatar_url":"https:\/\/secure.gravatar.com\/avatar\/973c9774fd44ddaceb026973c4962faa70fc512bc4c9da68e8ebb40fecee6540?s=96&d=mm&r=g","author_link":"https:\/\/construcaocivil.siriusmarketingedesign.com.br\/?author=1","description":"Desde de 2013, levando muitas informa\u00e7\u00f5es, lan\u00e7amentos e produtos de qualidade para toda cadeia produtiva da constru\u00e7\u00e3o. O Futuro da constru\u00e7\u00e3o passa por aqui,"},"uagb_featured_image_src":{"full":["https:\/\/construcaocivil.siriusmarketingedesign.com.br\/wp-content\/uploads\/2019\/05\/ARVORE-AB.jpg",360,237,false],"thumbnail":["https:\/\/construcaocivil.siriusmarketingedesign.com.br\/wp-content\/uploads\/2019\/05\/ARVORE-AB-150x150.jpg",150,150,true],"medium":["https:\/\/construcaocivil.siriusmarketingedesign.com.br\/wp-content\/uploads\/2019\/05\/ARVORE-AB-300x198.jpg",300,198,true],"medium_large":["https:\/\/construcaocivil.siriusmarketingedesign.com.br\/wp-content\/uploads\/2019\/05\/ARVORE-AB.jpg",360,237,false],"large":["https:\/\/construcaocivil.siriusmarketingedesign.com.br\/wp-content\/uploads\/2019\/05\/ARVORE-AB.jpg",360,237,false],"1536x1536":["https:\/\/construcaocivil.siriusmarketingedesign.com.br\/wp-content\/uploads\/2019\/05\/ARVORE-AB.jpg",360,237,false],"2048x2048":["https:\/\/construcaocivil.siriusmarketingedesign.com.br\/wp-content\/uploads\/2019\/05\/ARVORE-AB.jpg",360,237,false]},"uagb_author_info":{"display_name":"Jornal da Constru\u00e7\u00e3o Civil","author_link":"https:\/\/construcaocivil.siriusmarketingedesign.com.br\/?author=1"},"uagb_comment_info":0,"uagb_excerpt":"Maio, 2019 &#8211; De 9 de maio a 28 de junho, a galeria Z42 Arte, localizada no Cosme Velho, Rio de Janeiro, recebe a exposi\u00e7\u00e3o \u201cComo falar com as \u00e1rvores\u201d, resultado do projeto de resid\u00eancia art\u00edstica realizado pelo LABVERDE no cora\u00e7\u00e3o da Floresta Amaz\u00f4nica com artistas de todo o mundo interessados em explorar a rela\u00e7\u00e3o&hellip;","_links":{"self":[{"href":"https:\/\/construcaocivil.siriusmarketingedesign.com.br\/index.php?rest_route=\/wp\/v2\/posts\/11652","targetHints":{"allow":["GET"]}}],"collection":[{"href":"https:\/\/construcaocivil.siriusmarketingedesign.com.br\/index.php?rest_route=\/wp\/v2\/posts"}],"about":[{"href":"https:\/\/construcaocivil.siriusmarketingedesign.com.br\/index.php?rest_route=\/wp\/v2\/types\/post"}],"author":[{"embeddable":true,"href":"https:\/\/construcaocivil.siriusmarketingedesign.com.br\/index.php?rest_route=\/wp\/v2\/users\/1"}],"replies":[{"embeddable":true,"href":"https:\/\/construcaocivil.siriusmarketingedesign.com.br\/index.php?rest_route=%2Fwp%2Fv2%2Fcomments&post=11652"}],"version-history":[{"count":0,"href":"https:\/\/construcaocivil.siriusmarketingedesign.com.br\/index.php?rest_route=\/wp\/v2\/posts\/11652\/revisions"}],"wp:featuredmedia":[{"embeddable":true,"href":"https:\/\/construcaocivil.siriusmarketingedesign.com.br\/index.php?rest_route=\/wp\/v2\/media\/11653"}],"wp:attachment":[{"href":"https:\/\/construcaocivil.siriusmarketingedesign.com.br\/index.php?rest_route=%2Fwp%2Fv2%2Fmedia&parent=11652"}],"wp:term":[{"taxonomy":"category","embeddable":true,"href":"https:\/\/construcaocivil.siriusmarketingedesign.com.br\/index.php?rest_route=%2Fwp%2Fv2%2Fcategories&post=11652"},{"taxonomy":"post_tag","embeddable":true,"href":"https:\/\/construcaocivil.siriusmarketingedesign.com.br\/index.php?rest_route=%2Fwp%2Fv2%2Ftags&post=11652"}],"curies":[{"name":"wp","href":"https:\/\/api.w.org\/{rel}","templated":true}]}}