{"id":11656,"date":"2019-05-04T12:07:18","date_gmt":"2019-05-04T15:07:18","guid":{"rendered":"https:\/\/www.jornaldaconstrucaocivil.com.br\/?p=11656"},"modified":"2019-05-04T12:07:18","modified_gmt":"2019-05-04T15:07:18","slug":"mobilidade-urbana-vereador-aldair-de-linda-participa-de-reuniao-sobre-o-marica-rotativo","status":"publish","type":"post","link":"https:\/\/construcaocivil.siriusmarketingedesign.com.br\/?p=11656","title":{"rendered":"Mobilidade Urbana: Vereador Aldair de Linda participa de reuni\u00e3o sobre o Maric\u00e1 Rotativo"},"content":{"rendered":"<p><em>Por Aline Balbino<\/em><\/p>\n<p style=\"font-weight: 400; text-align: justify;\"><span style=\"color: #993300;\">Maio, 2019<\/span> &#8211; No ano passado, foi aprovado um Projeto de Lei de autoria do Poder Executivo prevendo a cria\u00e7\u00e3o do Maric\u00e1 Rotativo que consiste no ordenamento do tr\u00e2nsito por meio da cobran\u00e7a de estacionamento nas ruas da cidade. Hoje, o vereador Aldair de Linda, participou de uma reuni\u00e3o com o presidente da Companhia de Desenvolvimento de Maric\u00e1 (Codemar), Jos\u00e9 Orlando, para falar sobre a implanta\u00e7\u00e3o do sistema na cidade.<\/p>\n<p style=\"font-weight: 400; text-align: justify;\">\u201cNossa cidade est\u00e1 crescendo muito e precisamos acompanhar esse desenvolvimento. \u00c9 importante investirmos em estacionamento rotativo, porque muita gente estaciona, principalmente em frente a com\u00e9rcios, e deixam seus ve\u00edculos ali por todo o dia. Isso atrapalha a economia em nossa cidade\u201d, explicou Aldair.<\/p>\n<p style=\"font-weight: 400; text-align: justify;\">O parlamentar salientou ainda que a mudan\u00e7a organizar\u00e1 melhor o tr\u00e2nsito de ve\u00edculos no munic\u00edpio. Segundo ele, inicialmente ser\u00e1 feito um programa de educa\u00e7\u00e3o no tr\u00e2nsito com os condutores.<\/p>\n","protected":false},"excerpt":{"rendered":"<p>Por Aline Balbino Maio, 2019 &#8211; No ano passado, foi aprovado um Projeto de Lei de autoria do Poder Executivo prevendo a cria\u00e7\u00e3o do Maric\u00e1 Rotativo que consiste no ordenamento do tr\u00e2nsito por meio da cobran\u00e7a de estacionamento nas ruas da cidade. Hoje, o vereador Aldair de Linda, participou de uma reuni\u00e3o com o presidente [&hellip;]<\/p>\n","protected":false},"author":1,"featured_media":11657,"comment_status":"open","ping_status":"open","sticky":false,"template":"","format":"standard","meta":{"_uag_custom_page_level_css":"","footnotes":""},"categories":[27],"tags":[16009,15346,3530,16008,16004,7773,16007,10515,16006,16005,15065],"class_list":["post-11656","post","type-post","status-publish","format-standard","has-post-thumbnail","hentry","category-acontece","tag-cidades-fluminenses","tag-conleste","tag-desenvolvimento-urbano","tag-investimentos-em-marica-rj","tag-marica-rotativo","tag-mobilidade-urbana","tag-projeto-de-lei-transportes-e-investimentos-no-transito","tag-royalties-do-petroleo","tag-transito-de-veiculos","tag-vagas-para-automoveis","tag-vereador-aldair-de-linda-pt"],"blocksy_meta":[],"spectra_blocks_featured_image_url":{"thumbnail":{"url":"https:\/\/construcaocivil.siriusmarketingedesign.com.br\/wp-content\/uploads\/2019\/05\/AA-Reuni\u00e3o-Codemar-150x150.jpg","width":150,"height":150},"medium":{"url":"https:\/\/construcaocivil.siriusmarketingedesign.com.br\/wp-content\/uploads\/2019\/05\/AA-Reuni\u00e3o-Codemar-300x225.jpg","width":300,"height":225},"medium_large":{"url":"https:\/\/construcaocivil.siriusmarketingedesign.com.br\/wp-content\/uploads\/2019\/05\/AA-Reuni\u00e3o-Codemar-768x576.jpg","width":768,"height":576},"large":{"url":"https:\/\/construcaocivil.siriusmarketingedesign.com.br\/wp-content\/uploads\/2019\/05\/AA-Reuni\u00e3o-Codemar-1024x768.jpg","width":1024,"height":768},"full":{"url":"https:\/\/construcaocivil.siriusmarketingedesign.com.br\/wp-content\/uploads\/2019\/05\/AA-Reuni\u00e3o-Codemar.jpg","width":1024,"height":768}},"spectra_blocks_author_info":{"display_name":"Jornal da Constru\u00e7\u00e3o Civil","avatar_url":"https:\/\/secure.gravatar.com\/avatar\/973c9774fd44ddaceb026973c4962faa70fc512bc4c9da68e8ebb40fecee6540?s=96&d=mm&r=g","author_link":"https:\/\/construcaocivil.siriusmarketingedesign.com.br\/?author=1","description":"Desde de 2013, levando muitas informa\u00e7\u00f5es, lan\u00e7amentos e produtos de qualidade para toda cadeia produtiva da constru\u00e7\u00e3o. O Futuro da constru\u00e7\u00e3o passa por aqui,"},"uagb_featured_image_src":{"full":["https:\/\/construcaocivil.siriusmarketingedesign.com.br\/wp-content\/uploads\/2019\/05\/AA-Reuni\u00e3o-Codemar.jpg",1024,768,false],"thumbnail":["https:\/\/construcaocivil.siriusmarketingedesign.com.br\/wp-content\/uploads\/2019\/05\/AA-Reuni\u00e3o-Codemar-150x150.jpg",150,150,true],"medium":["https:\/\/construcaocivil.siriusmarketingedesign.com.br\/wp-content\/uploads\/2019\/05\/AA-Reuni\u00e3o-Codemar-300x225.jpg",300,225,true],"medium_large":["https:\/\/construcaocivil.siriusmarketingedesign.com.br\/wp-content\/uploads\/2019\/05\/AA-Reuni\u00e3o-Codemar-768x576.jpg",768,576,true],"large":["https:\/\/construcaocivil.siriusmarketingedesign.com.br\/wp-content\/uploads\/2019\/05\/AA-Reuni\u00e3o-Codemar-1024x768.jpg",1024,768,true],"1536x1536":["https:\/\/construcaocivil.siriusmarketingedesign.com.br\/wp-content\/uploads\/2019\/05\/AA-Reuni\u00e3o-Codemar.jpg",1024,768,false],"2048x2048":["https:\/\/construcaocivil.siriusmarketingedesign.com.br\/wp-content\/uploads\/2019\/05\/AA-Reuni\u00e3o-Codemar.jpg",1024,768,false]},"uagb_author_info":{"display_name":"Jornal da Constru\u00e7\u00e3o Civil","author_link":"https:\/\/construcaocivil.siriusmarketingedesign.com.br\/?author=1"},"uagb_comment_info":0,"uagb_excerpt":"Por Aline Balbino Maio, 2019 &#8211; No ano passado, foi aprovado um Projeto de Lei de autoria do Poder Executivo prevendo a cria\u00e7\u00e3o do Maric\u00e1 Rotativo que consiste no ordenamento do tr\u00e2nsito por meio da cobran\u00e7a de estacionamento nas ruas da cidade. Hoje, o vereador Aldair de Linda, participou de uma reuni\u00e3o com o presidente&hellip;","_links":{"self":[{"href":"https:\/\/construcaocivil.siriusmarketingedesign.com.br\/index.php?rest_route=\/wp\/v2\/posts\/11656","targetHints":{"allow":["GET"]}}],"collection":[{"href":"https:\/\/construcaocivil.siriusmarketingedesign.com.br\/index.php?rest_route=\/wp\/v2\/posts"}],"about":[{"href":"https:\/\/construcaocivil.siriusmarketingedesign.com.br\/index.php?rest_route=\/wp\/v2\/types\/post"}],"author":[{"embeddable":true,"href":"https:\/\/construcaocivil.siriusmarketingedesign.com.br\/index.php?rest_route=\/wp\/v2\/users\/1"}],"replies":[{"embeddable":true,"href":"https:\/\/construcaocivil.siriusmarketingedesign.com.br\/index.php?rest_route=%2Fwp%2Fv2%2Fcomments&post=11656"}],"version-history":[{"count":0,"href":"https:\/\/construcaocivil.siriusmarketingedesign.com.br\/index.php?rest_route=\/wp\/v2\/posts\/11656\/revisions"}],"wp:featuredmedia":[{"embeddable":true,"href":"https:\/\/construcaocivil.siriusmarketingedesign.com.br\/index.php?rest_route=\/wp\/v2\/media\/11657"}],"wp:attachment":[{"href":"https:\/\/construcaocivil.siriusmarketingedesign.com.br\/index.php?rest_route=%2Fwp%2Fv2%2Fmedia&parent=11656"}],"wp:term":[{"taxonomy":"category","embeddable":true,"href":"https:\/\/construcaocivil.siriusmarketingedesign.com.br\/index.php?rest_route=%2Fwp%2Fv2%2Fcategories&post=11656"},{"taxonomy":"post_tag","embeddable":true,"href":"https:\/\/construcaocivil.siriusmarketingedesign.com.br\/index.php?rest_route=%2Fwp%2Fv2%2Ftags&post=11656"}],"curies":[{"name":"wp","href":"https:\/\/api.w.org\/{rel}","templated":true}]}}