{"id":11659,"date":"2019-05-04T12:46:07","date_gmt":"2019-05-04T15:46:07","guid":{"rendered":"https:\/\/www.jornaldaconstrucaocivil.com.br\/?p=11659"},"modified":"2019-05-04T12:46:07","modified_gmt":"2019-05-04T15:46:07","slug":"r-800-milhoes-para-habitacao-apos-ameaca-de-encerrar-atividades-em-junho-programa-minha-casa-minha-vida-tera-verbas-federais","status":"publish","type":"post","link":"https:\/\/construcaocivil.siriusmarketingedesign.com.br\/?p=11659","title":{"rendered":"R$ 800 milh\u00f5es para Habita\u00e7\u00e3o: Ap\u00f3s amea\u00e7a de encerrar atividades em junho, Programa Minha Casa Minha Vida ter\u00e1 verbas federais"},"content":{"rendered":"<p style=\"text-align: justify;\"><span style=\"color: #993300;\">Maio, 2019<\/span> &#8211; Como foi dito anteriormente pelo Ministro do Desenvolvimento Regional, Gustuvo Canuto que, o Programa Minha Casa Minha Vida amea\u00e7ava encerrar suas atividades em junho\/19, por falta de dinheiro, o Minist\u00e9rio da Economia resolveu agir e liberar recursos para continua\u00e7\u00e3o do MCMV, na ordem de R$ 800 milh\u00f5es. Para diversas entidades do setor da constru\u00e7\u00e3o, o programa \u00e9 essencial para toda uma cadeia produtiva da constru\u00e7\u00e3o: empregos, vendas de material de constru\u00e7\u00e3o, mercado imobili\u00e1rio e habita\u00e7\u00e3o.<\/p>\n<p style=\"text-align: justify;\">Jos\u00e9 Carlos Martins, presidente da CBIC, comenta sobre a import\u00e2ncia extrema da constru\u00e7\u00e3o no PIB do pa\u00eds, <span style=\"color: #993300;\"><em>&#8221; Na constru\u00e7\u00e3o de um empreendimento residencial em qualquer regi\u00e3o do Brasil, temos 62 cadeias produtivas envolvidas no processo da constru\u00e7\u00e3o de um im\u00f3vel. Portanto, a constru\u00e7\u00e3o \u00e9 fundamental para fazer o Brasil\u00a0 voltar a crescer&#8221;. <\/em><\/span>De acordo, com a Casa Civil, o programa \u00e9 prioridade da Uni\u00e3o.<\/p>\n<p>Acesse na \u00edntegra o link <span style=\"color: #0000ff;\">http:\/\/mdr.gov.br\/ultimas-noticias\/8198-governo-federal-garante-investimentos-para-continuidade-do-minha-casa-minha-vida<\/span><\/p>\n","protected":false},"excerpt":{"rendered":"<p>Maio, 2019 &#8211; Como foi dito anteriormente pelo Ministro do Desenvolvimento Regional, Gustuvo Canuto que, o Programa Minha Casa Minha Vida amea\u00e7ava encerrar suas atividades em junho\/19, por falta de dinheiro, o Minist\u00e9rio da Economia resolveu agir e liberar recursos para continua\u00e7\u00e3o do MCMV, na ordem de R$ 800 milh\u00f5es. Para diversas entidades do setor [&hellip;]<\/p>\n","protected":false},"author":1,"featured_media":10892,"comment_status":"open","ping_status":"open","sticky":false,"template":"","format":"standard","meta":{"_uag_custom_page_level_css":"","footnotes":""},"categories":[30],"tags":[1569,1679,2029,2826,16013,5554,5732,7563,7692,16012,8144,16011,16010,11433],"class_list":["post-11659","post","type-post","status-publish","format-standard","has-post-thumbnail","hentry","category-imoveis","tag-brasilia","tag-caixa-economica-federal","tag-cbic","tag-construcao-civil","tag-empregoos","tag-governo-federal","tag-habitacao-popular","tag-mercado-imobiliario","tag-minha-casa-minha-vida","tag-ministerio-do-desenvolvimento-regional","tag-nordeste","tag-r-800-milhoes-para-minha-casa-minha-vida","tag-socorro-habitacao","tag-sudeste"],"blocksy_meta":[],"spectra_blocks_featured_image_url":{"thumbnail":{"url":"https:\/\/construcaocivil.siriusmarketingedesign.com.br\/wp-content\/uploads\/2019\/01\/antonio_cruz_casa_popular-150x150.jpg","width":150,"height":150},"medium":{"url":"https:\/\/construcaocivil.siriusmarketingedesign.com.br\/wp-content\/uploads\/2019\/01\/antonio_cruz_casa_popular-300x208.jpg","width":300,"height":208},"medium_large":{"url":"https:\/\/construcaocivil.siriusmarketingedesign.com.br\/wp-content\/uploads\/2019\/01\/antonio_cruz_casa_popular.jpg","width":620,"height":430},"large":{"url":"https:\/\/construcaocivil.siriusmarketingedesign.com.br\/wp-content\/uploads\/2019\/01\/antonio_cruz_casa_popular.jpg","width":620,"height":430},"full":{"url":"https:\/\/construcaocivil.siriusmarketingedesign.com.br\/wp-content\/uploads\/2019\/01\/antonio_cruz_casa_popular.jpg","width":620,"height":430}},"spectra_blocks_author_info":{"display_name":"Jornal da Constru\u00e7\u00e3o Civil","avatar_url":"https:\/\/secure.gravatar.com\/avatar\/973c9774fd44ddaceb026973c4962faa70fc512bc4c9da68e8ebb40fecee6540?s=96&d=mm&r=g","author_link":"https:\/\/construcaocivil.siriusmarketingedesign.com.br\/?author=1","description":"Desde de 2013, levando muitas informa\u00e7\u00f5es, lan\u00e7amentos e produtos de qualidade para toda cadeia produtiva da constru\u00e7\u00e3o. O Futuro da constru\u00e7\u00e3o passa por aqui,"},"uagb_featured_image_src":{"full":["https:\/\/construcaocivil.siriusmarketingedesign.com.br\/wp-content\/uploads\/2019\/01\/antonio_cruz_casa_popular.jpg",620,430,false],"thumbnail":["https:\/\/construcaocivil.siriusmarketingedesign.com.br\/wp-content\/uploads\/2019\/01\/antonio_cruz_casa_popular-150x150.jpg",150,150,true],"medium":["https:\/\/construcaocivil.siriusmarketingedesign.com.br\/wp-content\/uploads\/2019\/01\/antonio_cruz_casa_popular-300x208.jpg",300,208,true],"medium_large":["https:\/\/construcaocivil.siriusmarketingedesign.com.br\/wp-content\/uploads\/2019\/01\/antonio_cruz_casa_popular.jpg",620,430,false],"large":["https:\/\/construcaocivil.siriusmarketingedesign.com.br\/wp-content\/uploads\/2019\/01\/antonio_cruz_casa_popular.jpg",620,430,false],"1536x1536":["https:\/\/construcaocivil.siriusmarketingedesign.com.br\/wp-content\/uploads\/2019\/01\/antonio_cruz_casa_popular.jpg",620,430,false],"2048x2048":["https:\/\/construcaocivil.siriusmarketingedesign.com.br\/wp-content\/uploads\/2019\/01\/antonio_cruz_casa_popular.jpg",620,430,false]},"uagb_author_info":{"display_name":"Jornal da Constru\u00e7\u00e3o Civil","author_link":"https:\/\/construcaocivil.siriusmarketingedesign.com.br\/?author=1"},"uagb_comment_info":0,"uagb_excerpt":"Maio, 2019 &#8211; Como foi dito anteriormente pelo Ministro do Desenvolvimento Regional, Gustuvo Canuto que, o Programa Minha Casa Minha Vida amea\u00e7ava encerrar suas atividades em junho\/19, por falta de dinheiro, o Minist\u00e9rio da Economia resolveu agir e liberar recursos para continua\u00e7\u00e3o do MCMV, na ordem de R$ 800 milh\u00f5es. Para diversas entidades do setor&hellip;","_links":{"self":[{"href":"https:\/\/construcaocivil.siriusmarketingedesign.com.br\/index.php?rest_route=\/wp\/v2\/posts\/11659","targetHints":{"allow":["GET"]}}],"collection":[{"href":"https:\/\/construcaocivil.siriusmarketingedesign.com.br\/index.php?rest_route=\/wp\/v2\/posts"}],"about":[{"href":"https:\/\/construcaocivil.siriusmarketingedesign.com.br\/index.php?rest_route=\/wp\/v2\/types\/post"}],"author":[{"embeddable":true,"href":"https:\/\/construcaocivil.siriusmarketingedesign.com.br\/index.php?rest_route=\/wp\/v2\/users\/1"}],"replies":[{"embeddable":true,"href":"https:\/\/construcaocivil.siriusmarketingedesign.com.br\/index.php?rest_route=%2Fwp%2Fv2%2Fcomments&post=11659"}],"version-history":[{"count":0,"href":"https:\/\/construcaocivil.siriusmarketingedesign.com.br\/index.php?rest_route=\/wp\/v2\/posts\/11659\/revisions"}],"wp:featuredmedia":[{"embeddable":true,"href":"https:\/\/construcaocivil.siriusmarketingedesign.com.br\/index.php?rest_route=\/wp\/v2\/media\/10892"}],"wp:attachment":[{"href":"https:\/\/construcaocivil.siriusmarketingedesign.com.br\/index.php?rest_route=%2Fwp%2Fv2%2Fmedia&parent=11659"}],"wp:term":[{"taxonomy":"category","embeddable":true,"href":"https:\/\/construcaocivil.siriusmarketingedesign.com.br\/index.php?rest_route=%2Fwp%2Fv2%2Fcategories&post=11659"},{"taxonomy":"post_tag","embeddable":true,"href":"https:\/\/construcaocivil.siriusmarketingedesign.com.br\/index.php?rest_route=%2Fwp%2Fv2%2Ftags&post=11659"}],"curies":[{"name":"wp","href":"https:\/\/api.w.org\/{rel}","templated":true}]}}