{"id":11673,"date":"2019-05-07T12:33:19","date_gmt":"2019-05-07T15:33:19","guid":{"rendered":"https:\/\/www.jornaldaconstrucaocivil.com.br\/?p=11673"},"modified":"2019-05-07T12:33:19","modified_gmt":"2019-05-07T15:33:19","slug":"lei-de-incentivo-a-cultura-na-pratica-seconci-rio-fiocruz-e-secretaria-municipal-de-cultura-do-rio-se-unem-para-capacitar-produtores-culturais-em-todas-as-regioes-da-cidade","status":"publish","type":"post","link":"https:\/\/construcaocivil.siriusmarketingedesign.com.br\/?p=11673","title":{"rendered":"Lei de Incentivo \u00e0 Cultura na pr\u00e1tica: Seconci -Rio , Fiocruz e Secretaria Municipal de Cultura do Rio se unem para capacitar produtores culturais em todas as regi\u00f5es da cidade"},"content":{"rendered":"<p style=\"text-align: justify;\"><span style=\"color: #993300;\">Maio, 2019<\/span> &#8211; At\u00e9 o <b>dia 22 de maio<\/b>, o\u00a0<b>Seconci-Rio<\/b>, em parceria com a\u00a0<b>Fiocruz<\/b>, estar\u00e1 realizando\u00a0<b>o <span style=\"color: #ff0000;\">&#8220;Circuito ISS &#8211; 2019&#8221;,<\/span><\/b>\u00a0promovido pela Secretaria Municipal de Cultura com o \u00a0objetivo incentivar o di\u00e1logo com empreendedores culturais de todas as regi\u00f5es do munic\u00edpio, de modo a democratizar o acesso aos recursos e benef\u00edcios proporcionados pela Lei do ISS. Composto por cinco enco<a name=\"m_1997039776546870238_m_-5049798211221777634_m_641891586361794731_m_1871395839015998912_m_-9222806313430592518_m_-3319269437542016516_m_-2606879395974265233_m_-3666425848281550860_m_2736976602746993337__GoBack\"><\/a>ntros, o circuito almeja contemplar os produtores culturais das mais diversas linguagens art\u00edsticas que queiram inscrever projetos na Lei de Incentivo Cultural Municipal \u2013 Lei do ISS.<\/p>\n<p style=\"text-align: justify;\">\u00a0Para Ana Flavia Godoi, Especialista em Desenvolvimento Institucional do Seconci-Rio e Conselheira da Associa\u00e7\u00e3o Brasileira de Captadores de Recursos,\u00a0 trata-se de uma experi\u00eancia \u00fanica e imperd\u00edvel de conhecer os principais desafios dos empreendedores culturais e descobrir modos de ampliar o seu potencial de capta\u00e7\u00e3o:<i>&#8220;Desde 2016, o Seconci-Rio promove o desenvolvimento sustent\u00e1vel atrav\u00e9s dos Programas de Relacionamento Comunit\u00e1rio em associa\u00e7\u00e3o com a iniciativa privada e uma das principais a\u00e7\u00f5es que executamos \u00e9 o edital de apoio a projetos sociais, culturais e ambientais. Portanto, esta\u00a0 ser\u00e1 uma grande\u00a0 oportunidade para \u00a0entender \u00a0ainda mais a realidade desse mercado&#8221;,<\/i>\u00a0comemora ela, que estar\u00e1 atuando ao lado do Coordenador do Escrit\u00f3rio de Capta\u00e7\u00e3o de Recursos da Fiocruz, Luiz Donadio, junto aos produtores culturais de todas as regi\u00f5es do RJ, para promover o d\u00e1logo sobre t\u00e9cnicas e ferramentas de capta\u00e7\u00e3o com empresas, \u00a0diversifica\u00e7\u00e3o de fontes de financiamento e, principalmente, sobre fortalecimento institucional das iniciativas culturais na cidade do Rio de Janeiro.<\/p>\n<p style=\"text-align: justify;\">As inscri\u00e7\u00f5es s\u00e3o gratuitas e dever\u00e3o ser feitas atrav\u00e9s do preenchimento do formul\u00e1rio dispon\u00edvel no link\u00a0<span style=\"color: #0000ff;\"><a style=\"color: #0000ff;\" href=\"https:\/\/www.sympla.com.br\/circuito-iss-2019__516556\" target=\"_blank\" rel=\"noopener noreferrer\">https:\/\/www.sympla.com.br\/circuito-iss-2019__516556<\/a>.<\/span> Para participar dos encontros, que acontecer\u00e3o sempre das 10h \u00e0s 17h, \u00a0cada produtor dever\u00e1 escolher um local de sua prefer\u00eancia. S\u00e3o eles:<\/p>\n<p style=\"text-align: justify;\"><b>Dia 08\/05<\/b>\u00a0&#8211; Cidade das Artes, na Barra da Tijuca;<\/p>\n<p style=\"text-align: justify;\"><b>Dia 10\/05 &#8211;<\/b>\u00a0\u00a0Areninha Carioca Gilberto Gil, em Realengo;<\/p>\n<p style=\"text-align: justify;\"><b>Dia 22\/05<\/b>\u00a0&#8211; Centro Coreogr\u00e1fico da Cidade do Rio de Janeiro, na Tijuca.<\/p>\n<p style=\"text-align: justify;\">As reuni\u00f5es ser\u00e3o organizadas pela Comiss\u00e3o Carioca de Promo\u00e7\u00e3o Cultural da Secretaria Municipal de Cultura. O conte\u00fado ser\u00e1 o mesmo nos cinco encontros, portanto, n\u00e3o h\u00e1 necessidade de inscri\u00e7\u00e3o em mais de um. Os produtores receber\u00e3o certificado uma semana ap\u00f3s o evento.<\/p>\n<p>Fonte: Imprensa\/Seconci-Rio<\/p>\n","protected":false},"excerpt":{"rendered":"<p>Maio, 2019 &#8211; At\u00e9 o dia 22 de maio, o\u00a0Seconci-Rio, em parceria com a\u00a0Fiocruz, estar\u00e1 realizando\u00a0o &#8220;Circuito ISS &#8211; 2019&#8221;,\u00a0promovido pela Secretaria Municipal de Cultura com o \u00a0objetivo incentivar o di\u00e1logo com empreendedores culturais de todas as regi\u00f5es do munic\u00edpio, de modo a democratizar o acesso aos recursos e benef\u00edcios proporcionados pela Lei do ISS. [&hellip;]<\/p>\n","protected":false},"author":1,"featured_media":11674,"comment_status":"open","ping_status":"open","sticky":false,"template":"","format":"standard","meta":{"_uag_custom_page_level_css":"","footnotes":""},"categories":[27],"tags":[16035,1295,16036,16034,16030,16031,16032,5092,6024,16033,10375,10732],"class_list":["post-11673","post","type-post","status-publish","format-standard","has-post-thumbnail","hentry","category-acontece","tag-areninha-carioca-gilberto-gil-realengo","tag-barra-da-tijuca","tag-centro-coreografico-da-cidade-tijuca","tag-cidade-das-artes","tag-circuito-iss-2019","tag-cultura-e-cidadania","tag-diversao-e-arte","tag-fiocruz","tag-industria-criativa","tag-lei-de-incentivo-cultural-municipal-lei-do-iss","tag-rio-de-janeiro","tag-seconci-rio"],"blocksy_meta":[],"spectra_blocks_featured_image_url":{"thumbnail":{"url":"https:\/\/construcaocivil.siriusmarketingedesign.com.br\/wp-content\/uploads\/2019\/05\/ISS-2019-OK-150x150.jpg","width":150,"height":150},"medium":{"url":"https:\/\/construcaocivil.siriusmarketingedesign.com.br\/wp-content\/uploads\/2019\/05\/ISS-2019-OK-300x127.jpg","width":300,"height":127},"medium_large":{"url":"https:\/\/construcaocivil.siriusmarketingedesign.com.br\/wp-content\/uploads\/2019\/05\/ISS-2019-OK-768x326.jpg","width":768,"height":326},"large":{"url":"https:\/\/construcaocivil.siriusmarketingedesign.com.br\/wp-content\/uploads\/2019\/05\/ISS-2019-OK-1024x434.jpg","width":1024,"height":434},"full":{"url":"https:\/\/construcaocivil.siriusmarketingedesign.com.br\/wp-content\/uploads\/2019\/05\/ISS-2019-OK.jpg","width":1339,"height":568}},"spectra_blocks_author_info":{"display_name":"Jornal da Constru\u00e7\u00e3o Civil","avatar_url":"https:\/\/secure.gravatar.com\/avatar\/973c9774fd44ddaceb026973c4962faa70fc512bc4c9da68e8ebb40fecee6540?s=96&d=mm&r=g","author_link":"https:\/\/construcaocivil.siriusmarketingedesign.com.br\/?author=1","description":"Desde de 2013, levando muitas informa\u00e7\u00f5es, lan\u00e7amentos e produtos de qualidade para toda cadeia produtiva da constru\u00e7\u00e3o. O Futuro da constru\u00e7\u00e3o passa por aqui,"},"uagb_featured_image_src":{"full":["https:\/\/construcaocivil.siriusmarketingedesign.com.br\/wp-content\/uploads\/2019\/05\/ISS-2019-OK.jpg",1339,568,false],"thumbnail":["https:\/\/construcaocivil.siriusmarketingedesign.com.br\/wp-content\/uploads\/2019\/05\/ISS-2019-OK-150x150.jpg",150,150,true],"medium":["https:\/\/construcaocivil.siriusmarketingedesign.com.br\/wp-content\/uploads\/2019\/05\/ISS-2019-OK-300x127.jpg",300,127,true],"medium_large":["https:\/\/construcaocivil.siriusmarketingedesign.com.br\/wp-content\/uploads\/2019\/05\/ISS-2019-OK-768x326.jpg",768,326,true],"large":["https:\/\/construcaocivil.siriusmarketingedesign.com.br\/wp-content\/uploads\/2019\/05\/ISS-2019-OK-1024x434.jpg",1024,434,true],"1536x1536":["https:\/\/construcaocivil.siriusmarketingedesign.com.br\/wp-content\/uploads\/2019\/05\/ISS-2019-OK.jpg",1339,568,false],"2048x2048":["https:\/\/construcaocivil.siriusmarketingedesign.com.br\/wp-content\/uploads\/2019\/05\/ISS-2019-OK.jpg",1339,568,false]},"uagb_author_info":{"display_name":"Jornal da Constru\u00e7\u00e3o Civil","author_link":"https:\/\/construcaocivil.siriusmarketingedesign.com.br\/?author=1"},"uagb_comment_info":0,"uagb_excerpt":"Maio, 2019 &#8211; At\u00e9 o dia 22 de maio, o\u00a0Seconci-Rio, em parceria com a\u00a0Fiocruz, estar\u00e1 realizando\u00a0o &#8220;Circuito ISS &#8211; 2019&#8221;,\u00a0promovido pela Secretaria Municipal de Cultura com o \u00a0objetivo incentivar o di\u00e1logo com empreendedores culturais de todas as regi\u00f5es do munic\u00edpio, de modo a democratizar o acesso aos recursos e benef\u00edcios proporcionados pela Lei do ISS.&hellip;","_links":{"self":[{"href":"https:\/\/construcaocivil.siriusmarketingedesign.com.br\/index.php?rest_route=\/wp\/v2\/posts\/11673","targetHints":{"allow":["GET"]}}],"collection":[{"href":"https:\/\/construcaocivil.siriusmarketingedesign.com.br\/index.php?rest_route=\/wp\/v2\/posts"}],"about":[{"href":"https:\/\/construcaocivil.siriusmarketingedesign.com.br\/index.php?rest_route=\/wp\/v2\/types\/post"}],"author":[{"embeddable":true,"href":"https:\/\/construcaocivil.siriusmarketingedesign.com.br\/index.php?rest_route=\/wp\/v2\/users\/1"}],"replies":[{"embeddable":true,"href":"https:\/\/construcaocivil.siriusmarketingedesign.com.br\/index.php?rest_route=%2Fwp%2Fv2%2Fcomments&post=11673"}],"version-history":[{"count":0,"href":"https:\/\/construcaocivil.siriusmarketingedesign.com.br\/index.php?rest_route=\/wp\/v2\/posts\/11673\/revisions"}],"wp:featuredmedia":[{"embeddable":true,"href":"https:\/\/construcaocivil.siriusmarketingedesign.com.br\/index.php?rest_route=\/wp\/v2\/media\/11674"}],"wp:attachment":[{"href":"https:\/\/construcaocivil.siriusmarketingedesign.com.br\/index.php?rest_route=%2Fwp%2Fv2%2Fmedia&parent=11673"}],"wp:term":[{"taxonomy":"category","embeddable":true,"href":"https:\/\/construcaocivil.siriusmarketingedesign.com.br\/index.php?rest_route=%2Fwp%2Fv2%2Fcategories&post=11673"},{"taxonomy":"post_tag","embeddable":true,"href":"https:\/\/construcaocivil.siriusmarketingedesign.com.br\/index.php?rest_route=%2Fwp%2Fv2%2Ftags&post=11673"}],"curies":[{"name":"wp","href":"https:\/\/api.w.org\/{rel}","templated":true}]}}