{"id":11705,"date":"2019-05-11T11:59:56","date_gmt":"2019-05-11T14:59:56","guid":{"rendered":"https:\/\/www.jornaldaconstrucaocivil.com.br\/?p=11705"},"modified":"2019-05-11T11:59:56","modified_gmt":"2019-05-11T14:59:56","slug":"demanda-da-arquitetura-e-urbanismo-vai-alem-do-espaco","status":"publish","type":"post","link":"https:\/\/construcaocivil.siriusmarketingedesign.com.br\/?p=11705","title":{"rendered":"Demanda da arquitetura e urbanismo vai al\u00e9m do espa\u00e7o"},"content":{"rendered":"<p style=\"text-align: justify;\"><span style=\"color: #993300;\">Maio, 2019<\/span> &#8211; Quando se fala em arquitetura, de forma geral, logo vem \u00e0 mente aquelas constru\u00e7\u00f5es glamorosas que enchem os olhos com os detalhes. Por\u00e9m, se voc\u00ea analisar, o luxo \u00e9 a minoria num pa\u00eds como o Brasil, assim como na maior parte do mundo&#8230; Nessa realidade, o trabalho do profissional da arquitetura e urbanismo se torna ainda mais essencial, principalmente nas comunidades. \u201cN\u00e3o adianta fazer uma cidade em que s\u00f3 funcionam os bairros ricos, porque isso \u00e9 ruim tanto para este p\u00fablico quanto para as \u00e1reas informais. Ent\u00e3o, quando investimos nas favelas para que elas se tornem \u00e1reas formalizadas, com estruturas e servi\u00e7os, n\u00e3o estamos s\u00f3 melhorando a vida daquela comunidade, mas da cidade como um todo\u201d, ressalta o professor Pedro Henrique de Cristo, paraibano fundador do est\u00fadio +D e coordenador do projeto <span style=\"color: #0000ff;\">@Brasil21.<\/span><\/p>\n<p style=\"text-align: justify;\">Cristo \u00e9 um dos convidados da 7\u00aa Jornada de Arquitetura e Urbanismo da Unoeste, que traz como tema a dimens\u00e3o pol\u00edtica da arquitetura no panorama atual brasileiro. As atividades tiveram in\u00edcio na quarta-feira (8) e continuou at\u00e9 quinta-feira(10). No dia 09, o paraibano falou sobre pol\u00edticas p\u00fablicas nesta profiss\u00e3o. Ele tamb\u00e9m compartilhou um pouco de sua experi\u00eancia nos Estados Unidos, quando fez seu mestrado na universidade de Harvard.<\/p>\n<p>&nbsp;<\/p>\n<p style=\"text-align: justify;\">Segundo ele, a arquitetura, hoje, tem uma demanda muito urgente de ir al\u00e9m do espa\u00e7o, em que n\u00e3o se pode mais pensar somente no objeto constru\u00eddo, mas na integra\u00e7\u00e3o desse espa\u00e7o com as pol\u00edticas p\u00fablicas existentes e com as tecnologias dispon\u00edveis. \u201cO grande poder da arquitetura \u00e9 a s\u00edntese, de misturar v\u00e1rias coisas para encontrar uma solu\u00e7\u00e3o, e os principais desafios da humanidade s\u00e3o: desigualdade, mudan\u00e7a clim\u00e1tica, urbaniza\u00e7\u00e3o, que s\u00e3o todos programas interdisciplinares. Ent\u00e3o, ao mesmo tempo em que a arquitetura est\u00e1 mais relevante do que nunca para os outros meios, ela tamb\u00e9m \u00e9 mais importante do que nunca para solucionar esses problemas\u201d, afirma.<\/p>\n<p style=\"text-align: justify;\">Globalmente, o paraibano comenta que uma das principais dificuldades deste profissional \u00e9 integrar os conhecimentos de outras \u00e1reas na pr\u00e1tica em arquitetura. \u201cAqui no Brasil, apesar de um grande talento das pessoas, a quest\u00e3o est\u00e1 em ter acesso aos melhores recursos para poder trabalhar, fazer pesquisas, desenvolver extens\u00e3o e utilizar tecnologias de ponta. Quando voc\u00ea pensa nos principais softwares, o custo anual \u00e9 por volta de R$ 3 mil, e isso \u00e9 irreal para um estudante brasileiro. A competi\u00e7\u00e3o com um estudante dos EUA ou europa \u00e9 muito desleal, por outro lado, temos muito talento para superar essa diferen\u00e7a\u201d.<\/p>\n<p style=\"text-align: justify;\">Para esses futuros arquitetos e urbanistas, Cristo salienta que quanto mais problemas, mais oportunidades, \u201cj\u00e1 que quando as coisas est\u00e3o bagun\u00e7adas, aparecem brechas para inovar, na necessidade de resolver os problemas. No entanto, as solu\u00e7\u00f5es tamb\u00e9m s\u00e3o mais urgentes\u201d. Segundo ele, muitas vezes, os profissionais que partem de origem mais humilde s\u00e3o os com maior possibilidade de inova\u00e7\u00e3o. \u201cE isso n\u00e3o \u00e9 porque tiveram acesso \u00e0s melhores tecnologias e recursos, mas porque eles t\u00eam uma dimens\u00e3o social mais forte para pensar nos desafios. Vemos isso no dia a dia de estudantes pensando em fazer, sim, pr\u00e9dios incr\u00edveis, mas que sirvam \u00e0s pessoas, sobretudo \u00e0s que mais precisam\u201d, frisa.<\/p>\n<p style=\"text-align: justify;\">Na quinta-feira (9), Cristo participou da Roda de Discuss\u00e3o \u201cDesenvolvimento comunit\u00e1rio: desafios e oportunidades\u201d, ao lado do arquiteto Ygor Melo, o qual estuda e desenvolve pr\u00e1ticas profissionalizantes voltadas \u00e0 Assessoria T\u00e9cnica para Habita\u00e7\u00e3o de Interesse Social (ATHIS), junto \u00e0 faculdade de Arquitetura e Urbanismo da Universidade de S\u00e3o Paulo (FAU-USP). Desde 2018 atua como coordenador de Moradia e Habitat na Organiza\u00e7\u00e3o Social TETO, em S\u00e3o Paulo.<\/p>\n<p style=\"text-align: justify;\"><span style=\"color: #993300;\"><strong>Jornada acad\u00eamica<\/strong><\/span><\/p>\n<p style=\"text-align: justify;\">A coordenadora da gradua\u00e7\u00e3o, Marcela do Carmo Vieira, destaca que todo o evento \u00e9 organizado pelo Centro Acad\u00eamico do Curso de Arquitetura e Urbanismo (Cacau), alunos que est\u00e3o \u00e0 frente da programa\u00e7\u00e3o e que contam com apoio de professores. \u201cTudo foi pensado por eles e, a cada ano, somos surpreendidos. O contato com os convidados tamb\u00e9m \u00e9 feito pelos acad\u00eamicos e recebemos muitos profissionais de renome nacional. Fora que os estudantes preparam todo o sal\u00e3o, reproduzem as interven\u00e7\u00f5es realizadas no curso e tornam o espa\u00e7o ainda mais agrad\u00e1vel. N\u00f3s, professores, ficamos muito orgulhosos com todo esse cuidado e dedica\u00e7\u00e3o dos alunos na realiza\u00e7\u00e3o da nossa jornada\u201d, finalizou.<\/p>\n<p>Fonte: Imprensa\/ Unioeste<\/p>\n<p style=\"text-align: justify;\">\n","protected":false},"excerpt":{"rendered":"<p>Maio, 2019 &#8211; Quando se fala em arquitetura, de forma geral, logo vem \u00e0 mente aquelas constru\u00e7\u00f5es glamorosas que enchem os olhos com os detalhes. Por\u00e9m, se voc\u00ea analisar, o luxo \u00e9 a minoria num pa\u00eds como o Brasil, assim como na maior parte do mundo&#8230; Nessa realidade, o trabalho do profissional da arquitetura e [&hellip;]<\/p>\n","protected":false},"author":1,"featured_media":11706,"comment_status":"open","ping_status":"open","sticky":false,"template":"","format":"standard","meta":{"_uag_custom_page_level_css":"","footnotes":""},"categories":[28],"tags":[16092,16090,2278,16093,16091,13263,16095,10679,16094,16089],"class_list":["post-11705","post","type-post","status-publish","format-standard","has-post-thumbnail","hentry","category-arquitetura","tag-7a-jornada-de-arquitetura-e-urbanismo-da-unoeste","tag-centro-academico-do-curso-de-arquitetura-e-urbanismo-cacau","tag-cidades-sustentaveis","tag-formacao-do-profissional-de-arquitetura-e-urbanismo","tag-futuros-arquitetos-e-urbanistas","tag-habitacao-de-interesse-social","tag-mercado-de-trabalho-projetos-arquitetonicos-modernos-e-sustentaveis","tag-sao-paulo-sp","tag-teto-habitacao-popular","tag-unioeste"],"blocksy_meta":[],"spectra_blocks_featured_image_url":{"thumbnail":{"url":"https:\/\/construcaocivil.siriusmarketingedesign.com.br\/wp-content\/uploads\/2019\/05\/UNIOESTE-150x150.jpg","width":150,"height":150},"medium":{"url":"https:\/\/construcaocivil.siriusmarketingedesign.com.br\/wp-content\/uploads\/2019\/05\/UNIOESTE-300x200.jpg","width":300,"height":200},"medium_large":{"url":"https:\/\/construcaocivil.siriusmarketingedesign.com.br\/wp-content\/uploads\/2019\/05\/UNIOESTE-768x512.jpg","width":768,"height":512},"large":{"url":"https:\/\/construcaocivil.siriusmarketingedesign.com.br\/wp-content\/uploads\/2019\/05\/UNIOESTE-1024x683.jpg","width":1024,"height":683},"full":{"url":"https:\/\/construcaocivil.siriusmarketingedesign.com.br\/wp-content\/uploads\/2019\/05\/UNIOESTE.jpg","width":2000,"height":1334}},"spectra_blocks_author_info":{"display_name":"Jornal da Constru\u00e7\u00e3o Civil","avatar_url":"https:\/\/secure.gravatar.com\/avatar\/973c9774fd44ddaceb026973c4962faa70fc512bc4c9da68e8ebb40fecee6540?s=96&d=mm&r=g","author_link":"https:\/\/construcaocivil.siriusmarketingedesign.com.br\/?author=1","description":"Desde de 2013, levando muitas informa\u00e7\u00f5es, lan\u00e7amentos e produtos de qualidade para toda cadeia produtiva da constru\u00e7\u00e3o. O Futuro da constru\u00e7\u00e3o passa por aqui,"},"uagb_featured_image_src":{"full":["https:\/\/construcaocivil.siriusmarketingedesign.com.br\/wp-content\/uploads\/2019\/05\/UNIOESTE.jpg",2000,1334,false],"thumbnail":["https:\/\/construcaocivil.siriusmarketingedesign.com.br\/wp-content\/uploads\/2019\/05\/UNIOESTE-150x150.jpg",150,150,true],"medium":["https:\/\/construcaocivil.siriusmarketingedesign.com.br\/wp-content\/uploads\/2019\/05\/UNIOESTE-300x200.jpg",300,200,true],"medium_large":["https:\/\/construcaocivil.siriusmarketingedesign.com.br\/wp-content\/uploads\/2019\/05\/UNIOESTE-768x512.jpg",768,512,true],"large":["https:\/\/construcaocivil.siriusmarketingedesign.com.br\/wp-content\/uploads\/2019\/05\/UNIOESTE-1024x683.jpg",1024,683,true],"1536x1536":["https:\/\/construcaocivil.siriusmarketingedesign.com.br\/wp-content\/uploads\/2019\/05\/UNIOESTE.jpg",1536,1025,false],"2048x2048":["https:\/\/construcaocivil.siriusmarketingedesign.com.br\/wp-content\/uploads\/2019\/05\/UNIOESTE.jpg",2000,1334,false]},"uagb_author_info":{"display_name":"Jornal da Constru\u00e7\u00e3o Civil","author_link":"https:\/\/construcaocivil.siriusmarketingedesign.com.br\/?author=1"},"uagb_comment_info":0,"uagb_excerpt":"Maio, 2019 &#8211; Quando se fala em arquitetura, de forma geral, logo vem \u00e0 mente aquelas constru\u00e7\u00f5es glamorosas que enchem os olhos com os detalhes. Por\u00e9m, se voc\u00ea analisar, o luxo \u00e9 a minoria num pa\u00eds como o Brasil, assim como na maior parte do mundo&#8230; Nessa realidade, o trabalho do profissional da arquitetura e&hellip;","_links":{"self":[{"href":"https:\/\/construcaocivil.siriusmarketingedesign.com.br\/index.php?rest_route=\/wp\/v2\/posts\/11705","targetHints":{"allow":["GET"]}}],"collection":[{"href":"https:\/\/construcaocivil.siriusmarketingedesign.com.br\/index.php?rest_route=\/wp\/v2\/posts"}],"about":[{"href":"https:\/\/construcaocivil.siriusmarketingedesign.com.br\/index.php?rest_route=\/wp\/v2\/types\/post"}],"author":[{"embeddable":true,"href":"https:\/\/construcaocivil.siriusmarketingedesign.com.br\/index.php?rest_route=\/wp\/v2\/users\/1"}],"replies":[{"embeddable":true,"href":"https:\/\/construcaocivil.siriusmarketingedesign.com.br\/index.php?rest_route=%2Fwp%2Fv2%2Fcomments&post=11705"}],"version-history":[{"count":0,"href":"https:\/\/construcaocivil.siriusmarketingedesign.com.br\/index.php?rest_route=\/wp\/v2\/posts\/11705\/revisions"}],"wp:featuredmedia":[{"embeddable":true,"href":"https:\/\/construcaocivil.siriusmarketingedesign.com.br\/index.php?rest_route=\/wp\/v2\/media\/11706"}],"wp:attachment":[{"href":"https:\/\/construcaocivil.siriusmarketingedesign.com.br\/index.php?rest_route=%2Fwp%2Fv2%2Fmedia&parent=11705"}],"wp:term":[{"taxonomy":"category","embeddable":true,"href":"https:\/\/construcaocivil.siriusmarketingedesign.com.br\/index.php?rest_route=%2Fwp%2Fv2%2Fcategories&post=11705"},{"taxonomy":"post_tag","embeddable":true,"href":"https:\/\/construcaocivil.siriusmarketingedesign.com.br\/index.php?rest_route=%2Fwp%2Fv2%2Ftags&post=11705"}],"curies":[{"name":"wp","href":"https:\/\/api.w.org\/{rel}","templated":true}]}}