{"id":11728,"date":"2019-05-15T12:00:39","date_gmt":"2019-05-15T15:00:39","guid":{"rendered":"https:\/\/www.jornaldaconstrucaocivil.com.br\/?p=11728"},"modified":"2019-05-15T12:00:39","modified_gmt":"2019-05-15T15:00:39","slug":"de-olho-em-negocios-fabricantes-apresentam-novidades-no-showroom-yes-fortaleza","status":"publish","type":"post","link":"https:\/\/construcaocivil.siriusmarketingedesign.com.br\/?p=11728","title":{"rendered":"De olho em neg\u00f3cios, fabricantes apresentam novidades no Showroom Yes Fortaleza"},"content":{"rendered":"<p style=\"font-weight: 400; text-align: justify;\"><span style=\"color: #993300;\">Maio, 2019<\/span> &#8211; Com o objetivo de fechar bons neg\u00f3cios e aquecer as vendas em um ano ainda morno economicamente, mais de 50 fabricantes de m\u00f3veis, eletrodom\u00e9sticos e colch\u00f5es apresentam suas principais novidades da linha 2019 com condi\u00e7\u00f5es exclusivas para os lojistas da Regi\u00e3o Nordeste durante a terceira edi\u00e7\u00e3o do Showroom Yes Fortaleza.<\/p>\n<p style=\"font-weight: 400; text-align: justify;\">O evento, que ser\u00e1 realizado entre os pr\u00f3ximos dias 29 e 31 de maio, no Centro de Eventos do Cear\u00e1, deve atrair mais de 800 visitantes qualificados, que vir\u00e3o de diversas cidades do Cear\u00e1 e tamb\u00e9m das regi\u00f5es de alcance Rio Grande do Norte, Para\u00edba, Piau\u00ed e Maranh\u00e3o.<\/p>\n<figure id=\"attachment_11730\" aria-describedby=\"caption-attachment-11730\" style=\"width: 300px\" class=\"wp-caption alignleft\"><img loading=\"lazy\" decoding=\"async\" class=\"size-medium wp-image-11730\" src=\"https:\/\/www.jornaldaconstrucaocivil.com.br\/wp-content\/uploads\/2019\/05\/Roupeiro-Capri_Avelan-300x153.jpg\" alt=\"\" width=\"300\" height=\"153\" srcset=\"https:\/\/construcaocivil.siriusmarketingedesign.com.br\/wp-content\/uploads\/2019\/05\/Roupeiro-Capri_Avelan-300x153.jpg 300w, https:\/\/construcaocivil.siriusmarketingedesign.com.br\/wp-content\/uploads\/2019\/05\/Roupeiro-Capri_Avelan-768x393.jpg 768w, https:\/\/construcaocivil.siriusmarketingedesign.com.br\/wp-content\/uploads\/2019\/05\/Roupeiro-Capri_Avelan-1024x524.jpg 1024w, https:\/\/construcaocivil.siriusmarketingedesign.com.br\/wp-content\/uploads\/2019\/05\/Roupeiro-Capri_Avelan-1130x580.jpg 1130w, https:\/\/construcaocivil.siriusmarketingedesign.com.br\/wp-content\/uploads\/2019\/05\/Roupeiro-Capri_Avelan.jpg 1871w\" sizes=\"auto, (max-width: 300px) 100vw, 300px\" \/><figcaption id=\"caption-attachment-11730\" class=\"wp-caption-text\">Roupeiro Capri Avelan<\/figcaption><\/figure>\n<p style=\"font-weight: 400; text-align: justify;\">Em busca de bons resultados no evento, a fabricante paulista M\u00f3veis Bechara leva novidades em mobili\u00e1rio para a sala de estar. Entre os produtos est\u00e1 o conjunto com aparador e mesa de centro Cartier, com design inovador, p\u00e9s de metal e mini adega no aparador.<\/p>\n<p style=\"font-weight: 400; text-align: justify;\">&#8220;Temos boas perspectivas para o showroom, estamos participando desde a primeira edi\u00e7\u00e3o e sempre tivemos bons resultados. Tenho certeza que ser\u00e1 mais um ano de sucesso de p\u00fablico e vendas&#8221;, ressalta o gerente comercial da M\u00f3veis Bechara, Sandro Luiz Canabarro.<\/p>\n<p style=\"font-weight: 400; text-align: justify;\">Na linha de m\u00f3veis para o quarto, a Avelan M\u00f3veis apresenta o roupeiro Capri, com puxadores em MDF nas portas centrais e pulsador magn\u00e9tico (abertura apenas com toque) nas portas das extremidades. A empresa tamb\u00e9m apresenta m\u00f3veis para a sala de estar e cozinha.<\/p>\n<p style=\"font-weight: 400; text-align: justify;\">&#8220;Participamos do showroom em Fortaleza desde o primeiro ano e a expectativa \u00e9 sempre a melhor poss\u00edvel, pois \u00e9 um grande momento para apresentarmos a linha 2019 para a regi\u00e3o. Al\u00e9m disso, \u00e9 o momento de aproximar a empresa dos clientes&#8221;, pontua \u00c1lvaro Cruz, diretor comercial da Avelan M\u00f3veis.<\/p>\n<p style=\"font-weight: 400; text-align: justify;\">Entre as novidades em eletrodom\u00e9sticos, est\u00e3o os fog\u00f5es e cooktops da Atlas, com destaque para a linha Agile Glass \u2013 com op\u00e7\u00f5es de quatro ou cinco queimadores, fornos de 50 e 86,5 litros e dispon\u00edvel nas cores preta e inox. A principal novidade da Clarice Fog\u00f5es \u00e9 o Cadenzza Glass, com cinco bocas e dispon\u00edvel nas cores preta, amarela, azul e espelhada.<\/p>\n<p style=\"font-weight: 400;\"><strong>3\u00ba Showroom Yes Fortaleza<\/strong><\/p>\n<p style=\"font-weight: 400;\"><strong>Data:\u00a0<\/strong>29, 30 e 31 de maio de 2019<\/p>\n<p style=\"font-weight: 400;\"><strong>Local:\u00a0<\/strong>Centro de Eventos do Cear\u00e1, Fortaleza \u2013 CE<\/p>\n<p style=\"font-weight: 400;\"><strong>Hor\u00e1rio:\u00a0<\/strong>das<strong>\u00a0<\/strong>14 \u00e0s 22h<\/p>\n<p style=\"font-weight: 400;\"><strong>Acesso:\u00a0<\/strong>gratuito e exclusivo para lojistas mediante apresenta\u00e7\u00e3o de CNPJ do setor<\/p>\n<p style=\"font-weight: 400;\"><strong>Organiza\u00e7\u00e3o:\u00a0<\/strong>Yes Showroom<\/p>\n<p style=\"font-weight: 400;\"><strong>Informa\u00e7\u00f5es:<span style=\"color: #0000ff;\">\u00a0<\/span><\/strong><span style=\"color: #0000ff;\"><a style=\"color: #0000ff;\" href=\"http:\/\/www.yesshowroom.com.br\/\">www.yesshowroom.com.br<\/a><\/span>\u00a0\/ (27) 3208-8294 ou (31) 3024-5979<\/p>\n","protected":false},"excerpt":{"rendered":"<p>Maio, 2019 &#8211; Com o objetivo de fechar bons neg\u00f3cios e aquecer as vendas em um ano ainda morno economicamente, mais de 50 fabricantes de m\u00f3veis, eletrodom\u00e9sticos e colch\u00f5es apresentam suas principais novidades da linha 2019 com condi\u00e7\u00f5es exclusivas para os lojistas da Regi\u00e3o Nordeste durante a terceira edi\u00e7\u00e3o do Showroom Yes Fortaleza. O evento, [&hellip;]<\/p>\n","protected":false},"author":1,"featured_media":11729,"comment_status":"open","ping_status":"open","sticky":false,"template":"","format":"standard","meta":{"_uag_custom_page_level_css":"","footnotes":""},"categories":[28],"tags":[16132,16127,2341,16134,16129,5199,7909,8629,16130,16133,16135,10109,10383,16131],"class_list":["post-11728","post","type-post","status-publish","format-standard","has-post-thumbnail","hentry","category-arquitetura","tag-sala-de-estar","tag-3o-showroom-yes-fortaleza","tag-clientes-e-lojistas","tag-de-moveis-novos","tag-eletrodomesticos-e-colchoes","tag-fortaleza-ceara","tag-moveis","tag-paraiba","tag-piaui-e-maranhao","tag-produtos-para-cozinha","tag-promocoes-e-precos-diferentes","tag-regiao-nordeste","tag-rio-grande-do-norte","tag-vendas-de-produtos-para-casa"],"blocksy_meta":[],"spectra_blocks_featured_image_url":{"thumbnail":{"url":"https:\/\/construcaocivil.siriusmarketingedesign.com.br\/wp-content\/uploads\/2019\/05\/conjunto_mesa_aparador_cartier_moveis_bechara-150x150.jpg","width":150,"height":150},"medium":{"url":"https:\/\/construcaocivil.siriusmarketingedesign.com.br\/wp-content\/uploads\/2019\/05\/conjunto_mesa_aparador_cartier_moveis_bechara-300x225.jpg","width":300,"height":225},"medium_large":{"url":"https:\/\/construcaocivil.siriusmarketingedesign.com.br\/wp-content\/uploads\/2019\/05\/conjunto_mesa_aparador_cartier_moveis_bechara-768x576.jpg","width":768,"height":576},"large":{"url":"https:\/\/construcaocivil.siriusmarketingedesign.com.br\/wp-content\/uploads\/2019\/05\/conjunto_mesa_aparador_cartier_moveis_bechara-1024x768.jpg","width":1024,"height":768},"full":{"url":"https:\/\/construcaocivil.siriusmarketingedesign.com.br\/wp-content\/uploads\/2019\/05\/conjunto_mesa_aparador_cartier_moveis_bechara.jpg","width":1229,"height":922}},"spectra_blocks_author_info":{"display_name":"Jornal da Constru\u00e7\u00e3o Civil","avatar_url":"https:\/\/secure.gravatar.com\/avatar\/973c9774fd44ddaceb026973c4962faa70fc512bc4c9da68e8ebb40fecee6540?s=96&d=mm&r=g","author_link":"https:\/\/construcaocivil.siriusmarketingedesign.com.br\/?author=1","description":"Desde de 2013, levando muitas informa\u00e7\u00f5es, lan\u00e7amentos e produtos de qualidade para toda cadeia produtiva da constru\u00e7\u00e3o. O Futuro da constru\u00e7\u00e3o passa por aqui,"},"uagb_featured_image_src":{"full":["https:\/\/construcaocivil.siriusmarketingedesign.com.br\/wp-content\/uploads\/2019\/05\/conjunto_mesa_aparador_cartier_moveis_bechara.jpg",1229,922,false],"thumbnail":["https:\/\/construcaocivil.siriusmarketingedesign.com.br\/wp-content\/uploads\/2019\/05\/conjunto_mesa_aparador_cartier_moveis_bechara-150x150.jpg",150,150,true],"medium":["https:\/\/construcaocivil.siriusmarketingedesign.com.br\/wp-content\/uploads\/2019\/05\/conjunto_mesa_aparador_cartier_moveis_bechara-300x225.jpg",300,225,true],"medium_large":["https:\/\/construcaocivil.siriusmarketingedesign.com.br\/wp-content\/uploads\/2019\/05\/conjunto_mesa_aparador_cartier_moveis_bechara-768x576.jpg",768,576,true],"large":["https:\/\/construcaocivil.siriusmarketingedesign.com.br\/wp-content\/uploads\/2019\/05\/conjunto_mesa_aparador_cartier_moveis_bechara-1024x768.jpg",1024,768,true],"1536x1536":["https:\/\/construcaocivil.siriusmarketingedesign.com.br\/wp-content\/uploads\/2019\/05\/conjunto_mesa_aparador_cartier_moveis_bechara.jpg",1229,922,false],"2048x2048":["https:\/\/construcaocivil.siriusmarketingedesign.com.br\/wp-content\/uploads\/2019\/05\/conjunto_mesa_aparador_cartier_moveis_bechara.jpg",1229,922,false]},"uagb_author_info":{"display_name":"Jornal da Constru\u00e7\u00e3o Civil","author_link":"https:\/\/construcaocivil.siriusmarketingedesign.com.br\/?author=1"},"uagb_comment_info":0,"uagb_excerpt":"Maio, 2019 &#8211; Com o objetivo de fechar bons neg\u00f3cios e aquecer as vendas em um ano ainda morno economicamente, mais de 50 fabricantes de m\u00f3veis, eletrodom\u00e9sticos e colch\u00f5es apresentam suas principais novidades da linha 2019 com condi\u00e7\u00f5es exclusivas para os lojistas da Regi\u00e3o Nordeste durante a terceira edi\u00e7\u00e3o do Showroom Yes Fortaleza. O evento,&hellip;","_links":{"self":[{"href":"https:\/\/construcaocivil.siriusmarketingedesign.com.br\/index.php?rest_route=\/wp\/v2\/posts\/11728","targetHints":{"allow":["GET"]}}],"collection":[{"href":"https:\/\/construcaocivil.siriusmarketingedesign.com.br\/index.php?rest_route=\/wp\/v2\/posts"}],"about":[{"href":"https:\/\/construcaocivil.siriusmarketingedesign.com.br\/index.php?rest_route=\/wp\/v2\/types\/post"}],"author":[{"embeddable":true,"href":"https:\/\/construcaocivil.siriusmarketingedesign.com.br\/index.php?rest_route=\/wp\/v2\/users\/1"}],"replies":[{"embeddable":true,"href":"https:\/\/construcaocivil.siriusmarketingedesign.com.br\/index.php?rest_route=%2Fwp%2Fv2%2Fcomments&post=11728"}],"version-history":[{"count":0,"href":"https:\/\/construcaocivil.siriusmarketingedesign.com.br\/index.php?rest_route=\/wp\/v2\/posts\/11728\/revisions"}],"wp:featuredmedia":[{"embeddable":true,"href":"https:\/\/construcaocivil.siriusmarketingedesign.com.br\/index.php?rest_route=\/wp\/v2\/media\/11729"}],"wp:attachment":[{"href":"https:\/\/construcaocivil.siriusmarketingedesign.com.br\/index.php?rest_route=%2Fwp%2Fv2%2Fmedia&parent=11728"}],"wp:term":[{"taxonomy":"category","embeddable":true,"href":"https:\/\/construcaocivil.siriusmarketingedesign.com.br\/index.php?rest_route=%2Fwp%2Fv2%2Fcategories&post=11728"},{"taxonomy":"post_tag","embeddable":true,"href":"https:\/\/construcaocivil.siriusmarketingedesign.com.br\/index.php?rest_route=%2Fwp%2Fv2%2Ftags&post=11728"}],"curies":[{"name":"wp","href":"https:\/\/api.w.org\/{rel}","templated":true}]}}