{"id":11732,"date":"2019-05-31T11:45:27","date_gmt":"2019-05-31T14:45:27","guid":{"rendered":"https:\/\/www.jornaldaconstrucaocivil.com.br\/?p=11732"},"modified":"2019-05-31T12:33:01","modified_gmt":"2019-05-31T15:33:01","slug":"educacao-ameacada-protesto-contra-cortes-verbas-nas-universidade-leva-milhoes-de-estudantes-para-as-ruas-do-brasil","status":"publish","type":"post","link":"https:\/\/construcaocivil.siriusmarketingedesign.com.br\/?p=11732","title":{"rendered":"Educa\u00e7\u00e3o amea\u00e7ada: Protestos contra cortes de verbas nas universidades levam milh\u00f5es de estudantes para \u00e0s ruas do Brasil"},"content":{"rendered":"<p><em>Por Severian Rocha\u00a0<\/em><\/p>\n<p style=\"text-align: justify;\"><span style=\"color: #993300;\">Maio, 2019<\/span> &#8211; Ap\u00f3s o governo federal, atrav\u00e9s do Minist\u00e9rio da Educa\u00e7\u00e3o(MEC), anunciar no m\u00eas de abril\/19 cortes de verbas em 63 Universidades P\u00fablicos e 38 Institutos Federais na ordem de R$ 1,7 bilh\u00e3o, milhares de estudantes de todo o pa\u00eds sa\u00edram \u00e0s ruas novamente contra a medida que inviabiliza os investimentos nas \u00e1reas de ci\u00eancia, desenvolvimento e pesquisa universit\u00e1ria brasileira. Investimentos no ensino b\u00e1sico tamb\u00e9m foi afetado, mesmo, o governo federal afirmando que \u00e9 prioridade o ensino de base.<\/p>\n<p style=\"text-align: justify;\">De acordo com muitos reitores das universidades federais, o corte de gastos promovido pelo MEC vai\u00a0 afetar 50% os servi\u00e7os prestados pelas institui\u00e7\u00f5es, inclusive servi\u00e7os de manuten\u00e7\u00e3o, como limpeza de banheiros, seguran\u00e7a, luz e \u00e1gua. Na Universidade Federal Fluminense(UFF), Universidade Federal da Bahia (UFBA) e a Universidade Nacional de Bras\u00edli(UNB), tr\u00eas primeiras institui\u00e7\u00f5es atingidas pelo corte de verba do governo federal se manifestaram imediatamente solicitando por parte dos seus reitores esclarecimentos sobre o processo de redu\u00e7\u00e3o de dinheiro.<\/p>\n<p style=\"text-align: justify;\">Jo\u00e3o Carlos Salles, Reitor da UFBA, ficou surpreso com o an\u00fancio do <span style=\"color: #0000ff;\"><a style=\"color: #0000ff;\" href=\"https:\/\/www.metro1.com.br\/noticias\/politica\/72758,mec-corta-30-do-orcamento-da-ufba-e-outras-duas-universidades-por-balburdia.html\" target=\"_blank\" rel=\"noopener noreferrer\">corte de 30% na sua dota\u00e7\u00e3o or\u00e7ament\u00e1ria<\/a> ou seja cerca de R$ 230 milh\u00f5es de redu\u00e7\u00e3o. <span style=\"color: #000000;\">O Ministro da Educa\u00e7\u00e3o, alega que a UFBA, UFF e a UNB, \u00e9 um centro de Balb\u00fardia e por isso s\u00e3o as primeiras a terem corte.\u00a0<\/span><\/span><\/p>\n<p style=\"text-align: justify;\">Para apimentar os protestos, o presidente Jair Bolsonaro chamou de<span style=\"color: #ff0000;\"> &#8220;idiotas&#8221;., os estudantes brasileiros. <\/span><span style=\"color: #ff0000;\"><span style=\"color: #000000;\">J\u00e1 no dia de ontem(30\/05), o Ministro da Educa\u00e7\u00e3o disse em v\u00eddeo que estava recebendo den\u00fancia de pais de alunos sobre poss\u00edveis press\u00f5es que estudantes estavam sofrendo por professores, para participarem de protestos. De acordo com o Ministro, essas a\u00e7\u00f5es visam combater um suporto <span style=\"color: #ff0000;\">combate ideol\u00f3gico.<\/span><\/span><\/span><\/p>\n<p style=\"text-align: justify;\">Na contra m\u00e3o dessa linha dura do governo Bolsonaro, Rio, S\u00e3o Paulo, Minas, Recife, Salvador, Fortaleza, S\u00e3o Luis, Porto Alegre, Goi\u00e2nia, Florian\u00f3polis, Curitiba, Amaz\u00f4nia, Rio Branco, Cuiab\u00e1, Jo\u00e3o Pessoa, entre outras 129 cidades do pa\u00eds. De acordo, com a Uni\u00e3o Nacional dos Estudantes, hum milh\u00e3o de estudante sa\u00edram \u00e0s ruas ontem(30\/05). Somente em na capital paulista, 300 mil pessoas estiveram no ato.Na Universidade de Federal de Vi\u00e7osa(MG) &#8211; Campus Rio Parana\u00edba, tamb\u00e9m alunos sa\u00edram \u00e0s ruas e manifestaram sua indigna\u00e7\u00e3o contra medidas adotadas pelo Abraham Weintraub &#8211; Ministro da Educa\u00e7\u00e3o que sufoca o funcionamento estrutural das institui\u00e7\u00f5es federais brasileiras. A UFV, \u00e9 umas das principais universidade do mundo em pesquisa voltada para o setor de agricultura.<\/p>\n<p>&nbsp;<\/p>\n<p>&nbsp;<\/p>\n","protected":false},"excerpt":{"rendered":"<p>Por Severian Rocha\u00a0 Maio, 2019 &#8211; Ap\u00f3s o governo federal, atrav\u00e9s do Minist\u00e9rio da Educa\u00e7\u00e3o(MEC), anunciar no m\u00eas de abril\/19 cortes de verbas em 63 Universidades P\u00fablicos e 38 Institutos Federais na ordem de R$ 1,7 bilh\u00e3o, milhares de estudantes de todo o pa\u00eds sa\u00edram \u00e0s ruas novamente contra a medida que inviabiliza os investimentos [&hellip;]<\/p>\n","protected":false},"author":1,"featured_media":11827,"comment_status":"open","ping_status":"open","sticky":false,"template":"","format":"standard","meta":{"_uag_custom_page_level_css":"","footnotes":""},"categories":[27],"tags":[529,16319,16314,16317,16318,7404,16312,9133,9945,10366,16315,10668,16320,12030,16316,16311,16313],"class_list":["post-11732","post","type-post","status-publish","format-standard","has-post-thumbnail","hentry","category-acontece","tag-agricultura","tag-corte-no-ensino-de-base","tag-cortes-de-verbas-na-educacao","tag-educacao-ameacado-por-bolsonaro","tag-hum-de-estudantes-nas-ruas","tag-mec","tag-pesquisas-universitarias","tag-porto-alegre","tag-recife","tag-rio","tag-sao-luis","tag-sao-paulo","tag-ufba","tag-uff","tag-une-uniao-nacional-dos-estudantes","tag-universidade-de-vicosa-mg","tag-universidade-publicas-sao-referencia-mundial-em-pesquisa"],"blocksy_meta":[],"spectra_blocks_featured_image_url":{"thumbnail":{"url":"https:\/\/construcaocivil.siriusmarketingedesign.com.br\/wp-content\/uploads\/2019\/05\/UNE-150x150.jpg","width":150,"height":150},"medium":{"url":"https:\/\/construcaocivil.siriusmarketingedesign.com.br\/wp-content\/uploads\/2019\/05\/UNE-300x156.jpg","width":300,"height":156},"medium_large":{"url":"https:\/\/construcaocivil.siriusmarketingedesign.com.br\/wp-content\/uploads\/2019\/05\/UNE.jpg","width":554,"height":288},"large":{"url":"https:\/\/construcaocivil.siriusmarketingedesign.com.br\/wp-content\/uploads\/2019\/05\/UNE.jpg","width":554,"height":288},"full":{"url":"https:\/\/construcaocivil.siriusmarketingedesign.com.br\/wp-content\/uploads\/2019\/05\/UNE.jpg","width":554,"height":288}},"spectra_blocks_author_info":{"display_name":"Jornal da Constru\u00e7\u00e3o Civil","avatar_url":"https:\/\/secure.gravatar.com\/avatar\/973c9774fd44ddaceb026973c4962faa70fc512bc4c9da68e8ebb40fecee6540?s=96&d=mm&r=g","author_link":"https:\/\/construcaocivil.siriusmarketingedesign.com.br\/?author=1","description":"Desde de 2013, levando muitas informa\u00e7\u00f5es, lan\u00e7amentos e produtos de qualidade para toda cadeia produtiva da constru\u00e7\u00e3o. O Futuro da constru\u00e7\u00e3o passa por aqui,"},"uagb_featured_image_src":{"full":["https:\/\/construcaocivil.siriusmarketingedesign.com.br\/wp-content\/uploads\/2019\/05\/UNE.jpg",554,288,false],"thumbnail":["https:\/\/construcaocivil.siriusmarketingedesign.com.br\/wp-content\/uploads\/2019\/05\/UNE-150x150.jpg",150,150,true],"medium":["https:\/\/construcaocivil.siriusmarketingedesign.com.br\/wp-content\/uploads\/2019\/05\/UNE-300x156.jpg",300,156,true],"medium_large":["https:\/\/construcaocivil.siriusmarketingedesign.com.br\/wp-content\/uploads\/2019\/05\/UNE.jpg",554,288,false],"large":["https:\/\/construcaocivil.siriusmarketingedesign.com.br\/wp-content\/uploads\/2019\/05\/UNE.jpg",554,288,false],"1536x1536":["https:\/\/construcaocivil.siriusmarketingedesign.com.br\/wp-content\/uploads\/2019\/05\/UNE.jpg",554,288,false],"2048x2048":["https:\/\/construcaocivil.siriusmarketingedesign.com.br\/wp-content\/uploads\/2019\/05\/UNE.jpg",554,288,false]},"uagb_author_info":{"display_name":"Jornal da Constru\u00e7\u00e3o Civil","author_link":"https:\/\/construcaocivil.siriusmarketingedesign.com.br\/?author=1"},"uagb_comment_info":0,"uagb_excerpt":"Por Severian Rocha\u00a0 Maio, 2019 &#8211; Ap\u00f3s o governo federal, atrav\u00e9s do Minist\u00e9rio da Educa\u00e7\u00e3o(MEC), anunciar no m\u00eas de abril\/19 cortes de verbas em 63 Universidades P\u00fablicos e 38 Institutos Federais na ordem de R$ 1,7 bilh\u00e3o, milhares de estudantes de todo o pa\u00eds sa\u00edram \u00e0s ruas novamente contra a medida que inviabiliza os investimentos&hellip;","_links":{"self":[{"href":"https:\/\/construcaocivil.siriusmarketingedesign.com.br\/index.php?rest_route=\/wp\/v2\/posts\/11732","targetHints":{"allow":["GET"]}}],"collection":[{"href":"https:\/\/construcaocivil.siriusmarketingedesign.com.br\/index.php?rest_route=\/wp\/v2\/posts"}],"about":[{"href":"https:\/\/construcaocivil.siriusmarketingedesign.com.br\/index.php?rest_route=\/wp\/v2\/types\/post"}],"author":[{"embeddable":true,"href":"https:\/\/construcaocivil.siriusmarketingedesign.com.br\/index.php?rest_route=\/wp\/v2\/users\/1"}],"replies":[{"embeddable":true,"href":"https:\/\/construcaocivil.siriusmarketingedesign.com.br\/index.php?rest_route=%2Fwp%2Fv2%2Fcomments&post=11732"}],"version-history":[{"count":0,"href":"https:\/\/construcaocivil.siriusmarketingedesign.com.br\/index.php?rest_route=\/wp\/v2\/posts\/11732\/revisions"}],"wp:featuredmedia":[{"embeddable":true,"href":"https:\/\/construcaocivil.siriusmarketingedesign.com.br\/index.php?rest_route=\/wp\/v2\/media\/11827"}],"wp:attachment":[{"href":"https:\/\/construcaocivil.siriusmarketingedesign.com.br\/index.php?rest_route=%2Fwp%2Fv2%2Fmedia&parent=11732"}],"wp:term":[{"taxonomy":"category","embeddable":true,"href":"https:\/\/construcaocivil.siriusmarketingedesign.com.br\/index.php?rest_route=%2Fwp%2Fv2%2Fcategories&post=11732"},{"taxonomy":"post_tag","embeddable":true,"href":"https:\/\/construcaocivil.siriusmarketingedesign.com.br\/index.php?rest_route=%2Fwp%2Fv2%2Ftags&post=11732"}],"curies":[{"name":"wp","href":"https:\/\/api.w.org\/{rel}","templated":true}]}}