{"id":11737,"date":"2019-05-17T12:10:54","date_gmt":"2019-05-17T15:10:54","guid":{"rendered":"https:\/\/www.jornaldaconstrucaocivil.com.br\/?p=11737"},"modified":"2019-05-17T12:10:54","modified_gmt":"2019-05-17T15:10:54","slug":"lafaete-apresenta-projetos-em-congresso-de-construcoes-modulares-no-canada","status":"publish","type":"post","link":"https:\/\/construcaocivil.siriusmarketingedesign.com.br\/?p=11737","title":{"rendered":"Lafaete apresenta projetos em congresso de constru\u00e7\u00f5es modulares no Canad\u00e1"},"content":{"rendered":"<p style=\"font-weight: 400; text-align: justify;\"><span style=\"color: #993300;\">Maio, 2019<\/span> &#8211; Entre os dias 21 e 24 de maio, a Lafaete, especializada em solu\u00e7\u00f5es construtivas, participa do congresso internacional<span style=\"color: #0000ff;\"> &#8220;Modular and Offsite Construction Summit&#8221;.<\/span> Realizado na prov\u00edncia de Alberta, no Canad\u00e1, o evento \u2014reconhecido mundialmente\u2014 re\u00fane pesquisadores, ag\u00eancias governamentais e empresas do setor modular e de rob\u00f3tica para apresentar pesquisas de ponta e as melhores pr\u00e1ticas na \u00e1rea de constru\u00e7\u00e3o modular.<\/p>\n<p style=\"font-weight: 400; text-align: justify;\">Pela terceira vez consecutiva no evento, a Lafaete apresentar\u00e1 ao p\u00fablico alguns de seus principais projetos. &#8220;Um dos destaques \u00e9 o projeto que desenvolvemos em modelo BIM \u2014Building Information Model\u2014 em parceria com uma das maiores empresas construtoras do Brasil&#8221;, aponta a coordenadora de Neg\u00f3cios Internacionais da Lafaete, Bruna Xavier. A contribui\u00e7\u00e3o nesse processo colaborativo fez com que a Lafaete recebesse o convite para participar do evento deste ano.\u00a0 &#8220;Aproveitamos a oportunidade para fazermos networking, divulgarmos nossas parcerias e compartilharmos nossos principais desafios&#8221;, acrescenta.<\/p>\n<p style=\"font-weight: 400; text-align: justify;\">Em 2019, o tema do congresso \u00e9 &#8220;Ind\u00fastria 4.0 para Urbaniza\u00e7\u00e3o Resiliente&#8221;. &#8220;Nossos produtos e projetos s\u00e3o compat\u00edveis com essa proposta. Um dos exemplos \u00e9 o projeto da Lafaete que est\u00e1 em fase de andamento relacionado \u00e0 industrializa\u00e7\u00e3o de casas fabricadas em a\u00e7o&#8221;, adianta Bruna. O produto em quest\u00e3o tem sido desenvolvido em parceria com a Universidade de S\u00e3o Paulo (USP) e com a Empresa Brasileira de Pesquisa e Inova\u00e7\u00e3o Industrial (Embrapii). &#8220;Estamos sempre atentos \u00e0s tend\u00eancias, \u00e0s novas tecnologias e \u00e0s possibilidades de parcerias&#8221;, garante.<\/p>\n<p style=\"font-weight: 400; text-align: justify;\">Integrante do grupo de pesquisa da Universidade de Alberta, sediada no Canad\u00e1, a Lafaete ainda tem aproveitado o espa\u00e7o para divulgar a engenharia brasileira no cen\u00e1rio internacional. &#8220;O Brasil tem um potencial muito grande. L\u00e1 fora, as pessoas acham interessante como n\u00f3s trabalhamos em grandes obras diante de algumas limita\u00e7\u00f5es. De fato, nossa engenharia \u00e9 muito criativa e inovadora&#8221;, afirma Bruna, mencionando um dos projetos realizados em parceria com uma grande construtora nacional. &#8220;O modelo de parceria entre construtora e fornecedor que temos no Brasil n\u00e3o \u00e9 comum l\u00e1 fora. O Brasil certamente tem um protagonismo nesse tipo de compartilhamento.&#8221;<\/p>\n<p>Site: \u00a0<span style=\"color: #0000ff;\"><a style=\"color: #0000ff;\" href=\"http:\/\/www.lafaetelocacao.com.br\/\" target=\"_blank\" rel=\"noopener noreferrer\">www.lafaetelocacao.com.br<\/a>.<\/span><\/p>\n<p>Fonte: Imprensa\/ Lafaete<\/p>\n","protected":false},"excerpt":{"rendered":"<p>Maio, 2019 &#8211; Entre os dias 21 e 24 de maio, a Lafaete, especializada em solu\u00e7\u00f5es construtivas, participa do congresso internacional &#8220;Modular and Offsite Construction Summit&#8221;. Realizado na prov\u00edncia de Alberta, no Canad\u00e1, o evento \u2014reconhecido mundialmente\u2014 re\u00fane pesquisadores, ag\u00eancias governamentais e empresas do setor modular e de rob\u00f3tica para apresentar pesquisas de ponta e [&hellip;]<\/p>\n","protected":false},"author":1,"featured_media":11738,"comment_status":"open","ping_status":"open","sticky":false,"template":"","format":"standard","meta":{"_uag_custom_page_level_css":"","footnotes":""},"categories":[30],"tags":[16145,1340,1397,1788,16147,16144,13841,16146,16148],"class_list":["post-11737","post","type-post","status-publish","format-standard","has-post-thumbnail","hentry","category-imoveis","tag-modular-and-offsite-construction-summit","tag-belo-horizonte-mg","tag-bim-building-information-model","tag-canada","tag-casa-empresas-de-robotica","tag-casas-modulares","tag-construcoes-inteligentes","tag-construcoes-modulares","tag-vendas-de-casas-modulares"],"blocksy_meta":[],"spectra_blocks_featured_image_url":{"thumbnail":{"url":"https:\/\/construcaocivil.siriusmarketingedesign.com.br\/wp-content\/uploads\/2019\/05\/montagem-de-conteiner_foto-divulga\u00e7\u00e3o--150x150.jpg","width":150,"height":150},"medium":{"url":"https:\/\/construcaocivil.siriusmarketingedesign.com.br\/wp-content\/uploads\/2019\/05\/montagem-de-conteiner_foto-divulga\u00e7\u00e3o--300x200.jpg","width":300,"height":200},"medium_large":{"url":"https:\/\/construcaocivil.siriusmarketingedesign.com.br\/wp-content\/uploads\/2019\/05\/montagem-de-conteiner_foto-divulga\u00e7\u00e3o--768x512.jpg","width":768,"height":512},"large":{"url":"https:\/\/construcaocivil.siriusmarketingedesign.com.br\/wp-content\/uploads\/2019\/05\/montagem-de-conteiner_foto-divulga\u00e7\u00e3o--1024x683.jpg","width":1024,"height":683},"full":{"url":"https:\/\/construcaocivil.siriusmarketingedesign.com.br\/wp-content\/uploads\/2019\/05\/montagem-de-conteiner_foto-divulga\u00e7\u00e3o-.jpg","width":3543,"height":2362}},"spectra_blocks_author_info":{"display_name":"Jornal da Constru\u00e7\u00e3o Civil","avatar_url":"https:\/\/secure.gravatar.com\/avatar\/973c9774fd44ddaceb026973c4962faa70fc512bc4c9da68e8ebb40fecee6540?s=96&d=mm&r=g","author_link":"https:\/\/construcaocivil.siriusmarketingedesign.com.br\/?author=1","description":"Desde de 2013, levando muitas informa\u00e7\u00f5es, lan\u00e7amentos e produtos de qualidade para toda cadeia produtiva da constru\u00e7\u00e3o. O Futuro da constru\u00e7\u00e3o passa por aqui,"},"uagb_featured_image_src":{"full":["https:\/\/construcaocivil.siriusmarketingedesign.com.br\/wp-content\/uploads\/2019\/05\/montagem-de-conteiner_foto-divulga\u00e7\u00e3o-.jpg",3543,2362,false],"thumbnail":["https:\/\/construcaocivil.siriusmarketingedesign.com.br\/wp-content\/uploads\/2019\/05\/montagem-de-conteiner_foto-divulga\u00e7\u00e3o--150x150.jpg",150,150,true],"medium":["https:\/\/construcaocivil.siriusmarketingedesign.com.br\/wp-content\/uploads\/2019\/05\/montagem-de-conteiner_foto-divulga\u00e7\u00e3o--300x200.jpg",300,200,true],"medium_large":["https:\/\/construcaocivil.siriusmarketingedesign.com.br\/wp-content\/uploads\/2019\/05\/montagem-de-conteiner_foto-divulga\u00e7\u00e3o--768x512.jpg",768,512,true],"large":["https:\/\/construcaocivil.siriusmarketingedesign.com.br\/wp-content\/uploads\/2019\/05\/montagem-de-conteiner_foto-divulga\u00e7\u00e3o--1024x683.jpg",1024,683,true],"1536x1536":["https:\/\/construcaocivil.siriusmarketingedesign.com.br\/wp-content\/uploads\/2019\/05\/montagem-de-conteiner_foto-divulga\u00e7\u00e3o-.jpg",1536,1024,false],"2048x2048":["https:\/\/construcaocivil.siriusmarketingedesign.com.br\/wp-content\/uploads\/2019\/05\/montagem-de-conteiner_foto-divulga\u00e7\u00e3o-.jpg",2048,1365,false]},"uagb_author_info":{"display_name":"Jornal da Constru\u00e7\u00e3o Civil","author_link":"https:\/\/construcaocivil.siriusmarketingedesign.com.br\/?author=1"},"uagb_comment_info":0,"uagb_excerpt":"Maio, 2019 &#8211; Entre os dias 21 e 24 de maio, a Lafaete, especializada em solu\u00e7\u00f5es construtivas, participa do congresso internacional &#8220;Modular and Offsite Construction Summit&#8221;. Realizado na prov\u00edncia de Alberta, no Canad\u00e1, o evento \u2014reconhecido mundialmente\u2014 re\u00fane pesquisadores, ag\u00eancias governamentais e empresas do setor modular e de rob\u00f3tica para apresentar pesquisas de ponta e&hellip;","_links":{"self":[{"href":"https:\/\/construcaocivil.siriusmarketingedesign.com.br\/index.php?rest_route=\/wp\/v2\/posts\/11737","targetHints":{"allow":["GET"]}}],"collection":[{"href":"https:\/\/construcaocivil.siriusmarketingedesign.com.br\/index.php?rest_route=\/wp\/v2\/posts"}],"about":[{"href":"https:\/\/construcaocivil.siriusmarketingedesign.com.br\/index.php?rest_route=\/wp\/v2\/types\/post"}],"author":[{"embeddable":true,"href":"https:\/\/construcaocivil.siriusmarketingedesign.com.br\/index.php?rest_route=\/wp\/v2\/users\/1"}],"replies":[{"embeddable":true,"href":"https:\/\/construcaocivil.siriusmarketingedesign.com.br\/index.php?rest_route=%2Fwp%2Fv2%2Fcomments&post=11737"}],"version-history":[{"count":0,"href":"https:\/\/construcaocivil.siriusmarketingedesign.com.br\/index.php?rest_route=\/wp\/v2\/posts\/11737\/revisions"}],"wp:featuredmedia":[{"embeddable":true,"href":"https:\/\/construcaocivil.siriusmarketingedesign.com.br\/index.php?rest_route=\/wp\/v2\/media\/11738"}],"wp:attachment":[{"href":"https:\/\/construcaocivil.siriusmarketingedesign.com.br\/index.php?rest_route=%2Fwp%2Fv2%2Fmedia&parent=11737"}],"wp:term":[{"taxonomy":"category","embeddable":true,"href":"https:\/\/construcaocivil.siriusmarketingedesign.com.br\/index.php?rest_route=%2Fwp%2Fv2%2Fcategories&post=11737"},{"taxonomy":"post_tag","embeddable":true,"href":"https:\/\/construcaocivil.siriusmarketingedesign.com.br\/index.php?rest_route=%2Fwp%2Fv2%2Ftags&post=11737"}],"curies":[{"name":"wp","href":"https:\/\/api.w.org\/{rel}","templated":true}]}}