{"id":11804,"date":"2019-05-29T12:45:44","date_gmt":"2019-05-29T15:45:44","guid":{"rendered":"https:\/\/www.jornaldaconstrucaocivil.com.br\/?p=11804"},"modified":"2019-05-29T12:47:05","modified_gmt":"2019-05-29T15:47:05","slug":"crime-ambiental-vazamento-de-chorume-do-lixao-de-gramacho-mobiliza-pescadores-pesquisadores-e-mpf-rj","status":"publish","type":"post","link":"https:\/\/construcaocivil.siriusmarketingedesign.com.br\/?p=11804","title":{"rendered":"Crime ambiental: Vazamento de chorume do Lix\u00e3o de Gramacho mobiliza pescadores, pesquisadores e MPF-RJ"},"content":{"rendered":"<p style=\"font-weight: 400; text-align: justify;\"><span style=\"color: #993300;\">Maio, 2019<\/span> &#8211; Na v\u00e9spera da Semana Mundial do Meio Ambiente ocorreram 2 eventos com participa\u00e7\u00e3o de pescadores artesanais, pesquisadores e do Minist\u00e9rio P\u00fablico Federal, para debater solu\u00e7\u00f5es sustent\u00e1veis para a repara\u00e7\u00e3o do hist\u00f3rico passivo socioambiental provocado pelo Lix\u00e3o &#8220;desativado&#8221; de Gramacho, que durante 40 anos aterrou uma \u00e1rea de mais de 1 milh\u00e3o de m2 de manguezais e, ainda hoje continua vazando grande volume de chorume altamente poluente que tem tirado o sustento de catadores de caranguejos e pescadores: no <strong>s\u00e1bado (25\/5), no Porto de Saracuruna Caxias ocorreu o Encontro da Comunidade Pesqueira e Pesquisadores.<\/strong><\/p>\n<p style=\"font-weight: 400; text-align: justify;\">J\u00e1 no \u00faltimo <strong>dia 27\/5 (segunda feira), o <\/strong><strong>Conselho Regional de Engenharia e Agronomia do Rio de Janeiro (Crea-RJ)<\/strong>, realizou a 4a. sess\u00e3o do <strong>Ciclo de debates:<\/strong> <strong>&#8220;DI\u00c1LOGOS PELO FUTURO DO RIO DE JANEIRO&#8221; que abordar\u00e1 o tema: &#8220;E<\/strong><strong>CONOMIA AZUL &#8211; &#8220;Solu\u00e7\u00f5es sustent\u00e1veis para o passivo ambiental e social do Lix\u00e3o de Gramacho &#8211; Ba\u00eda de Guanabara&#8221;<\/strong>, com presen\u00e7a de \u00f3rg\u00e3os ambientais, moradores, pescadores, pesquisadores universit\u00e1rios e empresas de tecnologias.<\/p>\n<figure id=\"attachment_11806\" aria-describedby=\"caption-attachment-11806\" style=\"width: 300px\" class=\"wp-caption alignleft\"><img loading=\"lazy\" decoding=\"async\" class=\"size-medium wp-image-11806\" src=\"https:\/\/www.jornaldaconstrucaocivil.com.br\/wp-content\/uploads\/2019\/05\/Aguas-e-Energia-300x210.jpg\" alt=\"\" width=\"300\" height=\"210\" srcset=\"https:\/\/construcaocivil.siriusmarketingedesign.com.br\/wp-content\/uploads\/2019\/05\/Aguas-e-Energia-300x210.jpg 300w, https:\/\/construcaocivil.siriusmarketingedesign.com.br\/wp-content\/uploads\/2019\/05\/Aguas-e-Energia-768x537.jpg 768w, https:\/\/construcaocivil.siriusmarketingedesign.com.br\/wp-content\/uploads\/2019\/05\/Aguas-e-Energia.jpg 960w\" sizes=\"auto, (max-width: 300px) 100vw, 300px\" \/><figcaption id=\"caption-attachment-11806\" class=\"wp-caption-text\">Aguas, Energia e Sustentabilidade. Divulga\u00e7\u00e3o<\/figcaption><\/figure>\n<p style=\"text-align: justify;\"><strong>Em 19 de Julho de 2018, o movimento Ba\u00eda Viva protocolou Representa\u00e7\u00e3o ao MPF e MP Estadual\u00a0(GAEMA), alertando e pedindo provid\u00eancias urgentes para evitar\u00a0o\u00a0<u>despejo ilegal de um volume estimado de 1 bilh\u00e3o de litros de chorume n\u00e3o tratado por ano nas \u00e1guas da Ba\u00eda de Guanabara oriundo de aterros sanit\u00e1rios e lix\u00f5es.<\/u><\/strong><\/p>\n<p style=\"text-align: justify;\">Ainda em 2018, o MP Federal de S\u00e3o Jo\u00e3o de Merit\u00ed ganhou a\u00e7\u00e3o judicial que condenou o INEA, a COMLURB e a empresa G\u00e1s Verde \u00e0 ampliar os pontos de monitoramento ambiental do chorume do\u00a0Lix\u00e3o de Gramacho: um laudo do CREA-RJ constatou a exist\u00eancia de uma fraude no programa de monitoramento ambiental, j\u00e1 que as coletas eram feitas durante as mar\u00e9s cheias, quando h\u00e1 a dilui\u00e7\u00e3o dos contaminantes, o que influenciava diretamente nos resultados.<\/p>\n<p style=\"font-weight: 400; text-align: justify;\">Em Janeiro de 2019, o\u00a0MP Federal de S\u00e3o Jo\u00e3o de Merit\u00ed ingressou com nova A\u00e7\u00e3o Civil P\u00fablica contra a empresa G\u00e1s Verde e o INEA (Instituto Estadual do Ambiente) solicitando a anula\u00e7\u00e3o do TAC (termo de ajustamento de conduta) firmado entre as partes sem ouvir previamente os pescadores artesanais de Duque de Caxias que tem sido fortemente impactados pelo chorume que tem vazado diariamente, em grande volume, para as \u00e1guas da ba\u00eda e os manguezais.\u00a0A\u00a0Conven\u00e7\u00e3o 169 da Organiza\u00e7\u00e3o Internacional do Trabalho (OIT), do qual o Brasil \u00e9 um dos signat\u00e1rios, obriga a realiza\u00e7\u00e3o de consulta pr\u00e9via com participa\u00e7\u00e3o das comunidades tradicionais para implanta\u00e7\u00e3o de projetos que apresentem elevado potencial de riscos e de dano ambiental.<\/p>\n<p style=\"font-weight: 400; text-align: justify;\"><strong>Estima-se que a quantidade total de chorume estocado em lagoas ou tanques de acumula\u00e7\u00e3o nos aterros licenciados e nos aterros controlados (lix\u00f5es remediados) localizados nos munic\u00edpios do Estado do Rio de Janeiro alcance um volume de 500 mil metros c\u00fabicos (quinhentos milh\u00f5es de litros&#8221;.<\/strong><\/p>\n<p style=\"text-align: justify;\"><em>&#8220;A atual<strong>\u00a0CRISE DO CHORUME N\u00c3O TRATADO NO ESTADO DO RIO DE JANEIRO,<\/strong>\u00a0teve sua origem no per\u00edodo anterior \u00e0 realiza\u00e7\u00e3o da Confer\u00eancia\u00a0das Na\u00e7\u00f5es Unidas sobre Desenvolvimento Sustent\u00e1vel\u00a0(CNUDS), ou\u00a0Rio+20, onde de forma irrespons\u00e1vel e ilegal os \u00f3rg\u00e3os estaduais de meio ambiente (Secretaria Estadual do Ambiente-SEA, Comiss\u00e3o Estadual de Controle Ambiental-CECA e o Instituto Estadual do Ambiente-INEA), sob o falacioso argumento de que o Estado do Rio de janeiro seria a 1\u00aa. unidade federativa do pa\u00eds a cumprir a Lei Federal no. 12305\/2010 (Pol\u00edtica Nacional de Res\u00edduos S\u00f3lidos), adotou uma estrat\u00e9gia midi\u00e1tica de licenciar \u00e0s pressas &#8211; ao arrepio das leis, e sem levar em conta as melhores t\u00e9cnicas existentes e as tecnologias mais seguras dispon\u00edveis \u2013 um conjunto de aterros sanit\u00e1rios de grande porte em diversas bacias hidrogr\u00e1ficas e munic\u00edpios, sem previamente exigir das prefeituras e concession\u00e1rias privadas a apresenta\u00e7\u00e3o de um Cronograma de implanta\u00e7\u00e3o das obrigat\u00f3rias Esta\u00e7\u00f5es de Tratamento de Chorume!&#8221;<\/em>, afirmou \u00e0 \u00e9poca o ecologista S\u00e9rgio Ricardo.<\/p>\n<p><strong><span style=\"color: #993300;\">Agenda Dia Mundial do Meio Ambiente\u00a0<\/span><\/strong><\/p>\n<p><strong>2 de Junho (Domingo), \u00e0s 11h &#8211; Debate sobre rejeitos radioativos e seguran\u00e7a nuclear.<\/strong><\/p>\n<p>Debate com Joelma do Couto, jornalista ambiental, natural de Caldas, Minas Gerais. Alphonse Kelecom, professor do Laborat\u00f3rio de Radiobiologia e Radiometria do Instituto de Biologia da Universidade Federal Fluminense. Wagner Pereira, professor do Mestrado Profissional em Ci\u00eancias do Meio Ambiente, Universidade Veiga de Almeida, gerente de Rejeitos Radioativos e supervisor de Transporte de Material Radioativo e Maria Clara Valverde, coordenadora geral da Sap\u00ea, Sociedade Angrense de Prote\u00e7\u00e3o Ecol\u00f3gica e S\u00e9rgio Ricardo, ecologista do Rio de Janeiro do movimento Ba\u00eda Viva.<\/p>\n<p><strong>Link:\u00a0<\/strong><span style=\"color: #0000ff;\"><a style=\"color: #0000ff;\" href=\"http:\/\/uraniumfilmfestival.org\/pt-br\/programacao-rio-2019?fbclid=IwAR0sA_Zvt-Wo-cYE22u3esjWRJzO2ruWgJAJe9UFcuW2e5Mj1CcYpw9e0YQ\">http:\/\/uraniumfilmfestival.org\/pt-br\/programacao-rio-2019?fbclid=IwAR0sA_Zvt-Wo-cYE22u3esjWRJzO2ruWgJAJe9UFcuW2e5Mj1CcYpw9e0YQ<\/a><\/span><\/p>\n<p><strong>3 de Junho (Segunda feira)<\/strong>\u00a0\u00e0s 18:30h &#8211; Palestra: Semana do Meio Ambiente\u00a0\u00a0no Col\u00e9gio Kennedy (Belford Roxo) com alunos do Curso T\u00e9cnico em Meio Ambiente (organizado pelo Prof. Alex Vieira).<\/p>\n<p><strong>5 de Junho (Quarta feira)<\/strong>\u00a0\u00e0s 19h &#8211; Palestra na Faculdade Souza Marques (Cascadura):\u00a0<strong>&#8220;CRIS<\/strong><strong>E DAS \u00c1GUAS NO RIO DE JANEIRO &#8211; Por pol\u00edticas p\u00fablicas setoriais para a Sa\u00fade Ambiental das ba\u00edas de Guanabara, Sepetiba e da Ilha Grande, Rios e Lagoas costeiras&#8221;\u00a0<\/strong><\/p>\n<p><strong>6 de Junho<\/strong>\u00a0<strong>(<\/strong><strong>Quinta feira)<\/strong>\u00a0&#8211; no CREA-RJ, o\u00a0Ba\u00eda Viva participar\u00e1 do Simp\u00f3sio: \u00c1guas, Energia e Sustentabilidade &#8211;<\/p>\n<p>13:45h \u2013 Palestra:\u00a0<strong>&#8220;Por uma Agenda de pol\u00edticas p\u00fablicas para uma Ba\u00eda Viva \u2013 Rio de Janeiro perde bilh\u00f5es de reais por ano por causa da (i)mobilidade urbana e a crescente polui\u00e7\u00e3o das ba\u00edas fluminenses, rios e lagoas costeiras&#8221;<\/strong><\/p>\n<p>Realiza\u00e7\u00e3o:<span style=\"color: #993300;\"> Rede Pelas \u00c1guas e Sustentabilidade\u00a0<\/span><\/p>\n<p><strong>Curta e nos ajude a divulgar nas suas redes sociais:\u00a0<\/strong><\/p>\n<p><span style=\"color: #0000ff;\"><strong><a style=\"color: #0000ff;\" href=\"https:\/\/www.facebook.com\/BaiaViva123\/\">https:\/\/www.facebook.com\/BaiaViva123\/<\/a>\u00a0\u00a0<\/strong><\/span><\/p>\n<p><strong>E-mail:<span style=\"color: #0000ff;\">\u00a0<a style=\"color: #0000ff;\" href=\"mailto:baiaviva2018@gmail.com\">baiaviva2018@gmail.com<\/a><\/span><\/strong><\/p>\n","protected":false},"excerpt":{"rendered":"<p>Maio, 2019 &#8211; Na v\u00e9spera da Semana Mundial do Meio Ambiente ocorreram 2 eventos com participa\u00e7\u00e3o de pescadores artesanais, pesquisadores e do Minist\u00e9rio P\u00fablico Federal, para debater solu\u00e7\u00f5es sustent\u00e1veis para a repara\u00e7\u00e3o do hist\u00f3rico passivo socioambiental provocado pelo Lix\u00e3o &#8220;desativado&#8221; de Gramacho, que durante 40 anos aterrou uma \u00e1rea de mais de 1 milh\u00e3o de [&hellip;]<\/p>\n","protected":false},"author":1,"featured_media":11805,"comment_status":"open","ping_status":"open","sticky":false,"template":"","format":"standard","meta":{"_uag_custom_page_level_css":"","footnotes":""},"categories":[37],"tags":[16300,1068,16296,1169,3143,3193,16299,16292,3622,5838,16294,16293,16295,16301,8838,8848,16297,16291,16298],"class_list":["post-11804","post","type-post","status-publish","format-standard","has-post-thumbnail","hentry","category-sustentabilidade","tag-aquiferos-marinhos","tag-aterros-sanitarios","tag-aterros-sanitarios-e-lixoes","tag-baia-de-guanabara","tag-crea-rj","tag-crime-ambiental","tag-crise-das-aguas-no-rio-de-janeiro","tag-crise-do-chorume-nao-tratado-no-rio-de-janeiro","tag-dia-mundial-do-meio-ambiente","tag-ibama","tag-inea-rj","tag-lixoes-de-gramchos","tag-mp-federal-de-sao-joao-de-meriti","tag-peixes-e-biodiversidade","tag-pescadores-artesanais","tag-pesquisadores","tag-porto-de-saracuruna-caxias","tag-rede-pelas-aguas-e-sustentabilidade","tag-vazamento-de-chorume-do-lixao-de-gramacho"],"blocksy_meta":[],"spectra_blocks_featured_image_url":{"thumbnail":{"url":"https:\/\/construcaocivil.siriusmarketingedesign.com.br\/wp-content\/uploads\/2019\/05\/MEIO-AMBIENTE-150x150.png","width":150,"height":150},"medium":{"url":"https:\/\/construcaocivil.siriusmarketingedesign.com.br\/wp-content\/uploads\/2019\/05\/MEIO-AMBIENTE-300x112.png","width":300,"height":112},"medium_large":{"url":"https:\/\/construcaocivil.siriusmarketingedesign.com.br\/wp-content\/uploads\/2019\/05\/MEIO-AMBIENTE-768x286.png","width":768,"height":286},"large":{"url":"https:\/\/construcaocivil.siriusmarketingedesign.com.br\/wp-content\/uploads\/2019\/05\/MEIO-AMBIENTE.png","width":898,"height":334},"full":{"url":"https:\/\/construcaocivil.siriusmarketingedesign.com.br\/wp-content\/uploads\/2019\/05\/MEIO-AMBIENTE.png","width":898,"height":334}},"spectra_blocks_author_info":{"display_name":"Jornal da Constru\u00e7\u00e3o Civil","avatar_url":"https:\/\/secure.gravatar.com\/avatar\/973c9774fd44ddaceb026973c4962faa70fc512bc4c9da68e8ebb40fecee6540?s=96&d=mm&r=g","author_link":"https:\/\/construcaocivil.siriusmarketingedesign.com.br\/?author=1","description":"Desde de 2013, levando muitas informa\u00e7\u00f5es, lan\u00e7amentos e produtos de qualidade para toda cadeia produtiva da constru\u00e7\u00e3o. O Futuro da constru\u00e7\u00e3o passa por aqui,"},"uagb_featured_image_src":{"full":["https:\/\/construcaocivil.siriusmarketingedesign.com.br\/wp-content\/uploads\/2019\/05\/MEIO-AMBIENTE.png",898,334,false],"thumbnail":["https:\/\/construcaocivil.siriusmarketingedesign.com.br\/wp-content\/uploads\/2019\/05\/MEIO-AMBIENTE-150x150.png",150,150,true],"medium":["https:\/\/construcaocivil.siriusmarketingedesign.com.br\/wp-content\/uploads\/2019\/05\/MEIO-AMBIENTE-300x112.png",300,112,true],"medium_large":["https:\/\/construcaocivil.siriusmarketingedesign.com.br\/wp-content\/uploads\/2019\/05\/MEIO-AMBIENTE-768x286.png",768,286,true],"large":["https:\/\/construcaocivil.siriusmarketingedesign.com.br\/wp-content\/uploads\/2019\/05\/MEIO-AMBIENTE.png",898,334,false],"1536x1536":["https:\/\/construcaocivil.siriusmarketingedesign.com.br\/wp-content\/uploads\/2019\/05\/MEIO-AMBIENTE.png",898,334,false],"2048x2048":["https:\/\/construcaocivil.siriusmarketingedesign.com.br\/wp-content\/uploads\/2019\/05\/MEIO-AMBIENTE.png",898,334,false]},"uagb_author_info":{"display_name":"Jornal da Constru\u00e7\u00e3o Civil","author_link":"https:\/\/construcaocivil.siriusmarketingedesign.com.br\/?author=1"},"uagb_comment_info":0,"uagb_excerpt":"Maio, 2019 &#8211; Na v\u00e9spera da Semana Mundial do Meio Ambiente ocorreram 2 eventos com participa\u00e7\u00e3o de pescadores artesanais, pesquisadores e do Minist\u00e9rio P\u00fablico Federal, para debater solu\u00e7\u00f5es sustent\u00e1veis para a repara\u00e7\u00e3o do hist\u00f3rico passivo socioambiental provocado pelo Lix\u00e3o &#8220;desativado&#8221; de Gramacho, que durante 40 anos aterrou uma \u00e1rea de mais de 1 milh\u00e3o de&hellip;","_links":{"self":[{"href":"https:\/\/construcaocivil.siriusmarketingedesign.com.br\/index.php?rest_route=\/wp\/v2\/posts\/11804","targetHints":{"allow":["GET"]}}],"collection":[{"href":"https:\/\/construcaocivil.siriusmarketingedesign.com.br\/index.php?rest_route=\/wp\/v2\/posts"}],"about":[{"href":"https:\/\/construcaocivil.siriusmarketingedesign.com.br\/index.php?rest_route=\/wp\/v2\/types\/post"}],"author":[{"embeddable":true,"href":"https:\/\/construcaocivil.siriusmarketingedesign.com.br\/index.php?rest_route=\/wp\/v2\/users\/1"}],"replies":[{"embeddable":true,"href":"https:\/\/construcaocivil.siriusmarketingedesign.com.br\/index.php?rest_route=%2Fwp%2Fv2%2Fcomments&post=11804"}],"version-history":[{"count":0,"href":"https:\/\/construcaocivil.siriusmarketingedesign.com.br\/index.php?rest_route=\/wp\/v2\/posts\/11804\/revisions"}],"wp:featuredmedia":[{"embeddable":true,"href":"https:\/\/construcaocivil.siriusmarketingedesign.com.br\/index.php?rest_route=\/wp\/v2\/media\/11805"}],"wp:attachment":[{"href":"https:\/\/construcaocivil.siriusmarketingedesign.com.br\/index.php?rest_route=%2Fwp%2Fv2%2Fmedia&parent=11804"}],"wp:term":[{"taxonomy":"category","embeddable":true,"href":"https:\/\/construcaocivil.siriusmarketingedesign.com.br\/index.php?rest_route=%2Fwp%2Fv2%2Fcategories&post=11804"},{"taxonomy":"post_tag","embeddable":true,"href":"https:\/\/construcaocivil.siriusmarketingedesign.com.br\/index.php?rest_route=%2Fwp%2Fv2%2Ftags&post=11804"}],"curies":[{"name":"wp","href":"https:\/\/api.w.org\/{rel}","templated":true}]}}