{"id":11837,"date":"2019-06-01T12:35:32","date_gmt":"2019-06-01T15:35:32","guid":{"rendered":"https:\/\/www.jornaldaconstrucaocivil.com.br\/?p=11837"},"modified":"2019-06-01T12:35:32","modified_gmt":"2019-06-01T15:35:32","slug":"para-cbic-queda-da-construcao-puxa-o-pib-para-baixo","status":"publish","type":"post","link":"https:\/\/construcaocivil.siriusmarketingedesign.com.br\/?p=11837","title":{"rendered":"Para CBIC, queda da constru\u00e7\u00e3o puxa o PIB para baixo"},"content":{"rendered":"<p style=\"text-align: justify;\"><span style=\"color: #993300;\">Junho, 2019<\/span> &#8211; \u201cA queda de 2% na constru\u00e7\u00e3o, certamente, \u00e9 a maior respons\u00e1vel pela queda do PIB geral e do emprego\u201d, avalia o presidente da C\u00e2mara Brasileira da Ind\u00fastria da Constru\u00e7\u00e3o (CBIC), Jos\u00e9 Carlos Martins. \u201c\u00c9 urgente a vota\u00e7\u00e3o da reforma da Previd\u00eancia para que o investimento volte. S\u00f3 o setor da constru\u00e7\u00e3o pode alavancar o investimento e ser\u00e1 o grande motor do crescimento sustentado do pa\u00eds\u201d, acrescenta, comentando o resultado do PIB divulgado h\u00e1 pouco pelo IBGE. Para o presidente da CBIC, esse cen\u00e1rio exige cuidado extra na destina\u00e7\u00e3o de recursos para o setor. \u201cLiberar o FGTS para o consumo seria um grande equ\u00edvoco. Se o setor da constru\u00e7\u00e3o est\u00e1 puxando o PIB pra baixo, como est\u00e1, n\u00e3o teria l\u00f3gica retirar dinheiro do Fundo para o consumo ou aplica\u00e7\u00f5es financeiras\u201d, alertou.<\/p>\n<p><img decoding=\"async\" class=\"aligncenter\" src=\"https:\/\/cbic.org.br\/wp-content\/uploads\/2019\/05\/WhatsApp-Image-2019-05-30-at-10.10.46.jpeg\" \/><\/p>\n<p style=\"text-align: justify;\">Segundo o levantamento, a economia brasileira encolheu 0,2% no primeiro trimestre. Se 2019 terminasse em mar\u00e7o, o setor da constru\u00e7\u00e3o teria encolhido 2%. S\u00e3o 19 trimestres consecutivos de queda na base anualizada (acumulada em 4 trimestres). Grande gerador de emprego e renda, a ind\u00fastria da constru\u00e7\u00e3o vive longo per\u00edodo de retra\u00e7\u00e3o e j\u00e1 perdeu mais de um milh\u00e3o de trabalhadores.<\/p>\n<p><img decoding=\"async\" class=\"aligncenter\" src=\"https:\/\/cbic.org.br\/wp-content\/uploads\/2019\/05\/WhatsApp-Image-2019-05-30-at-10.10.47.jpeg\" \/><\/p>\n<p>Fonte: Boletim CBIC<\/p>\n","protected":false},"excerpt":{"rendered":"<p>Junho, 2019 &#8211; \u201cA queda de 2% na constru\u00e7\u00e3o, certamente, \u00e9 a maior respons\u00e1vel pela queda do PIB geral e do emprego\u201d, avalia o presidente da C\u00e2mara Brasileira da Ind\u00fastria da Constru\u00e7\u00e3o (CBIC), Jos\u00e9 Carlos Martins. \u201c\u00c9 urgente a vota\u00e7\u00e3o da reforma da Previd\u00eancia para que o investimento volte. S\u00f3 o setor da constru\u00e7\u00e3o pode [&hellip;]<\/p>\n","protected":false},"author":1,"featured_media":11838,"comment_status":"open","ping_status":"open","sticky":false,"template":"","format":"standard","meta":{"_uag_custom_page_level_css":"","footnotes":""},"categories":[33],"tags":[13290,1569,2029,16331,16329,16328,16330],"class_list":["post-11837","post","type-post","status-publish","format-standard","has-post-thumbnail","hentry","category-mercado","tag-5-mil-obras-paralisadas","tag-brasilia","tag-cbic","tag-construcao-movimenta-62-cadeias-produtivas","tag-mercado-pib-em-queda","tag-pib-da-construcao-cai-novamente","tag-tiro-no-peito-da-construcao"],"blocksy_meta":[],"spectra_blocks_featured_image_url":{"thumbnail":{"url":"https:\/\/construcaocivil.siriusmarketingedesign.com.br\/wp-content\/uploads\/2019\/06\/Constru\u00e7\u00e3o-ShutterStock-150x150.jpeg","width":150,"height":150},"medium":{"url":"https:\/\/construcaocivil.siriusmarketingedesign.com.br\/wp-content\/uploads\/2019\/06\/Constru\u00e7\u00e3o-ShutterStock-300x203.jpeg","width":300,"height":203},"medium_large":{"url":"https:\/\/construcaocivil.siriusmarketingedesign.com.br\/wp-content\/uploads\/2019\/06\/Constru\u00e7\u00e3o-ShutterStock-768x519.jpeg","width":768,"height":519},"large":{"url":"https:\/\/construcaocivil.siriusmarketingedesign.com.br\/wp-content\/uploads\/2019\/06\/Constru\u00e7\u00e3o-ShutterStock-1024x692.jpeg","width":1024,"height":692},"full":{"url":"https:\/\/construcaocivil.siriusmarketingedesign.com.br\/wp-content\/uploads\/2019\/06\/Constru\u00e7\u00e3o-ShutterStock.jpeg","width":1280,"height":865}},"spectra_blocks_author_info":{"display_name":"Jornal da Constru\u00e7\u00e3o Civil","avatar_url":"https:\/\/secure.gravatar.com\/avatar\/973c9774fd44ddaceb026973c4962faa70fc512bc4c9da68e8ebb40fecee6540?s=96&d=mm&r=g","author_link":"https:\/\/construcaocivil.siriusmarketingedesign.com.br\/?author=1","description":"Desde de 2013, levando muitas informa\u00e7\u00f5es, lan\u00e7amentos e produtos de qualidade para toda cadeia produtiva da constru\u00e7\u00e3o. O Futuro da constru\u00e7\u00e3o passa por aqui,"},"uagb_featured_image_src":{"full":["https:\/\/construcaocivil.siriusmarketingedesign.com.br\/wp-content\/uploads\/2019\/06\/Constru\u00e7\u00e3o-ShutterStock.jpeg",1280,865,false],"thumbnail":["https:\/\/construcaocivil.siriusmarketingedesign.com.br\/wp-content\/uploads\/2019\/06\/Constru\u00e7\u00e3o-ShutterStock-150x150.jpeg",150,150,true],"medium":["https:\/\/construcaocivil.siriusmarketingedesign.com.br\/wp-content\/uploads\/2019\/06\/Constru\u00e7\u00e3o-ShutterStock-300x203.jpeg",300,203,true],"medium_large":["https:\/\/construcaocivil.siriusmarketingedesign.com.br\/wp-content\/uploads\/2019\/06\/Constru\u00e7\u00e3o-ShutterStock-768x519.jpeg",768,519,true],"large":["https:\/\/construcaocivil.siriusmarketingedesign.com.br\/wp-content\/uploads\/2019\/06\/Constru\u00e7\u00e3o-ShutterStock-1024x692.jpeg",1024,692,true],"1536x1536":["https:\/\/construcaocivil.siriusmarketingedesign.com.br\/wp-content\/uploads\/2019\/06\/Constru\u00e7\u00e3o-ShutterStock.jpeg",1280,865,false],"2048x2048":["https:\/\/construcaocivil.siriusmarketingedesign.com.br\/wp-content\/uploads\/2019\/06\/Constru\u00e7\u00e3o-ShutterStock.jpeg",1280,865,false]},"uagb_author_info":{"display_name":"Jornal da Constru\u00e7\u00e3o Civil","author_link":"https:\/\/construcaocivil.siriusmarketingedesign.com.br\/?author=1"},"uagb_comment_info":0,"uagb_excerpt":"Junho, 2019 &#8211; \u201cA queda de 2% na constru\u00e7\u00e3o, certamente, \u00e9 a maior respons\u00e1vel pela queda do PIB geral e do emprego\u201d, avalia o presidente da C\u00e2mara Brasileira da Ind\u00fastria da Constru\u00e7\u00e3o (CBIC), Jos\u00e9 Carlos Martins. \u201c\u00c9 urgente a vota\u00e7\u00e3o da reforma da Previd\u00eancia para que o investimento volte. S\u00f3 o setor da constru\u00e7\u00e3o pode&hellip;","_links":{"self":[{"href":"https:\/\/construcaocivil.siriusmarketingedesign.com.br\/index.php?rest_route=\/wp\/v2\/posts\/11837","targetHints":{"allow":["GET"]}}],"collection":[{"href":"https:\/\/construcaocivil.siriusmarketingedesign.com.br\/index.php?rest_route=\/wp\/v2\/posts"}],"about":[{"href":"https:\/\/construcaocivil.siriusmarketingedesign.com.br\/index.php?rest_route=\/wp\/v2\/types\/post"}],"author":[{"embeddable":true,"href":"https:\/\/construcaocivil.siriusmarketingedesign.com.br\/index.php?rest_route=\/wp\/v2\/users\/1"}],"replies":[{"embeddable":true,"href":"https:\/\/construcaocivil.siriusmarketingedesign.com.br\/index.php?rest_route=%2Fwp%2Fv2%2Fcomments&post=11837"}],"version-history":[{"count":0,"href":"https:\/\/construcaocivil.siriusmarketingedesign.com.br\/index.php?rest_route=\/wp\/v2\/posts\/11837\/revisions"}],"wp:featuredmedia":[{"embeddable":true,"href":"https:\/\/construcaocivil.siriusmarketingedesign.com.br\/index.php?rest_route=\/wp\/v2\/media\/11838"}],"wp:attachment":[{"href":"https:\/\/construcaocivil.siriusmarketingedesign.com.br\/index.php?rest_route=%2Fwp%2Fv2%2Fmedia&parent=11837"}],"wp:term":[{"taxonomy":"category","embeddable":true,"href":"https:\/\/construcaocivil.siriusmarketingedesign.com.br\/index.php?rest_route=%2Fwp%2Fv2%2Fcategories&post=11837"},{"taxonomy":"post_tag","embeddable":true,"href":"https:\/\/construcaocivil.siriusmarketingedesign.com.br\/index.php?rest_route=%2Fwp%2Fv2%2Ftags&post=11837"}],"curies":[{"name":"wp","href":"https:\/\/api.w.org\/{rel}","templated":true}]}}