{"id":11846,"date":"2019-06-03T12:17:38","date_gmt":"2019-06-03T15:17:38","guid":{"rendered":"https:\/\/www.jornaldaconstrucaocivil.com.br\/?p=11846"},"modified":"2019-06-03T12:28:24","modified_gmt":"2019-06-03T15:28:24","slug":"cidadania-e-bem-estar-cirurgia-de-catarata-devolve-aos-pacientes-a-capacidade-de-voltar-ao-mercado-de-trabalho","status":"publish","type":"post","link":"https:\/\/construcaocivil.siriusmarketingedesign.com.br\/?p=11846","title":{"rendered":"Cidadania e bem estar: Cirurgia de Catarata devolve aos pacientes a capacidade de voltar ao mercado de trabalho"},"content":{"rendered":"<p style=\"text-align: justify;\"><span style=\"color: #993300;\">Junho de 2019<\/span><strong>&#8211;\u00a0<\/strong>A precis\u00e3o das agulhas e o olhar cuidadoso de Verginia Piva de Andrade d\u00e3o vida e cor a paninhos de prato, toalhas de banho e mesa e fraldas de beb\u00ea. Aos 83 anos, a aposentada \u2013 moradora de Osasco, S\u00e3o Paulo \u2013 executa com primor a arte de bordar tecidos aprendida ainda crian\u00e7a. S\u00e3o flores, frutas, bichinhos e uma variedade de desenhos que servem de inspira\u00e7\u00e3o. Os bordados sempre chamaram aten\u00e7\u00e3o dos amigos e vizinhos; com o delicado of\u00edcio, conquistou uma clientela para vender o trabalho artesanal e ganhar uma renda extra que complementa o sal\u00e1rio m\u00ednimo que recebe da aposentadoria.<\/p>\n<p style=\"text-align: justify;\">Contudo, em 2017, a aposentada se viu desmotivada a exercer a atividade, que exigia plena vis\u00e3o. \u201cMinha m\u00e3e sempre foi muito ativa e a dificuldade em enxergar impedia que continuasse a atividade. Por um tempo, mesmo sem ver direito, ela insistia e usava apenas as agulhas de croch\u00ea, que s\u00e3o maiores. O ponto saia errado e ela falava que estava envelhecendo dia a dia. Era muito triste v\u00ea-la naquela situa\u00e7\u00e3o\u201d, relata a filha Nilva Piva.<\/p>\n<p style=\"text-align: justify;\">Verginia foi diagnosticada com catarata, doen\u00e7a respons\u00e1vel por 51% dos casos de cegueira no mundo, sendo a popula\u00e7\u00e3o acima dos 50 anos a de maior incid\u00eancia da catarata senil \u2013 um processo natural de envelhecimento do cristalino e que poder ser completamente revers\u00edvel com a cirurgia. Segundo dados do\u00a0<em>World Report on Disability,\u00a0<\/em>a cadacinco segundos, uma pessoa se torna cega no mundo; at\u00e9 2020, estima-se que o n\u00famero de pessoas com defici\u00eancia visual poder\u00e1 dobrar.<\/p>\n<p style=\"text-align: justify;\">Com a venda dos bordados, a aposentada chega a ganhar em m\u00e9dia R$ 600 por m\u00eas. O valor fez falta no or\u00e7amento e a fam\u00edlia buscou pelo Sistema \u00danico de Sa\u00fade (SUS) o tratamento, mas a demora na fila \u2013 a previs\u00e3o era de um ano nessa lista de espera \u2013 obrigou a fam\u00edlia a buscar atendimento particular para devolver o prazer de bordar de Verginia Piva. Ap\u00f3s a cirurgia feita na Central da Catarata, a aposentada recuperou a vis\u00e3o; o of\u00edcio que complementa a renda; e a alegria de viver.<\/p>\n<p style=\"text-align: justify;\"><strong>Impacto da sa\u00fade ocular na capacidade de gerar renda<\/strong><\/p>\n<p style=\"text-align: justify;\">O acesso ao atendimento m\u00e9dico oftalmol\u00f3gico \u00e9 decisivo para alterar as condi\u00e7\u00f5es de sa\u00fade ocular da popula\u00e7\u00e3o. A Organiza\u00e7\u00e3o Mundial da Sa\u00fade (OMS) aponta que se houvesse um n\u00famero maior de a\u00e7\u00f5es efetivas de preven\u00e7\u00e3o ou de tratamento, 80% dos casos de cegueira poderiam ser evitados.<\/p>\n<p style=\"text-align: justify;\">A catarata tamb\u00e9m atrapalhou os planos financeiros de Ant\u00f4nio Dion\u00edsio do Nascimento, dono de uma pequena mercearia em Ilha Comprida, litoral de S\u00e3o Paulo. Sem conseguir enxergar direito contratou uma pessoa para ficar em seu lugar, gerando um gasto n\u00e3o previsto no neg\u00f3cio. Ap\u00f3s aguardar um ano na fila de espera do SUS, devido a diabetes alterada, foi informado na \u00faltima avalia\u00e7\u00e3o m\u00e9dica antes da cirurgia de catarata que teria que voltar para o final da fila e recome\u00e7ar os procedimentos e exames para poder realizar a cirurgia.<\/p>\n<p style=\"text-align: justify;\">A solu\u00e7\u00e3o foi buscar atendimento particular. Em uma semana, por meio da Central da Catarata, o comerciante fez a corre\u00e7\u00e3o da opacidade do cristalino. \u201cMeu pai n\u00e3o enxergava nada, precisava andar com apoio de algum parente e n\u00e3o conseguia nem dirigir, coisa que sempre amou fazer. Quando ele fez a cirurgia, tudo se renovou, n\u00e3o s\u00f3 a vis\u00e3o, mas ele curou a depress\u00e3o e se tornou ativo, pois voltou a trabalhar. Meu pai \u00e9 um novo homem&#8221;, revela a filha, Andr\u00e9a do Nascimento.<\/p>\n<p style=\"text-align: justify;\">\u201cO trabalho \u00e9 a principal fonte de sustento das fam\u00edlias e s\u00f3 de pensar em ficar afastado por problema de sa\u00fade j\u00e1 tira o sono de muita gente. A catarata \u00e9 completamente revers\u00edvel e os familiares s\u00e3o um fator importante para ajudar o paciente a buscar aux\u00edlio. Contudo, a vis\u00e3o \u00e9 algo que s\u00f3 a pr\u00f3pria pessoa detecta. Ningu\u00e9m consegue perceber o qu\u00e3o ruim est\u00e1 a vis\u00e3o do outro indiv\u00edduo. Por isso \u00e9 importante sempre procurar incluir o oftalmologista na rotina m\u00e9dica\u201d, esclarece Guilherme de Almeida Prado, fundador da Central da Catarata, neg\u00f3cio de impacto social que d\u00e1 acesso a cirurgia \u00e0 popula\u00e7\u00e3o de baixa renda.<\/p>\n<p style=\"text-align: justify;\">Com Valder Bastos dos Santos, que encarna a\u00a0<em>drag queen<\/em>Tchaka, a situa\u00e7\u00e3o n\u00e3o foi diferente. O ator \u2013 que reside em S\u00e3o Paulo \u2013 conta como a catarata atrapalhava sua vida profissional nos palcos. \u201cTrabalho muito com o corpo, voz e vis\u00e3o. Antes de fazer a cirurgia eu precisava da ajuda das produtoras para me posicionar no palco, al\u00e9m disso nas apresenta\u00e7\u00f5es, cerim\u00f4nias e coletivas de imprensa que precisava ler algo tinha in\u00fameras dificuldades\u201d, diz.<\/p>\n<p style=\"text-align: justify;\">Para solucionar o problema, oficializou a uni\u00e3o com o companheiro \u2013 com quem vivia h\u00e1 18 anos \u2013 para aderir ao plano de sa\u00fade do marido. Contudo, a demora para realizar a cirurgia mesmo pelo plano de sa\u00fade fez com que buscasse alternativa mais r\u00e1pida; pela internet, encontraram a Central da Catarata.<\/p>\n<p>\u201cQuando tirei o tamp\u00e3o do olho, ap\u00f3s a cirurgia, meu marido me levou para a janela para ver o m\u00e1ximo de cor poss\u00edvel. Ali eu chorei muito em poder voltar a ver cada detalhe que a gente passa, as vezes, despercebido: um p\u00f4r do sol, uns c\u00edlios, uma borboleta, uma cal\u00e7a justa, um boy passando. \u00c9 sensacional poder enxergar as cores dessa vida linda que a gente tem. A Central da Catarata foi um marco que me auxiliou positivamente para que que pudesse realizar a cirurgia com conforto, seguran\u00e7a e rapidez\u201d, comemora.<\/p>\n<p>Em 2019, a expectativa \u00e9 chegar \u00e0 marca de mil procedimentos\u00a0<span style=\"color: #0000ff;\"><a style=\"color: #0000ff;\" href=\"http:\/\/www.centraldacatarata.com.br\/\" target=\"_blank\" rel=\"noopener noreferrer\">www.centraldacatarata.com.br<\/a><\/span><\/p>\n<p>Fonte: Imprensa\/Central da Catarata<\/p>\n","protected":false},"excerpt":{"rendered":"<p>Junho de 2019&#8211;\u00a0A precis\u00e3o das agulhas e o olhar cuidadoso de Verginia Piva de Andrade d\u00e3o vida e cor a paninhos de prato, toalhas de banho e mesa e fraldas de beb\u00ea. Aos 83 anos, a aposentada \u2013 moradora de Osasco, S\u00e3o Paulo \u2013 executa com primor a arte de bordar tecidos aprendida ainda crian\u00e7a. [&hellip;]<\/p>\n","protected":false},"author":1,"featured_media":11847,"comment_status":"open","ping_status":"open","sticky":false,"template":"","format":"standard","meta":{"_uag_custom_page_level_css":"","footnotes":""},"categories":[27],"tags":[16355,16350,16349,16347,16346,16356,16354,8532,16353,16348,16351,16352],"class_list":["post-11846","post","type-post","status-publish","format-standard","has-post-thumbnail","hentry","category-acontece","tag-80-dos-casos-de-cegueira-poderiam-ser-evitados","tag-central-da-catarata-sp","tag-cirurgia-de-catarata-cresce-no-brasil-51","tag-doencas-nos-olhos","tag-epidemia-de-doencas-nos-olhos","tag-hospital-de-olhos-de-sao-paulo-hosp","tag-medico-oftalmologica","tag-osasco-sp","tag-perdao-de-visao-catarata","tag-trabalhador-e-saude","tag-trabalhadores-da-construcao-saude-dos-olhos","tag-visao-embasada-e-turva"],"blocksy_meta":[],"spectra_blocks_featured_image_url":{"thumbnail":{"url":"https:\/\/construcaocivil.siriusmarketingedesign.com.br\/wp-content\/uploads\/2019\/06\/OLHOS-150x150.jpg","width":150,"height":150},"medium":{"url":"https:\/\/construcaocivil.siriusmarketingedesign.com.br\/wp-content\/uploads\/2019\/06\/OLHOS-300x156.jpg","width":300,"height":156},"medium_large":{"url":"https:\/\/construcaocivil.siriusmarketingedesign.com.br\/wp-content\/uploads\/2019\/06\/OLHOS.jpg","width":300,"height":156},"large":{"url":"https:\/\/construcaocivil.siriusmarketingedesign.com.br\/wp-content\/uploads\/2019\/06\/OLHOS.jpg","width":300,"height":156},"full":{"url":"https:\/\/construcaocivil.siriusmarketingedesign.com.br\/wp-content\/uploads\/2019\/06\/OLHOS.jpg","width":300,"height":156}},"spectra_blocks_author_info":{"display_name":"Jornal da Constru\u00e7\u00e3o Civil","avatar_url":"https:\/\/secure.gravatar.com\/avatar\/973c9774fd44ddaceb026973c4962faa70fc512bc4c9da68e8ebb40fecee6540?s=96&d=mm&r=g","author_link":"https:\/\/construcaocivil.siriusmarketingedesign.com.br\/?author=1","description":"Desde de 2013, levando muitas informa\u00e7\u00f5es, lan\u00e7amentos e produtos de qualidade para toda cadeia produtiva da constru\u00e7\u00e3o. O Futuro da constru\u00e7\u00e3o passa por aqui,"},"uagb_featured_image_src":{"full":["https:\/\/construcaocivil.siriusmarketingedesign.com.br\/wp-content\/uploads\/2019\/06\/OLHOS.jpg",300,156,false],"thumbnail":["https:\/\/construcaocivil.siriusmarketingedesign.com.br\/wp-content\/uploads\/2019\/06\/OLHOS-150x150.jpg",150,150,true],"medium":["https:\/\/construcaocivil.siriusmarketingedesign.com.br\/wp-content\/uploads\/2019\/06\/OLHOS-300x156.jpg",300,156,true],"medium_large":["https:\/\/construcaocivil.siriusmarketingedesign.com.br\/wp-content\/uploads\/2019\/06\/OLHOS.jpg",300,156,false],"large":["https:\/\/construcaocivil.siriusmarketingedesign.com.br\/wp-content\/uploads\/2019\/06\/OLHOS.jpg",300,156,false],"1536x1536":["https:\/\/construcaocivil.siriusmarketingedesign.com.br\/wp-content\/uploads\/2019\/06\/OLHOS.jpg",300,156,false],"2048x2048":["https:\/\/construcaocivil.siriusmarketingedesign.com.br\/wp-content\/uploads\/2019\/06\/OLHOS.jpg",300,156,false]},"uagb_author_info":{"display_name":"Jornal da Constru\u00e7\u00e3o Civil","author_link":"https:\/\/construcaocivil.siriusmarketingedesign.com.br\/?author=1"},"uagb_comment_info":0,"uagb_excerpt":"Junho de 2019&#8211;\u00a0A precis\u00e3o das agulhas e o olhar cuidadoso de Verginia Piva de Andrade d\u00e3o vida e cor a paninhos de prato, toalhas de banho e mesa e fraldas de beb\u00ea. Aos 83 anos, a aposentada \u2013 moradora de Osasco, S\u00e3o Paulo \u2013 executa com primor a arte de bordar tecidos aprendida ainda crian\u00e7a.&hellip;","_links":{"self":[{"href":"https:\/\/construcaocivil.siriusmarketingedesign.com.br\/index.php?rest_route=\/wp\/v2\/posts\/11846","targetHints":{"allow":["GET"]}}],"collection":[{"href":"https:\/\/construcaocivil.siriusmarketingedesign.com.br\/index.php?rest_route=\/wp\/v2\/posts"}],"about":[{"href":"https:\/\/construcaocivil.siriusmarketingedesign.com.br\/index.php?rest_route=\/wp\/v2\/types\/post"}],"author":[{"embeddable":true,"href":"https:\/\/construcaocivil.siriusmarketingedesign.com.br\/index.php?rest_route=\/wp\/v2\/users\/1"}],"replies":[{"embeddable":true,"href":"https:\/\/construcaocivil.siriusmarketingedesign.com.br\/index.php?rest_route=%2Fwp%2Fv2%2Fcomments&post=11846"}],"version-history":[{"count":0,"href":"https:\/\/construcaocivil.siriusmarketingedesign.com.br\/index.php?rest_route=\/wp\/v2\/posts\/11846\/revisions"}],"wp:featuredmedia":[{"embeddable":true,"href":"https:\/\/construcaocivil.siriusmarketingedesign.com.br\/index.php?rest_route=\/wp\/v2\/media\/11847"}],"wp:attachment":[{"href":"https:\/\/construcaocivil.siriusmarketingedesign.com.br\/index.php?rest_route=%2Fwp%2Fv2%2Fmedia&parent=11846"}],"wp:term":[{"taxonomy":"category","embeddable":true,"href":"https:\/\/construcaocivil.siriusmarketingedesign.com.br\/index.php?rest_route=%2Fwp%2Fv2%2Fcategories&post=11846"},{"taxonomy":"post_tag","embeddable":true,"href":"https:\/\/construcaocivil.siriusmarketingedesign.com.br\/index.php?rest_route=%2Fwp%2Fv2%2Ftags&post=11846"}],"curies":[{"name":"wp","href":"https:\/\/api.w.org\/{rel}","templated":true}]}}