{"id":11851,"date":"2019-06-05T11:38:12","date_gmt":"2019-06-05T14:38:12","guid":{"rendered":"https:\/\/www.jornaldaconstrucaocivil.com.br\/?p=11851"},"modified":"2019-06-05T11:38:12","modified_gmt":"2019-06-05T14:38:12","slug":"arte-publica-como-o-design-e-arquitetura-podem-contribuir-para-inclusao-e-respeito-a-comunidade-lgbt","status":"publish","type":"post","link":"https:\/\/construcaocivil.siriusmarketingedesign.com.br\/?p=11851","title":{"rendered":"Arte P\u00fablica: Como o design e arquitetura podem contribuir para inclus\u00e3o e respeito \u00e0 comunidade LGBT+?"},"content":{"rendered":"<p style=\"text-align: justify;\"><span style=\"color: #993300;\">Junho, 2019<\/span> &#8211; A pouco mais de um m\u00eas para a pr\u00f3xima edi\u00e7\u00e3o da Parada de Orgulho LGBT+, em S\u00e3o Paulo, manifesta\u00e7\u00e3o social que acontece desde 1997 em prol da garantia dos direitos civis da popula\u00e7\u00e3o de l\u00e9sbicas, gays, bissexuais, travestis e transexuais, a luta por igualdade social e direito das minorias do Brasil est\u00e3o cada vez mais fortes, ao passo que gera grande tens\u00e3o com setores conservadores da sociedade. Atualmente o pa\u00eds lidera o ranking mundial de assassinatos \u00e0 comunidade (o ano de 2018 registrou 420 assassinatos de LGBT+ brasileiros), enquanto passa por um cen\u00e1rio pol\u00edtico ca\u00f3tico e conservador que propaga discursos de \u00f3dio que tendem a alimentar ainda mais a viol\u00eancia contra LGBT+ .<\/p>\n<figure id=\"attachment_11853\" aria-describedby=\"caption-attachment-11853\" style=\"width: 268px\" class=\"wp-caption alignleft\"><img loading=\"lazy\" decoding=\"async\" class=\" wp-image-11853\" src=\"https:\/\/www.jornaldaconstrucaocivil.com.br\/wp-content\/uploads\/2019\/06\/ARTE-CA-OK-300x263.jpg\" alt=\"\" width=\"268\" height=\"235\" srcset=\"https:\/\/construcaocivil.siriusmarketingedesign.com.br\/wp-content\/uploads\/2019\/06\/ARTE-CA-OK-300x263.jpg 300w, https:\/\/construcaocivil.siriusmarketingedesign.com.br\/wp-content\/uploads\/2019\/06\/ARTE-CA-OK.jpg 342w\" sizes=\"auto, (max-width: 268px) 100vw, 268px\" \/><figcaption id=\"caption-attachment-11853\" class=\"wp-caption-text\">Projeto &#8211; &#8220;Meu Cora\u00e7\u00e3o Bate com o Seu&#8221; est\u00e1 instalada em S\u00e3o Paulo no meio da pra\u00e7a da Rep\u00fablica. \u00a9 2018 Ana Mello<\/figcaption><\/figure>\n<p style=\"text-align: justify;\">Segundo Guto Requena, designer, arquiteto e urbanista prestigiado no Brasil, e tamb\u00e9m internacionalmente, \u00e9 em momentos como esse que mais se faz necess\u00e1ria iniciativas para denunciar a viol\u00eancia e dar voz a essas pessoas na sociedade. &#8220;O design pode ser uma poderosa ferramenta de ativismo, pois nos convida a pensarmos sobre igualdade e direitos humanos de maneira simples e com grande poder de propaga\u00e7\u00e3o&#8221;, destaca.<\/p>\n<p style=\"text-align: justify;\">Reconhecido por seus projetos dedicados a arte p\u00fablica e ao uso da tecnologia que provoca emo\u00e7\u00f5es, Guto projetou recentemente a instala\u00e7\u00e3o &#8220;Meu cora\u00e7\u00e3o bate como o seu&#8221;, na Pra\u00e7a da Rep\u00fablica, regi\u00e3o central de S\u00e3o Paulo, que ficar\u00e1 exposta at\u00e9 o m\u00eas de setembro. A Obra, uma ferramenta de design como ativismo, \u00e9 uma homenagem ao movimento civil LGBT+ no Brasil, que completou 40 anos em 2018. O trabalho foi feito com o apoio da Intel e da National Geographic, que produziu uma s\u00e9rie de TV chamada Hack the City com quatro artistas pl\u00e1sticos, entre os quais um com Guto Requena.<\/p>\n<figure id=\"attachment_11854\" aria-describedby=\"caption-attachment-11854\" style=\"width: 263px\" class=\"wp-caption alignright\"><img loading=\"lazy\" decoding=\"async\" class=\" wp-image-11854\" src=\"https:\/\/www.jornaldaconstrucaocivil.com.br\/wp-content\/uploads\/2019\/06\/ARTE-I-OK-300x200.jpg\" alt=\"\" width=\"263\" height=\"175\" srcset=\"https:\/\/construcaocivil.siriusmarketingedesign.com.br\/wp-content\/uploads\/2019\/06\/ARTE-I-OK-300x200.jpg 300w, https:\/\/construcaocivil.siriusmarketingedesign.com.br\/wp-content\/uploads\/2019\/06\/ARTE-I-OK.jpg 450w\" sizes=\"auto, (max-width: 263px) 100vw, 263px\" \/><figcaption id=\"caption-attachment-11854\" class=\"wp-caption-text\">Respeito \u00e0 comunidade LGBT+?\u00a9 2018 Ana Mello<\/figcaption><\/figure>\n<p style=\"text-align: justify;\">No interior da obra, feita em parceria com a GTM Cenografia, caixas de som tocam trechos de depoimentos de ativistas. Ao anoitecer, luzes no interior da obra pulsam no ritmo de batimentos card\u00edacos, transformando-a numa escultura iluminada. &#8216;Meu cora\u00e7\u00e3o bate como o seu&#8217; \u00e9 composta por cilindros de a\u00e7o carbono industrial, usados em obras de infraestrutura urbana. Eles foram seccionados e agrupados, num gesto que sugere uni\u00e3o. Por meio dos depoimentos dos ativistas LGBT+, a obra &#8220;falante&#8221; busca gerar empatia entre as milhares de pessoas que passam pela pra\u00e7a todos os dias, alertando sobre os diversos tipos de viol\u00eancia sofridos diariamente por pessoas LGBT+.<\/p>\n<p style=\"text-align: justify;\"><span style=\"color: #0000ff;\">Para participar da obra basta enviar um depoimento por um n\u00famero de WhatsApp ((11) 99377-0058) com at\u00e9 3 minutos de dura\u00e7\u00e3o. Alguns depoimentos ser\u00e3o selecionados para integrar a instala\u00e7\u00e3o.<\/span><\/p>\n<p>Fonte: Imprensa\/Est\u00fadio Guto Requena<\/p>\n","protected":false},"excerpt":{"rendered":"<p>Junho, 2019 &#8211; A pouco mais de um m\u00eas para a pr\u00f3xima edi\u00e7\u00e3o da Parada de Orgulho LGBT+, em S\u00e3o Paulo, manifesta\u00e7\u00e3o social que acontece desde 1997 em prol da garantia dos direitos civis da popula\u00e7\u00e3o de l\u00e9sbicas, gays, bissexuais, travestis e transexuais, a luta por igualdade social e direito das minorias do Brasil est\u00e3o [&hellip;]<\/p>\n","protected":false},"author":1,"featured_media":11852,"comment_status":"open","ping_status":"open","sticky":false,"template":"","format":"standard","meta":{"_uag_custom_page_level_css":"","footnotes":""},"categories":[28],"tags":[923,16363,16357,16364,16360,16362,16358,16359,16361,10679,16365],"class_list":["post-11851","post","type-post","status-publish","format-standard","has-post-thumbnail","hentry","category-arquitetura","tag-arquitetura-e-urbanismo","tag-arquitetura-social-e-habitavel","tag-espacos-publicos-integrados-a-sociedade","tag-estudio-guto-requena","tag-luta-por-igualdade-social-e-direito-das-minorias-do-brasil","tag-movimento-civil-lgbt-no-brasi","tag-obra-de-guto-requena-meu-coracao-bate-como-o-seu","tag-parada-de-orgulho-lgbt","tag-praca-da-republica-sp","tag-sao-paulo-sp","tag-violencia-sofridos-pessoas-lgbt"],"blocksy_meta":[],"spectra_blocks_featured_image_url":{"thumbnail":{"url":"https:\/\/construcaocivil.siriusmarketingedesign.com.br\/wp-content\/uploads\/2019\/06\/ARTE-AC-OK-150x150.jpg","width":150,"height":150},"medium":{"url":"https:\/\/construcaocivil.siriusmarketingedesign.com.br\/wp-content\/uploads\/2019\/06\/ARTE-AC-OK-300x226.jpg","width":300,"height":226},"medium_large":{"url":"https:\/\/construcaocivil.siriusmarketingedesign.com.br\/wp-content\/uploads\/2019\/06\/ARTE-AC-OK.jpg","width":398,"height":300},"large":{"url":"https:\/\/construcaocivil.siriusmarketingedesign.com.br\/wp-content\/uploads\/2019\/06\/ARTE-AC-OK.jpg","width":398,"height":300},"full":{"url":"https:\/\/construcaocivil.siriusmarketingedesign.com.br\/wp-content\/uploads\/2019\/06\/ARTE-AC-OK.jpg","width":398,"height":300}},"spectra_blocks_author_info":{"display_name":"Jornal da Constru\u00e7\u00e3o Civil","avatar_url":"https:\/\/secure.gravatar.com\/avatar\/973c9774fd44ddaceb026973c4962faa70fc512bc4c9da68e8ebb40fecee6540?s=96&d=mm&r=g","author_link":"https:\/\/construcaocivil.siriusmarketingedesign.com.br\/?author=1","description":"Desde de 2013, levando muitas informa\u00e7\u00f5es, lan\u00e7amentos e produtos de qualidade para toda cadeia produtiva da constru\u00e7\u00e3o. O Futuro da constru\u00e7\u00e3o passa por aqui,"},"uagb_featured_image_src":{"full":["https:\/\/construcaocivil.siriusmarketingedesign.com.br\/wp-content\/uploads\/2019\/06\/ARTE-AC-OK.jpg",398,300,false],"thumbnail":["https:\/\/construcaocivil.siriusmarketingedesign.com.br\/wp-content\/uploads\/2019\/06\/ARTE-AC-OK-150x150.jpg",150,150,true],"medium":["https:\/\/construcaocivil.siriusmarketingedesign.com.br\/wp-content\/uploads\/2019\/06\/ARTE-AC-OK-300x226.jpg",300,226,true],"medium_large":["https:\/\/construcaocivil.siriusmarketingedesign.com.br\/wp-content\/uploads\/2019\/06\/ARTE-AC-OK.jpg",398,300,false],"large":["https:\/\/construcaocivil.siriusmarketingedesign.com.br\/wp-content\/uploads\/2019\/06\/ARTE-AC-OK.jpg",398,300,false],"1536x1536":["https:\/\/construcaocivil.siriusmarketingedesign.com.br\/wp-content\/uploads\/2019\/06\/ARTE-AC-OK.jpg",398,300,false],"2048x2048":["https:\/\/construcaocivil.siriusmarketingedesign.com.br\/wp-content\/uploads\/2019\/06\/ARTE-AC-OK.jpg",398,300,false]},"uagb_author_info":{"display_name":"Jornal da Constru\u00e7\u00e3o Civil","author_link":"https:\/\/construcaocivil.siriusmarketingedesign.com.br\/?author=1"},"uagb_comment_info":0,"uagb_excerpt":"Junho, 2019 &#8211; A pouco mais de um m\u00eas para a pr\u00f3xima edi\u00e7\u00e3o da Parada de Orgulho LGBT+, em S\u00e3o Paulo, manifesta\u00e7\u00e3o social que acontece desde 1997 em prol da garantia dos direitos civis da popula\u00e7\u00e3o de l\u00e9sbicas, gays, bissexuais, travestis e transexuais, a luta por igualdade social e direito das minorias do Brasil est\u00e3o&hellip;","_links":{"self":[{"href":"https:\/\/construcaocivil.siriusmarketingedesign.com.br\/index.php?rest_route=\/wp\/v2\/posts\/11851","targetHints":{"allow":["GET"]}}],"collection":[{"href":"https:\/\/construcaocivil.siriusmarketingedesign.com.br\/index.php?rest_route=\/wp\/v2\/posts"}],"about":[{"href":"https:\/\/construcaocivil.siriusmarketingedesign.com.br\/index.php?rest_route=\/wp\/v2\/types\/post"}],"author":[{"embeddable":true,"href":"https:\/\/construcaocivil.siriusmarketingedesign.com.br\/index.php?rest_route=\/wp\/v2\/users\/1"}],"replies":[{"embeddable":true,"href":"https:\/\/construcaocivil.siriusmarketingedesign.com.br\/index.php?rest_route=%2Fwp%2Fv2%2Fcomments&post=11851"}],"version-history":[{"count":0,"href":"https:\/\/construcaocivil.siriusmarketingedesign.com.br\/index.php?rest_route=\/wp\/v2\/posts\/11851\/revisions"}],"wp:featuredmedia":[{"embeddable":true,"href":"https:\/\/construcaocivil.siriusmarketingedesign.com.br\/index.php?rest_route=\/wp\/v2\/media\/11852"}],"wp:attachment":[{"href":"https:\/\/construcaocivil.siriusmarketingedesign.com.br\/index.php?rest_route=%2Fwp%2Fv2%2Fmedia&parent=11851"}],"wp:term":[{"taxonomy":"category","embeddable":true,"href":"https:\/\/construcaocivil.siriusmarketingedesign.com.br\/index.php?rest_route=%2Fwp%2Fv2%2Fcategories&post=11851"},{"taxonomy":"post_tag","embeddable":true,"href":"https:\/\/construcaocivil.siriusmarketingedesign.com.br\/index.php?rest_route=%2Fwp%2Fv2%2Ftags&post=11851"}],"curies":[{"name":"wp","href":"https:\/\/api.w.org\/{rel}","templated":true}]}}