{"id":11862,"date":"2019-06-05T13:54:16","date_gmt":"2019-06-05T16:54:16","guid":{"rendered":"https:\/\/www.jornaldaconstrucaocivil.com.br\/?p=11862"},"modified":"2019-06-05T13:56:43","modified_gmt":"2019-06-05T16:56:43","slug":"sua-casa-acerte-na-escolha-de-esquadrias-para-espacos-menores","status":"publish","type":"post","link":"https:\/\/construcaocivil.siriusmarketingedesign.com.br\/?p=11862","title":{"rendered":"Sua casa: acerte na escolha de esquadrias para espa\u00e7os menores"},"content":{"rendered":"<div style=\"text-align: justify;\"><span style=\"color: #993300;\">Junho, 2019<\/span> &#8211; Um im\u00f3vel pode ter dimens\u00f5es menores e mesmo assim ser eficiente. Para isto, o projeto deve considerar as propor\u00e7\u00f5es dispon\u00edveis, a quantidade de pessoas que compartilhar\u00e3o os espa\u00e7os, a facilidade de tr\u00e2nsito e a escolha de esquadrias com medidas, modelos e funcionalidades condizentes com os ambientes.<\/div>\n<div style=\"text-align: justify;\"><\/div>\n<div style=\"text-align: justify;\">Al\u00e9m de conforto e privacidade, as portas e janelas para ambientes reduzidos precisam ter qualidade e durabilidade \u2013 o bom desempenho em longo prazo \u00e9 importante para produtos de uso frequente \u2013, e favorecer a circula\u00e7\u00e3o do ar, a amplitude do espa\u00e7o e a entrada de luz natural \u2013 que contribui para diminuir o uso de energia el\u00e9trica durante o dia.<\/div>\n<div style=\"text-align: justify;\"><\/div>\n<div style=\"text-align: justify;\"><span style=\"color: #003366;\">A Sasazaki \u2013 fabricante de portas e janelas de a\u00e7o e alum\u00ednio \u2013 d\u00e1 dicas e exemplos sobre como adequar modelos de portas e janelas a estes projetos com espa\u00e7os menores:<\/span><\/div>\n<div>\n<figure id=\"attachment_11866\" aria-describedby=\"caption-attachment-11866\" style=\"width: 300px\" class=\"wp-caption alignleft\"><img loading=\"lazy\" decoding=\"async\" class=\"size-medium wp-image-11866\" src=\"https:\/\/www.jornaldaconstrucaocivil.com.br\/wp-content\/uploads\/2019\/06\/QUARTO-300x211.jpg\" alt=\"\" width=\"300\" height=\"211\" srcset=\"https:\/\/construcaocivil.siriusmarketingedesign.com.br\/wp-content\/uploads\/2019\/06\/QUARTO-300x211.jpg 300w, https:\/\/construcaocivil.siriusmarketingedesign.com.br\/wp-content\/uploads\/2019\/06\/QUARTO-768x539.jpg 768w, https:\/\/construcaocivil.siriusmarketingedesign.com.br\/wp-content\/uploads\/2019\/06\/QUARTO-1024x719.jpg 1024w, https:\/\/construcaocivil.siriusmarketingedesign.com.br\/wp-content\/uploads\/2019\/06\/QUARTO.jpg 1847w\" sizes=\"auto, (max-width: 300px) 100vw, 300px\" \/><figcaption id=\"caption-attachment-11866\" class=\"wp-caption-text\">Divulga\u00e7\u00e3o<\/figcaption><\/figure>\n<\/div>\n<div style=\"text-align: justify;\"><span style=\"color: #993300;\"><strong>Melhor aproveitamento de luz<\/strong><\/span><\/div>\n<div style=\"text-align: justify;\">Em ambientes com maior n\u00famero de m\u00f3veis, itens de decora\u00e7\u00e3o e eletrodom\u00e9sticos \u2013 como salas e cozinhas \u2013, as esquadrias contribuem para dar amplitude ao espa\u00e7o e favorecem a funcionalidade do ambiente. Para melhor aproveitar o v\u00e3o luz, a Sasazaki orienta o uso de porta ou janela de correr.<\/div>\n<div style=\"text-align: justify;\">Dos v\u00e1rios modelos existentes de portas de correr, a vers\u00e3o com 217cm de altura x 150cm de largura e tr\u00eas folhas \u00e9 uma op\u00e7\u00e3o para melhorar o v\u00e3o luz e o v\u00e3o livre de espa\u00e7os reduzidos: segundo a Sasazaki, as folhas m\u00f3veis, posicionadas num \u00fanico lado, geram cerca de 90cm de v\u00e3o livre.<\/div>\n<p>&nbsp;<\/p>\n<p><span style=\"color: #993300;\"><strong>Melhor ventila\u00e7\u00e3o<\/strong><\/span><\/p>\n<div style=\"text-align: justify;\">Para ambientes com pouco espa\u00e7o, como banheiros, cozinhas, \u00e1reas de servi\u00e7o e corredores, a Sasazaki indica o uso de porta de abrir veneziana, que melhora a circula\u00e7\u00e3o de ar no ambiente. As janelas maxim-ar tamb\u00e9m s\u00e3o vers\u00e1teis: al\u00e9m das vers\u00f5es com e sem grade, os produtos podem receber jun\u00e7\u00f5es verticais, que possibilitam composi\u00e7\u00f5es personalizadas para ampliar a ventila\u00e7\u00e3o e luminosidade.<\/div>\n<div style=\"text-align: justify;\"><\/div>\n<div style=\"text-align: justify;\"><span style=\"color: #993300;\"><strong>Uso na praia<\/strong><\/span><\/div>\n<div style=\"text-align: justify;\">Em im\u00f3veis de praia, a Sasazaki recomenda o uso de esquadrias de alum\u00ednio. As janelas de correr com duas folhas oferecem boa ventila\u00e7\u00e3o e claridade, podendo ser encontradas com medidas m\u00ednimas de 1m x 1m e com guarni\u00e7\u00e3o como item opcional &#8211; serve como uma moldura e tem a fun\u00e7\u00e3o de acabamento entre o batente e a parede. A janela basculante, com medidas a partir de 40cm x 40cm, tamb\u00e9m \u00e9 uma boa op\u00e7\u00e3o para locais que precisam de ilumina\u00e7\u00e3o e possuem pouco espa\u00e7o: sua mobilidade de abertura facilita a limpeza.<\/div>\n<p>&nbsp;<\/p>\n<p>Acesse o site <span style=\"color: #0000ff;\"><a style=\"color: #0000ff;\" href=\"http:\/\/www.sasazaki.com.br\/\" target=\"_blank\" rel=\"noopener noreferrer\"><em>www.sasazaki.com.br<\/em><\/a><\/span><\/p>\n<p>Fonte: Imprensa\/ Sasazaki<\/p>\n<div style=\"text-align: justify;\"><\/div>\n","protected":false},"excerpt":{"rendered":"<p>Junho, 2019 &#8211; Um im\u00f3vel pode ter dimens\u00f5es menores e mesmo assim ser eficiente. Para isto, o projeto deve considerar as propor\u00e7\u00f5es dispon\u00edveis, a quantidade de pessoas que compartilhar\u00e3o os espa\u00e7os, a facilidade de tr\u00e2nsito e a escolha de esquadrias com medidas, modelos e funcionalidades condizentes com os ambientes. Al\u00e9m de conforto e privacidade, as [&hellip;]<\/p>\n","protected":false},"author":1,"featured_media":11863,"comment_status":"open","ping_status":"open","sticky":false,"template":"","format":"standard","meta":{"_uag_custom_page_level_css":"","footnotes":""},"categories":[12591],"tags":[16386,16384,1279,16385,1933,3121,6274,16382,7011,16388,8144,9125,16383,16387,11069,11433],"class_list":["post-11862","post","type-post","status-publish","format-standard","has-post-thumbnail","hentry","category-produtos","tag-areas-de-servico","tag-arruelas-e-fechaduras","tag-banheiros","tag-casa-de-praia-esquadrias","tag-casa-e-decoracao","tag-cozinhas","tag-interior-de-sao-paulo","tag-janelas-e-esquadrias-para-sua-casa","tag-lojas-de-varejo","tag-marilia-sp","tag-nordeste","tag-portas-e-janelas","tag-produtos-para-casas","tag-sasazaki-fabricante-de-portas-e-janelas","tag-showroom","tag-sudeste"],"blocksy_meta":[],"spectra_blocks_featured_image_url":{"thumbnail":{"url":"https:\/\/construcaocivil.siriusmarketingedesign.com.br\/wp-content\/uploads\/2019\/06\/portas-e-Janelas-150x150.jpg","width":150,"height":150},"medium":{"url":"https:\/\/construcaocivil.siriusmarketingedesign.com.br\/wp-content\/uploads\/2019\/06\/portas-e-Janelas-300x200.jpg","width":300,"height":200},"medium_large":{"url":"https:\/\/construcaocivil.siriusmarketingedesign.com.br\/wp-content\/uploads\/2019\/06\/portas-e-Janelas-768x512.jpg","width":768,"height":512},"large":{"url":"https:\/\/construcaocivil.siriusmarketingedesign.com.br\/wp-content\/uploads\/2019\/06\/portas-e-Janelas-1024x683.jpg","width":1024,"height":683},"full":{"url":"https:\/\/construcaocivil.siriusmarketingedesign.com.br\/wp-content\/uploads\/2019\/06\/portas-e-Janelas.jpg","width":2835,"height":1890}},"spectra_blocks_author_info":{"display_name":"Jornal da Constru\u00e7\u00e3o Civil","avatar_url":"https:\/\/secure.gravatar.com\/avatar\/973c9774fd44ddaceb026973c4962faa70fc512bc4c9da68e8ebb40fecee6540?s=96&d=mm&r=g","author_link":"https:\/\/construcaocivil.siriusmarketingedesign.com.br\/?author=1","description":"Desde de 2013, levando muitas informa\u00e7\u00f5es, lan\u00e7amentos e produtos de qualidade para toda cadeia produtiva da constru\u00e7\u00e3o. O Futuro da constru\u00e7\u00e3o passa por aqui,"},"uagb_featured_image_src":{"full":["https:\/\/construcaocivil.siriusmarketingedesign.com.br\/wp-content\/uploads\/2019\/06\/portas-e-Janelas.jpg",2835,1890,false],"thumbnail":["https:\/\/construcaocivil.siriusmarketingedesign.com.br\/wp-content\/uploads\/2019\/06\/portas-e-Janelas-150x150.jpg",150,150,true],"medium":["https:\/\/construcaocivil.siriusmarketingedesign.com.br\/wp-content\/uploads\/2019\/06\/portas-e-Janelas-300x200.jpg",300,200,true],"medium_large":["https:\/\/construcaocivil.siriusmarketingedesign.com.br\/wp-content\/uploads\/2019\/06\/portas-e-Janelas-768x512.jpg",768,512,true],"large":["https:\/\/construcaocivil.siriusmarketingedesign.com.br\/wp-content\/uploads\/2019\/06\/portas-e-Janelas-1024x683.jpg",1024,683,true],"1536x1536":["https:\/\/construcaocivil.siriusmarketingedesign.com.br\/wp-content\/uploads\/2019\/06\/portas-e-Janelas.jpg",1536,1024,false],"2048x2048":["https:\/\/construcaocivil.siriusmarketingedesign.com.br\/wp-content\/uploads\/2019\/06\/portas-e-Janelas.jpg",2048,1365,false]},"uagb_author_info":{"display_name":"Jornal da Constru\u00e7\u00e3o Civil","author_link":"https:\/\/construcaocivil.siriusmarketingedesign.com.br\/?author=1"},"uagb_comment_info":0,"uagb_excerpt":"Junho, 2019 &#8211; Um im\u00f3vel pode ter dimens\u00f5es menores e mesmo assim ser eficiente. Para isto, o projeto deve considerar as propor\u00e7\u00f5es dispon\u00edveis, a quantidade de pessoas que compartilhar\u00e3o os espa\u00e7os, a facilidade de tr\u00e2nsito e a escolha de esquadrias com medidas, modelos e funcionalidades condizentes com os ambientes. Al\u00e9m de conforto e privacidade, as&hellip;","_links":{"self":[{"href":"https:\/\/construcaocivil.siriusmarketingedesign.com.br\/index.php?rest_route=\/wp\/v2\/posts\/11862","targetHints":{"allow":["GET"]}}],"collection":[{"href":"https:\/\/construcaocivil.siriusmarketingedesign.com.br\/index.php?rest_route=\/wp\/v2\/posts"}],"about":[{"href":"https:\/\/construcaocivil.siriusmarketingedesign.com.br\/index.php?rest_route=\/wp\/v2\/types\/post"}],"author":[{"embeddable":true,"href":"https:\/\/construcaocivil.siriusmarketingedesign.com.br\/index.php?rest_route=\/wp\/v2\/users\/1"}],"replies":[{"embeddable":true,"href":"https:\/\/construcaocivil.siriusmarketingedesign.com.br\/index.php?rest_route=%2Fwp%2Fv2%2Fcomments&post=11862"}],"version-history":[{"count":0,"href":"https:\/\/construcaocivil.siriusmarketingedesign.com.br\/index.php?rest_route=\/wp\/v2\/posts\/11862\/revisions"}],"wp:featuredmedia":[{"embeddable":true,"href":"https:\/\/construcaocivil.siriusmarketingedesign.com.br\/index.php?rest_route=\/wp\/v2\/media\/11863"}],"wp:attachment":[{"href":"https:\/\/construcaocivil.siriusmarketingedesign.com.br\/index.php?rest_route=%2Fwp%2Fv2%2Fmedia&parent=11862"}],"wp:term":[{"taxonomy":"category","embeddable":true,"href":"https:\/\/construcaocivil.siriusmarketingedesign.com.br\/index.php?rest_route=%2Fwp%2Fv2%2Fcategories&post=11862"},{"taxonomy":"post_tag","embeddable":true,"href":"https:\/\/construcaocivil.siriusmarketingedesign.com.br\/index.php?rest_route=%2Fwp%2Fv2%2Ftags&post=11862"}],"curies":[{"name":"wp","href":"https:\/\/api.w.org\/{rel}","templated":true}]}}