{"id":11874,"date":"2019-06-07T13:05:23","date_gmt":"2019-06-07T16:05:23","guid":{"rendered":"https:\/\/www.jornaldaconstrucaocivil.com.br\/?p=11874"},"modified":"2019-06-07T13:05:23","modified_gmt":"2019-06-07T16:05:23","slug":"projeto-estimula-convivencia-e-economia-de-tempo-para-moradores","status":"publish","type":"post","link":"https:\/\/construcaocivil.siriusmarketingedesign.com.br\/?p=11874","title":{"rendered":"Projeto estimula conviv\u00eancia e economia de tempo para moradores"},"content":{"rendered":"<p style=\"text-align: justify;\"><span style=\"color: #993300;\">Junho, 2019<\/span> &#8211; Os moradores da Regi\u00e3o Centro-Oeste passam quase 40 dias por ano no tr\u00e2nsito. O dado consta de um estudo encomendado pelo Servi\u00e7o de Prote\u00e7\u00e3o ao Cr\u00e9dito (SPC) para a Confedera\u00e7\u00e3o Nacional de Dirigentes Lojistas (CNDL). Ainda conforme o levantamento o brasileiro, em m\u00e9dia, gasta duas horas e meia por dia para se deslocar da casa para o trabalho. Se contarmos com a m\u00e9dia de horas trabalhadas pela grande maioria dos brasileiros, que \u00e9 de oito, s\u00e3o mais de dez horas fora de casa, e isso sem contar com outros compromissos que constantemente fazem parte do nosso dia a dia como escola, supermercado, m\u00e9dico, banco.<\/p>\n<figure id=\"attachment_11876\" aria-describedby=\"caption-attachment-11876\" style=\"width: 300px\" class=\"wp-caption alignleft\"><img loading=\"lazy\" decoding=\"async\" class=\"size-medium wp-image-11876\" src=\"https:\/\/www.jornaldaconstrucaocivil.com.br\/wp-content\/uploads\/2019\/06\/\u00c1REA-De-LAZER-300x169.jpg\" alt=\"\" width=\"300\" height=\"169\" srcset=\"https:\/\/construcaocivil.siriusmarketingedesign.com.br\/wp-content\/uploads\/2019\/06\/\u00c1REA-De-LAZER-300x169.jpg 300w, https:\/\/construcaocivil.siriusmarketingedesign.com.br\/wp-content\/uploads\/2019\/06\/\u00c1REA-De-LAZER-768x432.jpg 768w, https:\/\/construcaocivil.siriusmarketingedesign.com.br\/wp-content\/uploads\/2019\/06\/\u00c1REA-De-LAZER-1024x576.jpg 1024w, https:\/\/construcaocivil.siriusmarketingedesign.com.br\/wp-content\/uploads\/2019\/06\/\u00c1REA-De-LAZER.jpg 1050w\" sizes=\"auto, (max-width: 300px) 100vw, 300px\" \/><figcaption id=\"caption-attachment-11876\" class=\"wp-caption-text\">Horta coletiva<br \/>Divulga\u00e7\u00e3o<\/figcaption><\/figure>\n<p style=\"text-align: justify;\">Diante desse cen\u00e1rio, conviver e compartilhar momentos com a fam\u00edlia e amigos tem ficado cada vez mais dif\u00edcil e, pensando em resgatar a conviv\u00eancia e a comodidade, a Din\u00e2mica Engenharia desenvolveu um empreendimento com o comprometimento de gerar mais engajamento entre as pessoas. Trata-se do Ello Vaca Brava, residencial que ser\u00e1 lan\u00e7ado no pr\u00f3ximo dia 8 de junho, e constru\u00eddo \u00a0na Rua T-30, no Setor Bueno, a dois minutos de caminhada do Parque Vaca Brava, principal cart\u00e3o postal da capital.<\/p>\n<p style=\"text-align: justify;\">Para alcan\u00e7ar esse objetivo, al\u00e9m de uma moderna \u00e1rea de lazer, pensado em detalhes para essa finalidade, a construtora desenvolver\u00e1 um programa para estimular a conviv\u00eancia entre os moradores do empreendimento. O diretor da Din\u00e2mica Engenharia, M\u00e1rio Valois, explica que como a empresa hoje tem o compromisso de administrar por um ano os residenciais que constr\u00f3i, tornou-se poss\u00edvel desenvolver a\u00e7\u00f5es educativas e outras a\u00e7\u00f5es ap\u00f3s a entrega da obra.<\/p>\n<figure id=\"attachment_11877\" aria-describedby=\"caption-attachment-11877\" style=\"width: 277px\" class=\"wp-caption alignright\"><img loading=\"lazy\" decoding=\"async\" class=\" wp-image-11877\" src=\"https:\/\/www.jornaldaconstrucaocivil.com.br\/wp-content\/uploads\/2019\/06\/A-ESPA\u00c7O-PET-300x169.jpg\" alt=\"\" width=\"277\" height=\"156\" srcset=\"https:\/\/construcaocivil.siriusmarketingedesign.com.br\/wp-content\/uploads\/2019\/06\/A-ESPA\u00c7O-PET-300x169.jpg 300w, https:\/\/construcaocivil.siriusmarketingedesign.com.br\/wp-content\/uploads\/2019\/06\/A-ESPA\u00c7O-PET-768x432.jpg 768w, https:\/\/construcaocivil.siriusmarketingedesign.com.br\/wp-content\/uploads\/2019\/06\/A-ESPA\u00c7O-PET-1024x576.jpg 1024w, https:\/\/construcaocivil.siriusmarketingedesign.com.br\/wp-content\/uploads\/2019\/06\/A-ESPA\u00c7O-PET.jpg 1050w\" sizes=\"auto, (max-width: 277px) 100vw, 277px\" \/><figcaption id=\"caption-attachment-11877\" class=\"wp-caption-text\">Pet Place<br \/>Divulga\u00e7\u00e3o<\/figcaption><\/figure>\n<p style=\"text-align: justify;\">Uma das a\u00e7\u00f5es dessa iniciativa ser\u00e1 o desenvolvimento de uma horta coletiva, que proporcionar\u00e1 maior envolvimento entre os moradores nesse espa\u00e7o do condom\u00ednio. \u201cA ideia \u00e9 estimular que eles aprendam a plantar, cuidar das hortali\u00e7as e, nesse processo, possam conviver mais entre si\u201d, exemplifica. A horta ficar\u00e1 no terra\u00e7o do empreendimento, juntamente com o espa\u00e7o pet, que promete ser um outro ponto de encontro dos moradores com a vista inspiradora do topo do edif\u00edcio.<\/p>\n<p style=\"text-align: justify;\">M\u00e1rio explica que a \u00e1rea de lazer do Ello Vaca Brava ser\u00e1 completa, com \u00a0espa\u00e7o gourmet, academia, piscina,sports lounge e sal\u00e3o de festas. Mas, observando os motivos que, por vezes, levam os moradores a usarem pouco estes espa\u00e7os, a Din\u00e2mica Engenharia pensou em solu\u00e7\u00f5es, como j\u00e1 equipar o sal\u00e3o de festas e espa\u00e7o gourmet com \u00a0utens\u00edlios dom\u00e9sticos, como pratos, talheres e copos.<\/p>\n<p style=\"text-align: justify;\">\u201cMuitas vezes, as fam\u00edlias deixam de se reunir em um determinado espa\u00e7o porque n\u00e3o querem descer os elevadores com pratos no colo. E n\u00e3o est\u00e3o erradas, afinal, com a vida corrida, elas merecem mais conveni\u00eancia mesmo. Por isso, pensamos nessa solu\u00e7\u00e3o\u201d, destaca Valois.<\/p>\n<p style=\"text-align: justify;\">A arquiteta Iara Galv\u00e3o, respons\u00e1vel pelo projeto arquitet\u00f4nico do empreendimento, lembra tamb\u00e9m que o projeto contemplou tamb\u00e9m espa\u00e7os para quem quer s\u00f3 relaxar como os bangal\u00f4s e o espelho d\u2019\u00e1gua na \u00e1rea de lazer. \u201cFora isso, tamb\u00e9m pensamos nos espa\u00e7os compartilhados, que geram economia e tamb\u00e9m aproximam as pessoas\u201d, completou. Quem viver no Ello Vaca Brava ter\u00e1 \u00e0 sua disposi\u00e7\u00e3o um coworking, costudy, guarda-volumes e ferramentaria.<\/p>\n<p style=\"text-align: justify;\">Para as crian\u00e7as, um generoso espa\u00e7o foi destinado com playground, piscina infantil, mini quadra de jogos e uma brinquedoteca equipada com camarim, frald\u00e1rio, teatro e boliche. Dentro do conceito de espa\u00e7os compartilhados e para conviv\u00eancia, no terra\u00e7o haver\u00e1 uma horta coletiva e ser\u00e1 implantado o pet place.<\/p>\n<p style=\"text-align: justify;\">Al\u00e9m disso, o residencial tem localiza\u00e7\u00e3o que traz o m\u00e1ximo de comodidade poss\u00edvel, com quase tudo podendo ser resolvido a poucos passos de sua casa, o que vai representar mais ganho de tempo para passar com a fam\u00edlia. O Ello Vaca Brava, al\u00e9m de estar pr\u00f3ximo a um dos mais tradicionais centro de compras da capital, o Goi\u00e2nia Shopping, ficar\u00e1 a \u00a0poucos passos do Vaca Brava.<\/p>\n<p>A regi\u00e3o circunvizinha ao empreendimento tamb\u00e9m abriga os mais requisitados col\u00e9gios particulares de Goi\u00e2nia e uma variada rede de estabelecimentos como restaurantes, bares, escolas de idiomas, lavanderia, \u00a0farm\u00e1cias, panificadoras, supermercados e muito mais. O empreendimento tamb\u00e9m estar\u00e1 a poucos metros de importantes corredores vi\u00e1rios da cidade, como as avenidas T-63 e T-9.<\/p>\n<p style=\"text-align: justify;\"><strong>Apartamentos<\/strong><\/p>\n<p style=\"text-align: justify;\">O Ello Vaca Brava oferecer\u00e1 apartamentos de 66 m\u00b2 com dois quartos, e com tr\u00eas su\u00edtes com metragens de 103, 114, 136 e 138 m\u00b2. \u201cA arquitetura foi pensada para oferecer espa\u00e7os contempor\u00e2neos, funcionais e sofisticados, pois oferece v\u00e1rias tipologias de plantas flex\u00edveis, um farto lazer e uma est\u00e9tica arrojada, que integra as quatro fachadas, de forma harmoniosa e equilibrada\u201d, afirma a arquiteta Iara Galv\u00e3o.<\/p>\n<p style=\"text-align: justify;\">O empreendimento trar\u00e1 tamb\u00e9m um projeto de seguran\u00e7a exclusivo, desenvolvido pela empresa Tecno Seg, contando com bot\u00e3o do p\u00e2nico na \u00e1rea comum, para acionamento em caso de sinistro; acesso biom\u00e9trico na portaria; e uma c\u00e2mera speed dome, que possibilitar\u00e1 uma vista total dos arredores do condom\u00ednio, e outros dispositivos.<\/p>\n<p>Fonte: Imprensa\/Din\u00e2mica<\/p>\n","protected":false},"excerpt":{"rendered":"<p>Junho, 2019 &#8211; Os moradores da Regi\u00e3o Centro-Oeste passam quase 40 dias por ano no tr\u00e2nsito. O dado consta de um estudo encomendado pelo Servi\u00e7o de Prote\u00e7\u00e3o ao Cr\u00e9dito (SPC) para a Confedera\u00e7\u00e3o Nacional de Dirigentes Lojistas (CNDL). Ainda conforme o levantamento o brasileiro, em m\u00e9dia, gasta duas horas e meia por dia para se [&hellip;]<\/p>\n","protected":false},"author":1,"featured_media":11875,"comment_status":"open","ping_status":"open","sticky":false,"template":"","format":"standard","meta":{"_uag_custom_page_level_css":"","footnotes":""},"categories":[30],"tags":[16407,16411,16413,4518,16409,14272,5514,16414,10080,16408,16412,16410,10983,16406],"class_list":["post-11874","post","type-post","status-publish","format-standard","has-post-thumbnail","hentry","category-imoveis","tag-area-valorizada-setor-bueno","tag-caixa-corta-juros","tag-costudy","tag-espaco-gourmet","tag-espaco-pet","tag-fgts-para-compra-de-imovel","tag-goiania-go","tag-predio-economico-e-sustentavel","tag-regiao-centro-oeste","tag-residencial-com-area-de-lazer","tag-residencial-com-coworking","tag-residencial-ello-vaca-brava","tag-setor-bueno","tag-vendas-de-imoveis-lancamento-na-regiao-do-parque-vaca-brava"],"blocksy_meta":[],"spectra_blocks_featured_image_url":{"thumbnail":{"url":"https:\/\/construcaocivil.siriusmarketingedesign.com.br\/wp-content\/uploads\/2019\/06\/AB-IMOVEL-150x150.jpg","width":150,"height":150},"medium":{"url":"https:\/\/construcaocivil.siriusmarketingedesign.com.br\/wp-content\/uploads\/2019\/06\/AB-IMOVEL-300x169.jpg","width":300,"height":169},"medium_large":{"url":"https:\/\/construcaocivil.siriusmarketingedesign.com.br\/wp-content\/uploads\/2019\/06\/AB-IMOVEL-768x432.jpg","width":768,"height":432},"large":{"url":"https:\/\/construcaocivil.siriusmarketingedesign.com.br\/wp-content\/uploads\/2019\/06\/AB-IMOVEL-1024x576.jpg","width":1024,"height":576},"full":{"url":"https:\/\/construcaocivil.siriusmarketingedesign.com.br\/wp-content\/uploads\/2019\/06\/AB-IMOVEL.jpg","width":1050,"height":591}},"spectra_blocks_author_info":{"display_name":"Jornal da Constru\u00e7\u00e3o Civil","avatar_url":"https:\/\/secure.gravatar.com\/avatar\/973c9774fd44ddaceb026973c4962faa70fc512bc4c9da68e8ebb40fecee6540?s=96&d=mm&r=g","author_link":"https:\/\/construcaocivil.siriusmarketingedesign.com.br\/?author=1","description":"Desde de 2013, levando muitas informa\u00e7\u00f5es, lan\u00e7amentos e produtos de qualidade para toda cadeia produtiva da constru\u00e7\u00e3o. O Futuro da constru\u00e7\u00e3o passa por aqui,"},"uagb_featured_image_src":{"full":["https:\/\/construcaocivil.siriusmarketingedesign.com.br\/wp-content\/uploads\/2019\/06\/AB-IMOVEL.jpg",1050,591,false],"thumbnail":["https:\/\/construcaocivil.siriusmarketingedesign.com.br\/wp-content\/uploads\/2019\/06\/AB-IMOVEL-150x150.jpg",150,150,true],"medium":["https:\/\/construcaocivil.siriusmarketingedesign.com.br\/wp-content\/uploads\/2019\/06\/AB-IMOVEL-300x169.jpg",300,169,true],"medium_large":["https:\/\/construcaocivil.siriusmarketingedesign.com.br\/wp-content\/uploads\/2019\/06\/AB-IMOVEL-768x432.jpg",768,432,true],"large":["https:\/\/construcaocivil.siriusmarketingedesign.com.br\/wp-content\/uploads\/2019\/06\/AB-IMOVEL-1024x576.jpg",1024,576,true],"1536x1536":["https:\/\/construcaocivil.siriusmarketingedesign.com.br\/wp-content\/uploads\/2019\/06\/AB-IMOVEL.jpg",1050,591,false],"2048x2048":["https:\/\/construcaocivil.siriusmarketingedesign.com.br\/wp-content\/uploads\/2019\/06\/AB-IMOVEL.jpg",1050,591,false]},"uagb_author_info":{"display_name":"Jornal da Constru\u00e7\u00e3o Civil","author_link":"https:\/\/construcaocivil.siriusmarketingedesign.com.br\/?author=1"},"uagb_comment_info":0,"uagb_excerpt":"Junho, 2019 &#8211; Os moradores da Regi\u00e3o Centro-Oeste passam quase 40 dias por ano no tr\u00e2nsito. O dado consta de um estudo encomendado pelo Servi\u00e7o de Prote\u00e7\u00e3o ao Cr\u00e9dito (SPC) para a Confedera\u00e7\u00e3o Nacional de Dirigentes Lojistas (CNDL). Ainda conforme o levantamento o brasileiro, em m\u00e9dia, gasta duas horas e meia por dia para se&hellip;","_links":{"self":[{"href":"https:\/\/construcaocivil.siriusmarketingedesign.com.br\/index.php?rest_route=\/wp\/v2\/posts\/11874","targetHints":{"allow":["GET"]}}],"collection":[{"href":"https:\/\/construcaocivil.siriusmarketingedesign.com.br\/index.php?rest_route=\/wp\/v2\/posts"}],"about":[{"href":"https:\/\/construcaocivil.siriusmarketingedesign.com.br\/index.php?rest_route=\/wp\/v2\/types\/post"}],"author":[{"embeddable":true,"href":"https:\/\/construcaocivil.siriusmarketingedesign.com.br\/index.php?rest_route=\/wp\/v2\/users\/1"}],"replies":[{"embeddable":true,"href":"https:\/\/construcaocivil.siriusmarketingedesign.com.br\/index.php?rest_route=%2Fwp%2Fv2%2Fcomments&post=11874"}],"version-history":[{"count":0,"href":"https:\/\/construcaocivil.siriusmarketingedesign.com.br\/index.php?rest_route=\/wp\/v2\/posts\/11874\/revisions"}],"wp:featuredmedia":[{"embeddable":true,"href":"https:\/\/construcaocivil.siriusmarketingedesign.com.br\/index.php?rest_route=\/wp\/v2\/media\/11875"}],"wp:attachment":[{"href":"https:\/\/construcaocivil.siriusmarketingedesign.com.br\/index.php?rest_route=%2Fwp%2Fv2%2Fmedia&parent=11874"}],"wp:term":[{"taxonomy":"category","embeddable":true,"href":"https:\/\/construcaocivil.siriusmarketingedesign.com.br\/index.php?rest_route=%2Fwp%2Fv2%2Fcategories&post=11874"},{"taxonomy":"post_tag","embeddable":true,"href":"https:\/\/construcaocivil.siriusmarketingedesign.com.br\/index.php?rest_route=%2Fwp%2Fv2%2Ftags&post=11874"}],"curies":[{"name":"wp","href":"https:\/\/api.w.org\/{rel}","templated":true}]}}