{"id":11888,"date":"2019-06-10T14:13:53","date_gmt":"2019-06-10T17:13:53","guid":{"rendered":"https:\/\/www.jornaldaconstrucaocivil.com.br\/?p=11888"},"modified":"2019-06-10T14:13:53","modified_gmt":"2019-06-10T17:13:53","slug":"rayflex-leva-portas-autorreparaveis-com-vedacao-total-a-fispal-tecnologia","status":"publish","type":"post","link":"https:\/\/construcaocivil.siriusmarketingedesign.com.br\/?p=11888","title":{"rendered":"Rayflex leva portas autorrepar\u00e1veis com veda\u00e7\u00e3o total \u00e0 Fispal Tecnologia"},"content":{"rendered":"<p style=\"text-align: justify;\"><span style=\"color: #993300;\">Junho, 2019<\/span> &#8211; A Rayflex participa da Fispal Tecnologia 2019, feira que re\u00fane profissionais das ind\u00fastrias de alimentos e bebidas, al\u00e9m de potenciais compradores em busca de solu\u00e7\u00f5es inovadoras. Durante o evento, que acontece entre os dias 25 e 28 de junho, no Centro de Exposi\u00e7\u00f5es S\u00e3o Paulo Expo, a empresa vai exibir em seu stand solu\u00e7\u00f5es como a porta AL 01, \u00fanico produto fabricado no Brasil que oferece veda\u00e7\u00e3o total do ambiente e preserva\u00e7\u00e3o da temperatura das salas.<\/p>\n<p style=\"text-align: justify;\">A porta possui guias lisas e tecnologia auto repar\u00e1vel, evitando o desgaste e poss\u00edveis danifica\u00e7\u00f5es da lona em caso de impacto com empilhadeiras ou outros equipamentos, reduzindo, assim, o custo de manuten\u00e7\u00e3o. O fechamento r\u00e1pido das portas garantem as condi\u00e7\u00f5es clim\u00e1ticas ideais do ambiente e minimizam os gastos com energia. \u201cO modelo AL 01 foi desenvolvido para ser aplicada em \u00e1reas internas, exigindo pouqu\u00edssimo espa\u00e7o para instala\u00e7\u00e3o e garantindo a m\u00e1xima prote\u00e7\u00e3o do ambiente contra correntes de ar, poeira e contamina\u00e7\u00e3o\u201d, explica Giordania R. Tavares, diretora executiva da empresa.<\/p>\n<p style=\"text-align: justify;\">Outras op\u00e7\u00f5es que poder\u00e3o ser vistas durante o evento s\u00e3o as\u00a0 portas seccionais, que separam ambientes internos e externos com isolamento t\u00e9rmico e veda\u00e7\u00e3o, al\u00e9m do modelo FRIGOISO, especialmente projetado para ser utilizado em c\u00e2maras e antec\u00e2maras frigor\u00edficas. Segundo Giordania, o modelo gera um impacto muito grande na redu\u00e7\u00e3o de custos.\u00a0 \u201cS\u00e3o portas totalmente vedadas que preservam o ar frio dentro da c\u00e2mara evitando o uso constante dos aparelhos de refrigera\u00e7\u00e3o, o que traz uma economia bastante significativa para essas organiza\u00e7\u00f5es\u201d, finaliza.<strong>\u00a0<\/strong><\/p>\n<p><strong>Servi\u00e7o:<\/strong><\/p>\n<p>Fispal Tecnologia &#8211; Stand Rayflex F196<\/p>\n<p>Data: 25 e 28 de junho de 2019 das 13h \u00e0s 20h<\/p>\n<p>Local: S\u00e3o Paulo Expo &#8211; Rodovia dos Imigrantes, Km 1,5, S\u00e3o Paulo<\/p>\n<p>Mais informa\u00e7\u00f5es: www.fispaltecnologia.com.br<\/p>\n<p><span style=\"color: #0000ff;\"><a style=\"color: #0000ff;\" href=\"http:\/\/www.rayflex.com.br\/\" target=\"_blank\" rel=\"noopener noreferrer\">\u2002<\/a><a style=\"color: #0000ff;\" href=\"http:\/\/www.rayflex.com.br\/\" target=\"_blank\" rel=\"noopener noreferrer\">www.rayflex.com.br<\/a>.<\/span><\/p>\n<p>Fonte: Imprensa\/ Rayflex<\/p>\n<h2 class=\"subject\"><\/h2>\n","protected":false},"excerpt":{"rendered":"<p>Junho, 2019 &#8211; A Rayflex participa da Fispal Tecnologia 2019, feira que re\u00fane profissionais das ind\u00fastrias de alimentos e bebidas, al\u00e9m de potenciais compradores em busca de solu\u00e7\u00f5es inovadoras. Durante o evento, que acontece entre os dias 25 e 28 de junho, no Centro de Exposi\u00e7\u00f5es S\u00e3o Paulo Expo, a empresa vai exibir em seu [&hellip;]<\/p>\n","protected":false},"author":1,"featured_media":11889,"comment_status":"open","ping_status":"open","sticky":false,"template":"","format":"standard","meta":{"_uag_custom_page_level_css":"","footnotes":""},"categories":[12591],"tags":[16436,14633,16441,16438,16440,5105,16437,16439,16435,14628,14631,10675,10679,14630],"class_list":["post-11888","post","type-post","status-publish","format-standard","has-post-thumbnail","hentry","category-produtos","tag-arruelas-e-pecas-para-portas","tag-automobilisticas","tag-esquadrias-e-portas-industriais","tag-farmaceuticas","tag-fispal-2019","tag-fispal-tecnologia","tag-industrias-alimenticias","tag-metalurgicas","tag-portas-e-fechaduras","tag-portas-industriais","tag-rayflex","tag-sao-paulo-expo","tag-sao-paulo-sp","tag-vendas-de-portas"],"blocksy_meta":[],"spectra_blocks_featured_image_url":{"thumbnail":{"url":"https:\/\/construcaocivil.siriusmarketingedesign.com.br\/wp-content\/uploads\/2019\/06\/imagem_release_1746082-150x150.jpg","width":150,"height":150},"medium":{"url":"https:\/\/construcaocivil.siriusmarketingedesign.com.br\/wp-content\/uploads\/2019\/06\/imagem_release_1746082-300x208.jpg","width":300,"height":208},"medium_large":{"url":"https:\/\/construcaocivil.siriusmarketingedesign.com.br\/wp-content\/uploads\/2019\/06\/imagem_release_1746082-768x532.jpg","width":768,"height":532},"large":{"url":"https:\/\/construcaocivil.siriusmarketingedesign.com.br\/wp-content\/uploads\/2019\/06\/imagem_release_1746082-1024x709.jpg","width":1024,"height":709},"full":{"url":"https:\/\/construcaocivil.siriusmarketingedesign.com.br\/wp-content\/uploads\/2019\/06\/imagem_release_1746082.jpg","width":1975,"height":1367}},"spectra_blocks_author_info":{"display_name":"Jornal da Constru\u00e7\u00e3o Civil","avatar_url":"https:\/\/secure.gravatar.com\/avatar\/973c9774fd44ddaceb026973c4962faa70fc512bc4c9da68e8ebb40fecee6540?s=96&d=mm&r=g","author_link":"https:\/\/construcaocivil.siriusmarketingedesign.com.br\/?author=1","description":"Desde de 2013, levando muitas informa\u00e7\u00f5es, lan\u00e7amentos e produtos de qualidade para toda cadeia produtiva da constru\u00e7\u00e3o. O Futuro da constru\u00e7\u00e3o passa por aqui,"},"uagb_featured_image_src":{"full":["https:\/\/construcaocivil.siriusmarketingedesign.com.br\/wp-content\/uploads\/2019\/06\/imagem_release_1746082.jpg",1975,1367,false],"thumbnail":["https:\/\/construcaocivil.siriusmarketingedesign.com.br\/wp-content\/uploads\/2019\/06\/imagem_release_1746082-150x150.jpg",150,150,true],"medium":["https:\/\/construcaocivil.siriusmarketingedesign.com.br\/wp-content\/uploads\/2019\/06\/imagem_release_1746082-300x208.jpg",300,208,true],"medium_large":["https:\/\/construcaocivil.siriusmarketingedesign.com.br\/wp-content\/uploads\/2019\/06\/imagem_release_1746082-768x532.jpg",768,532,true],"large":["https:\/\/construcaocivil.siriusmarketingedesign.com.br\/wp-content\/uploads\/2019\/06\/imagem_release_1746082-1024x709.jpg",1024,709,true],"1536x1536":["https:\/\/construcaocivil.siriusmarketingedesign.com.br\/wp-content\/uploads\/2019\/06\/imagem_release_1746082.jpg",1536,1063,false],"2048x2048":["https:\/\/construcaocivil.siriusmarketingedesign.com.br\/wp-content\/uploads\/2019\/06\/imagem_release_1746082.jpg",1975,1367,false]},"uagb_author_info":{"display_name":"Jornal da Constru\u00e7\u00e3o Civil","author_link":"https:\/\/construcaocivil.siriusmarketingedesign.com.br\/?author=1"},"uagb_comment_info":0,"uagb_excerpt":"Junho, 2019 &#8211; A Rayflex participa da Fispal Tecnologia 2019, feira que re\u00fane profissionais das ind\u00fastrias de alimentos e bebidas, al\u00e9m de potenciais compradores em busca de solu\u00e7\u00f5es inovadoras. Durante o evento, que acontece entre os dias 25 e 28 de junho, no Centro de Exposi\u00e7\u00f5es S\u00e3o Paulo Expo, a empresa vai exibir em seu&hellip;","_links":{"self":[{"href":"https:\/\/construcaocivil.siriusmarketingedesign.com.br\/index.php?rest_route=\/wp\/v2\/posts\/11888","targetHints":{"allow":["GET"]}}],"collection":[{"href":"https:\/\/construcaocivil.siriusmarketingedesign.com.br\/index.php?rest_route=\/wp\/v2\/posts"}],"about":[{"href":"https:\/\/construcaocivil.siriusmarketingedesign.com.br\/index.php?rest_route=\/wp\/v2\/types\/post"}],"author":[{"embeddable":true,"href":"https:\/\/construcaocivil.siriusmarketingedesign.com.br\/index.php?rest_route=\/wp\/v2\/users\/1"}],"replies":[{"embeddable":true,"href":"https:\/\/construcaocivil.siriusmarketingedesign.com.br\/index.php?rest_route=%2Fwp%2Fv2%2Fcomments&post=11888"}],"version-history":[{"count":0,"href":"https:\/\/construcaocivil.siriusmarketingedesign.com.br\/index.php?rest_route=\/wp\/v2\/posts\/11888\/revisions"}],"wp:featuredmedia":[{"embeddable":true,"href":"https:\/\/construcaocivil.siriusmarketingedesign.com.br\/index.php?rest_route=\/wp\/v2\/media\/11889"}],"wp:attachment":[{"href":"https:\/\/construcaocivil.siriusmarketingedesign.com.br\/index.php?rest_route=%2Fwp%2Fv2%2Fmedia&parent=11888"}],"wp:term":[{"taxonomy":"category","embeddable":true,"href":"https:\/\/construcaocivil.siriusmarketingedesign.com.br\/index.php?rest_route=%2Fwp%2Fv2%2Fcategories&post=11888"},{"taxonomy":"post_tag","embeddable":true,"href":"https:\/\/construcaocivil.siriusmarketingedesign.com.br\/index.php?rest_route=%2Fwp%2Fv2%2Ftags&post=11888"}],"curies":[{"name":"wp","href":"https:\/\/api.w.org\/{rel}","templated":true}]}}