{"id":11899,"date":"2019-06-12T12:08:13","date_gmt":"2019-06-12T15:08:13","guid":{"rendered":"https:\/\/www.jornaldaconstrucaocivil.com.br\/?p=11899"},"modified":"2019-06-12T12:08:13","modified_gmt":"2019-06-12T15:08:13","slug":"fundo-amazonia-ameacado-nota-da-afbndes-sobre-carta-dos-doadores-do-fundo-amazonia","status":"publish","type":"post","link":"https:\/\/construcaocivil.siriusmarketingedesign.com.br\/?p=11899","title":{"rendered":"Fundo Amaz\u00f4nia amea\u00e7ado: Nota da AFBNDES sobre carta dos doadores do Fundo Amaz\u00f4nia"},"content":{"rendered":"<div style=\"text-align: justify;\"><span style=\"color: #993300;\">Junho, 2019<\/span> &#8211; A AFBNDES (Associa\u00e7\u00e3o dos Funcion\u00e1rios do BNDES) reitera a import\u00e2ncia da posi\u00e7\u00e3o dos governos da Alemanha e da Noruega em carta sobre o futuro do Fundo Amaz\u00f4nia destinada ao Minist\u00e9rio do Meio Ambiente, enviada no \u00faltimo dia 05 de junho. No texto, assinado pelos embaixadores dos dois pa\u00edses, a gest\u00e3o do BNDES pelo Fundo \u00e9 defendida, assim como o modelo de governan\u00e7a implementado desde o in\u00edcio do Fundo Amaz\u00f4nia.<\/div>\n<div style=\"text-align: center;\"><\/div>\n<div style=\"text-align: center;\"><span style=\"color: #0000ff;\"><strong>Sobre a gest\u00e3o do BNDES, a carta destaca:\u00a0<\/strong><\/span><\/div>\n<div style=\"text-align: justify;\">&#8220;A compet\u00eancia e independ\u00eancia do BNDES na gest\u00e3o do Fundo \u00e9 essencial. Para evitar qualquer potencial conflito de interesses, o BNDES \u2013 e n\u00e3o o COFA \u2013 avalia e aprova projetos. Todo ano, a gest\u00e3o do Fundo do BNDES \u00e9 sujeita a auditorias financeiras e avalia\u00e7\u00f5es de impacto, conduzidas de acordo com padr\u00f5es internacionais. At\u00e9 agora, essas auditorias e avalia\u00e7\u00f5es foram unanimes no seu reconhecimento geral do uso eficiente dos recursos e de impactos mensur\u00e1veis de redu\u00e7\u00e3o do desmatamento do Fundo Amaz\u00f4nia. BNDES tem consistentemente considerado as recomenda\u00e7\u00f5es dessas auditorias para aperfei\u00e7oar a efetividade e impacto do Fundo.&#8221;<\/div>\n<div style=\"text-align: justify;\"><\/div>\n<div style=\"text-align: justify;\">N\u00e3o poderia ser maior o contraste entre o posicionamento dos governos dos dois pa\u00edses doadores de 99% dos recursos do Fundo e o comportamento do ministro do Meio Ambiente ao lado da atual diretoria do BNDES.<\/div>\n<div style=\"text-align: justify;\"><\/div>\n<div style=\"text-align: justify;\">Como apontamos em nota anterior divulgada pela Associa\u00e7\u00e3o a respeito do caso, todo o alarde do ministro Ricardo Salles sobre irregularidades no Fundo n\u00e3o passava de um blefe. At\u00e9 hoje, nenhum questionamento foi enviado ao BNDES sobre qualquer opera\u00e7\u00e3o do Fundo, mesmo o Minist\u00e9rio do Meio Ambiente estando h\u00e1 meses em posse de todas as informa\u00e7\u00f5es sobre as opera\u00e7\u00f5es realizadas.<\/div>\n<div style=\"text-align: justify;\"><\/div>\n<div style=\"text-align: justify;\">Para a AFBNDES, as inten\u00e7\u00f5es de Ricardo Salles est\u00e3o claras: a utiliza\u00e7\u00e3o dos recursos do Fundo para pagar indeniza\u00e7\u00f5es relacionadas \u00e0 desapropria\u00e7\u00e3o de terras por raz\u00f5es de preserva\u00e7\u00e3o ambiental. Segundo ambientalistas, na Amaz\u00f4nia, isso implicaria potencialmente no beneficiamento de grileiros, que invadem \u00e1reas de preserva\u00e7\u00e3o para receber indeniza\u00e7\u00f5es. Entre os planos do ministro estava desacreditar o corpo t\u00e9cnico do BNDES e obter o controle do Fundo, pois sabe-se que a atual estrutura do COFA, defendida na carta pelos pa\u00edses doadores, jamais concordaria com suas propostas.<\/div>\n<div style=\"text-align: justify;\"><\/div>\n<div style=\"text-align: justify;\">Por isso, refor\u00e7amos nossa indigna\u00e7\u00e3o com o envolvimento do BNDES nesta trama. At\u00e9 hoje, o Banco mant\u00e9m em seu site o posicionamento a respeito do afastamento da chefe do Departamento de Meio Ambiente, respons\u00e1vel pela gest\u00e3o do Fundo Amaz\u00f4nia dentro do BNDES. Ofendendo, ao nosso ver, uma colega dedicada e de reputa\u00e7\u00e3o ilibada, assim como toda a equipe que trabalha no Fundo. A nota segue dispon\u00edvel, mesmo ap\u00f3s as declara\u00e7\u00f5es p\u00fablicas do presidente do BNDES, negando publicamente seu conte\u00fado. Acreditamos que a diretoria do BNDES ainda deve um pedido formal de desculpas pelo afastamento da gestora, assim como deve retirar o texto, no qual justifica a decis\u00e3o, tratando como o procedimento como &#8220;natural&#8221;.<\/div>\n<div>Fonte: Imprensa\/AFBNDES<\/div>\n","protected":false},"excerpt":{"rendered":"<p>Junho, 2019 &#8211; A AFBNDES (Associa\u00e7\u00e3o dos Funcion\u00e1rios do BNDES) reitera a import\u00e2ncia da posi\u00e7\u00e3o dos governos da Alemanha e da Noruega em carta sobre o futuro do Fundo Amaz\u00f4nia destinada ao Minist\u00e9rio do Meio Ambiente, enviada no \u00faltimo dia 05 de junho. No texto, assinado pelos embaixadores dos dois pa\u00edses, a gest\u00e3o do BNDES [&hellip;]<\/p>\n","protected":false},"author":1,"featured_media":11900,"comment_status":"open","ping_status":"open","sticky":false,"template":"","format":"standard","meta":{"_uag_custom_page_level_css":"","footnotes":""},"categories":[37],"tags":[16457,1422,16456,16462,4145,16459,16458,16461,16463,16464,16455,16460],"class_list":["post-11899","post","type-post","status-publish","format-standard","has-post-thumbnail","hentry","category-sustentabilidade","tag-afbndes-associacao-dos-funcionarios-do-bndes","tag-biodiversidade","tag-bndes-muda-diretora-do-fundo-amazonia","tag-economia-sustentavel","tag-empregabilidade","tag-fauna","tag-fundo-amazonia-ameacado","tag-geracao-de-empregos-na-regiao-amazonica","tag-gestao-do-bndes-erra-ao-mudar-diretora-do-fa","tag-ministerio-do-meio-ambiente-pessima-gestao","tag-noruega-e-alemanha-sao-contra-mudancas-no-fundo-amazonia","tag-reducao-de-c02"],"blocksy_meta":[],"spectra_blocks_featured_image_url":{"thumbnail":{"url":"https:\/\/construcaocivil.siriusmarketingedesign.com.br\/wp-content\/uploads\/2019\/06\/FundoAmaz\u00f4nia-150x150.jpg","width":150,"height":150},"medium":{"url":"https:\/\/construcaocivil.siriusmarketingedesign.com.br\/wp-content\/uploads\/2019\/06\/FundoAmaz\u00f4nia-300x264.jpg","width":300,"height":264},"medium_large":{"url":"https:\/\/construcaocivil.siriusmarketingedesign.com.br\/wp-content\/uploads\/2019\/06\/FundoAmaz\u00f4nia-768x676.jpg","width":768,"height":676},"large":{"url":"https:\/\/construcaocivil.siriusmarketingedesign.com.br\/wp-content\/uploads\/2019\/06\/FundoAmaz\u00f4nia-1024x901.jpg","width":1024,"height":901},"full":{"url":"https:\/\/construcaocivil.siriusmarketingedesign.com.br\/wp-content\/uploads\/2019\/06\/FundoAmaz\u00f4nia.jpg","width":1119,"height":985}},"spectra_blocks_author_info":{"display_name":"Jornal da Constru\u00e7\u00e3o Civil","avatar_url":"https:\/\/secure.gravatar.com\/avatar\/973c9774fd44ddaceb026973c4962faa70fc512bc4c9da68e8ebb40fecee6540?s=96&d=mm&r=g","author_link":"https:\/\/construcaocivil.siriusmarketingedesign.com.br\/?author=1","description":"Desde de 2013, levando muitas informa\u00e7\u00f5es, lan\u00e7amentos e produtos de qualidade para toda cadeia produtiva da constru\u00e7\u00e3o. O Futuro da constru\u00e7\u00e3o passa por aqui,"},"uagb_featured_image_src":{"full":["https:\/\/construcaocivil.siriusmarketingedesign.com.br\/wp-content\/uploads\/2019\/06\/FundoAmaz\u00f4nia.jpg",1119,985,false],"thumbnail":["https:\/\/construcaocivil.siriusmarketingedesign.com.br\/wp-content\/uploads\/2019\/06\/FundoAmaz\u00f4nia-150x150.jpg",150,150,true],"medium":["https:\/\/construcaocivil.siriusmarketingedesign.com.br\/wp-content\/uploads\/2019\/06\/FundoAmaz\u00f4nia-300x264.jpg",300,264,true],"medium_large":["https:\/\/construcaocivil.siriusmarketingedesign.com.br\/wp-content\/uploads\/2019\/06\/FundoAmaz\u00f4nia-768x676.jpg",768,676,true],"large":["https:\/\/construcaocivil.siriusmarketingedesign.com.br\/wp-content\/uploads\/2019\/06\/FundoAmaz\u00f4nia-1024x901.jpg",1024,901,true],"1536x1536":["https:\/\/construcaocivil.siriusmarketingedesign.com.br\/wp-content\/uploads\/2019\/06\/FundoAmaz\u00f4nia.jpg",1119,985,false],"2048x2048":["https:\/\/construcaocivil.siriusmarketingedesign.com.br\/wp-content\/uploads\/2019\/06\/FundoAmaz\u00f4nia.jpg",1119,985,false]},"uagb_author_info":{"display_name":"Jornal da Constru\u00e7\u00e3o Civil","author_link":"https:\/\/construcaocivil.siriusmarketingedesign.com.br\/?author=1"},"uagb_comment_info":0,"uagb_excerpt":"Junho, 2019 &#8211; A AFBNDES (Associa\u00e7\u00e3o dos Funcion\u00e1rios do BNDES) reitera a import\u00e2ncia da posi\u00e7\u00e3o dos governos da Alemanha e da Noruega em carta sobre o futuro do Fundo Amaz\u00f4nia destinada ao Minist\u00e9rio do Meio Ambiente, enviada no \u00faltimo dia 05 de junho. No texto, assinado pelos embaixadores dos dois pa\u00edses, a gest\u00e3o do BNDES&hellip;","_links":{"self":[{"href":"https:\/\/construcaocivil.siriusmarketingedesign.com.br\/index.php?rest_route=\/wp\/v2\/posts\/11899","targetHints":{"allow":["GET"]}}],"collection":[{"href":"https:\/\/construcaocivil.siriusmarketingedesign.com.br\/index.php?rest_route=\/wp\/v2\/posts"}],"about":[{"href":"https:\/\/construcaocivil.siriusmarketingedesign.com.br\/index.php?rest_route=\/wp\/v2\/types\/post"}],"author":[{"embeddable":true,"href":"https:\/\/construcaocivil.siriusmarketingedesign.com.br\/index.php?rest_route=\/wp\/v2\/users\/1"}],"replies":[{"embeddable":true,"href":"https:\/\/construcaocivil.siriusmarketingedesign.com.br\/index.php?rest_route=%2Fwp%2Fv2%2Fcomments&post=11899"}],"version-history":[{"count":0,"href":"https:\/\/construcaocivil.siriusmarketingedesign.com.br\/index.php?rest_route=\/wp\/v2\/posts\/11899\/revisions"}],"wp:featuredmedia":[{"embeddable":true,"href":"https:\/\/construcaocivil.siriusmarketingedesign.com.br\/index.php?rest_route=\/wp\/v2\/media\/11900"}],"wp:attachment":[{"href":"https:\/\/construcaocivil.siriusmarketingedesign.com.br\/index.php?rest_route=%2Fwp%2Fv2%2Fmedia&parent=11899"}],"wp:term":[{"taxonomy":"category","embeddable":true,"href":"https:\/\/construcaocivil.siriusmarketingedesign.com.br\/index.php?rest_route=%2Fwp%2Fv2%2Fcategories&post=11899"},{"taxonomy":"post_tag","embeddable":true,"href":"https:\/\/construcaocivil.siriusmarketingedesign.com.br\/index.php?rest_route=%2Fwp%2Fv2%2Ftags&post=11899"}],"curies":[{"name":"wp","href":"https:\/\/api.w.org\/{rel}","templated":true}]}}