{"id":11906,"date":"2019-06-12T13:36:13","date_gmt":"2019-06-12T16:36:13","guid":{"rendered":"https:\/\/www.jornaldaconstrucaocivil.com.br\/?p=11906"},"modified":"2019-06-12T13:36:13","modified_gmt":"2019-06-12T16:36:13","slug":"breton-apresenta-desejos-de-familia","status":"publish","type":"post","link":"https:\/\/construcaocivil.siriusmarketingedesign.com.br\/?p=11906","title":{"rendered":"Breton apresenta &#8220;Desejos de Fam\u00edlia&#8221;"},"content":{"rendered":"<p><em>Por Marcelo Lima<\/em><\/p>\n<p style=\"text-align: justify;\"><span style=\"color: #993300;\">Junho, 2019<\/span> &#8211; Houve um tempo em que a percep\u00e7\u00e3o do tempo era outra. A todos era poss\u00edvel deixar o rel\u00f3gio trabalhar sem a necessidade iminente de checar a \u00faltima mensagem recebida. Sem ter de partir, mal dizendo at\u00e9 breve. Sem pensar que j\u00e1 era tarde. Sem maiores culpas, remorsos, nem que tais.<\/p>\n<p style=\"text-align: justify;\">O barquinho poderia ir, a tardinha poderia cair. Fosse na sala de casa ou em um Electra da Varig de Congonhas rumo ao Santos Dumont &#8211; ou vice-versa e, nem por isso, o papo deixava de rolar, livre, leve e solto. O sol brilhava, as pessoas eram mais dispon\u00edveis, os m\u00f3veis, real e sensorialmente, mais confort\u00e1veis.<\/p>\n<p style=\"text-align: justify;\">Em prolongados almo\u00e7os, em Higien\u00f3polis ou Ipanema, tudo poderia terminar em uma partida de buraco ou em uma longa soneca no bra\u00e7o de um sof\u00e1. Sem maiores urg\u00eancias, nem cobran\u00e7as. Apenas pelo simples prazer de se sentir l\u00e1.<\/p>\n<figure id=\"attachment_11908\" aria-describedby=\"caption-attachment-11908\" style=\"width: 300px\" class=\"wp-caption alignleft\"><img loading=\"lazy\" decoding=\"async\" class=\"size-medium wp-image-11908\" src=\"https:\/\/www.jornaldaconstrucaocivil.com.br\/wp-content\/uploads\/2019\/06\/SOFA-300x200.jpg\" alt=\"\" width=\"300\" height=\"200\" srcset=\"https:\/\/construcaocivil.siriusmarketingedesign.com.br\/wp-content\/uploads\/2019\/06\/SOFA-300x200.jpg 300w, https:\/\/construcaocivil.siriusmarketingedesign.com.br\/wp-content\/uploads\/2019\/06\/SOFA-768x512.jpg 768w, https:\/\/construcaocivil.siriusmarketingedesign.com.br\/wp-content\/uploads\/2019\/06\/SOFA.jpg 1024w, https:\/\/construcaocivil.siriusmarketingedesign.com.br\/wp-content\/uploads\/2019\/06\/SOFA-450x300.jpg 450w\" sizes=\"auto, (max-width: 300px) 100vw, 300px\" \/><figcaption id=\"caption-attachment-11908\" class=\"wp-caption-text\">Cole\u00e7\u00e3o desejos de Fam\u00edlia. Divulga\u00e7\u00e3o<\/figcaption><\/figure>\n<p style=\"text-align: justify;\">Pois \u00e9. \u00c9 deste tempo e, convenhamos, nem faz tanto tempo assim, que nos fala a cole\u00e7\u00e3o Breton 2019, Desejo de Fam\u00edlia. Em s\u00edntese, da necessidade fundamental de se sentir parte, de compartilhar, de estar pr\u00f3ximo a quem se ama: seja jogado sof\u00e1, conversando ao redor da mesa ou na varanda, \u00e0 espera do pr\u00f3ximo p\u00f4r do sol.<\/p>\n<p style=\"text-align: justify;\">Dos m\u00f3veis essenciais aos de simples apoio, o que buscamos, essencialmente, foi favorecer o contato. Foi possibilitar, por meio de uma constru\u00e7\u00e3o t\u00e9cnica esmerada e de um ideal de conforto total -do primeiro esbo\u00e7o aos detalhes finais -sugerir um aceno, um gesto de envolvimento. Enfim, um real\u00a0<em>get together<\/em>.<\/p>\n<p style=\"text-align: justify;\">Para n\u00f3s da Breton, este desejo se revela em uma casa mais acolhedora e quente, pronta para compartilhar todos os momentos e fortalecer todos os la\u00e7os. Para nossa empresa, o conceito de fam\u00edlia pode mudar, se ampliar, se transformar. E \u00e9 natural que seja assim. Mas o desejo de estar junto \u00e9 perene.<\/p>\n<figure id=\"attachment_11909\" aria-describedby=\"caption-attachment-11909\" style=\"width: 269px\" class=\"wp-caption alignright\"><img loading=\"lazy\" decoding=\"async\" class=\" wp-image-11909\" src=\"https:\/\/www.jornaldaconstrucaocivil.com.br\/wp-content\/uploads\/2019\/06\/SOF\u00e1-II-300x200.jpg\" alt=\"\" width=\"269\" height=\"179\" srcset=\"https:\/\/construcaocivil.siriusmarketingedesign.com.br\/wp-content\/uploads\/2019\/06\/SOF\u00e1-II-300x200.jpg 300w, https:\/\/construcaocivil.siriusmarketingedesign.com.br\/wp-content\/uploads\/2019\/06\/SOF\u00e1-II-768x512.jpg 768w, https:\/\/construcaocivil.siriusmarketingedesign.com.br\/wp-content\/uploads\/2019\/06\/SOF\u00e1-II.jpg 1024w, https:\/\/construcaocivil.siriusmarketingedesign.com.br\/wp-content\/uploads\/2019\/06\/SOF\u00e1-II-450x300.jpg 450w\" sizes=\"auto, (max-width: 269px) 100vw, 269px\" \/><figcaption id=\"caption-attachment-11909\" class=\"wp-caption-text\">Cole\u00e7\u00e3o desejos de Fam\u00edlia. Divulga\u00e7\u00e3o<\/figcaption><\/figure>\n<p style=\"text-align: justify;\">Por outro lado, fortalecer a brasilidade permanece um pressuposto essencial. E, mesmo sem perceber, acabamos revisitando a d\u00e9cada de 60: percorrendo sua Arquitetura superior, sua est\u00e9tica urbanista, sua suave Bossa Nova e todos os grandes arquitetos que fizeram o Brasil brilhar e ser reverenciado em todo mundo.<\/p>\n<p style=\"text-align: justify;\">Dentro desse universo e, mais uma vez, apostando na for\u00e7a do nosso design, convidamos dez promissores profissionais para assinar suas cole\u00e7\u00f5es exclusivas que, dando continuidade \u00e0 cole\u00e7\u00e3o Bossa Nossa do ano passado, injetam for\u00e7a e frescor \u00e0 nossa produ\u00e7\u00e3o, fazendo a engrenagem do tempo girar.<\/p>\n<p style=\"text-align: justify;\">Tamb\u00e9m lan\u00e7amos um olhar, de forma focada e direta, a tr\u00eas nomes de nosso design, que acreditamos ter muito a dizer neste momento: Aristeu Pires, Paulo Niemeyer e Ronald Sasson. Cada qual a seu modo, reafirmando a singularidade de nosso design.<\/p>\n<p style=\"text-align: justify;\">Enfim, convidamos a todos a conhecer nossa cole\u00e7\u00e3o. A v\u00ea-la , toc\u00e1-la, senti-la. A ter um contato pr\u00f3ximo com o que fazemos de melhor. Para n\u00f3s, o design \u00e9 um processo que tem in\u00edcio em uma ideia, mas que s\u00f3 se esgota na intera\u00e7\u00e3o com quem com ele se relaciona. \u00c9 esse o nosso desejo. Sinta-se em casa.<\/p>\n<p>Acesse o site <a href=\"http:\/\/www.breton.com.br\"><span style=\"color: #0000ff;\">www.breton.com.br<\/span>\u00a0<\/a><\/p>\n<p>Fonte: Imprensa\/Breton<\/p>\n","protected":false},"excerpt":{"rendered":"<p>Por Marcelo Lima Junho, 2019 &#8211; Houve um tempo em que a percep\u00e7\u00e3o do tempo era outra. A todos era poss\u00edvel deixar o rel\u00f3gio trabalhar sem a necessidade iminente de checar a \u00faltima mensagem recebida. Sem ter de partir, mal dizendo at\u00e9 breve. Sem pensar que j\u00e1 era tarde. Sem maiores culpas, remorsos, nem que [&hellip;]<\/p>\n","protected":false},"author":1,"featured_media":11907,"comment_status":"open","ping_status":"open","sticky":false,"template":"","format":"standard","meta":{"_uag_custom_page_level_css":"","footnotes":""},"categories":[28],"tags":[16479,16477,16482,16478,16476,16480,7915,16483,13603,16481],"class_list":["post-11906","post","type-post","status-publish","format-standard","has-post-thumbnail","hentry","category-arquitetura","tag-casa-shopping","tag-colecao-desejos-de-familia","tag-designers-brasileiros-assinam-moveis-de-ponta","tag-lancamento-no-rio-de-janeiro","tag-moveis-cadeiras-e-sofas","tag-moveis-decorados","tag-moveis-para-escritorios","tag-moveis-para-varanda","tag-sala-de-star","tag-vendas-da-breton-crescem-no-mercado"],"blocksy_meta":[],"spectra_blocks_featured_image_url":{"thumbnail":{"url":"https:\/\/construcaocivil.siriusmarketingedesign.com.br\/wp-content\/uploads\/2019\/06\/BRETON-150x150.jpg","width":150,"height":150},"medium":{"url":"https:\/\/construcaocivil.siriusmarketingedesign.com.br\/wp-content\/uploads\/2019\/06\/BRETON-200x300.jpg","width":200,"height":300},"medium_large":{"url":"https:\/\/construcaocivil.siriusmarketingedesign.com.br\/wp-content\/uploads\/2019\/06\/BRETON.jpg","width":512,"height":768},"large":{"url":"https:\/\/construcaocivil.siriusmarketingedesign.com.br\/wp-content\/uploads\/2019\/06\/BRETON.jpg","width":512,"height":768},"full":{"url":"https:\/\/construcaocivil.siriusmarketingedesign.com.br\/wp-content\/uploads\/2019\/06\/BRETON.jpg","width":512,"height":768}},"spectra_blocks_author_info":{"display_name":"Jornal da Constru\u00e7\u00e3o Civil","avatar_url":"https:\/\/secure.gravatar.com\/avatar\/973c9774fd44ddaceb026973c4962faa70fc512bc4c9da68e8ebb40fecee6540?s=96&d=mm&r=g","author_link":"https:\/\/construcaocivil.siriusmarketingedesign.com.br\/?author=1","description":"Desde de 2013, levando muitas informa\u00e7\u00f5es, lan\u00e7amentos e produtos de qualidade para toda cadeia produtiva da constru\u00e7\u00e3o. O Futuro da constru\u00e7\u00e3o passa por aqui,"},"uagb_featured_image_src":{"full":["https:\/\/construcaocivil.siriusmarketingedesign.com.br\/wp-content\/uploads\/2019\/06\/BRETON.jpg",512,768,false],"thumbnail":["https:\/\/construcaocivil.siriusmarketingedesign.com.br\/wp-content\/uploads\/2019\/06\/BRETON-150x150.jpg",150,150,true],"medium":["https:\/\/construcaocivil.siriusmarketingedesign.com.br\/wp-content\/uploads\/2019\/06\/BRETON-200x300.jpg",200,300,true],"medium_large":["https:\/\/construcaocivil.siriusmarketingedesign.com.br\/wp-content\/uploads\/2019\/06\/BRETON.jpg",512,768,false],"large":["https:\/\/construcaocivil.siriusmarketingedesign.com.br\/wp-content\/uploads\/2019\/06\/BRETON.jpg",512,768,false],"1536x1536":["https:\/\/construcaocivil.siriusmarketingedesign.com.br\/wp-content\/uploads\/2019\/06\/BRETON.jpg",512,768,false],"2048x2048":["https:\/\/construcaocivil.siriusmarketingedesign.com.br\/wp-content\/uploads\/2019\/06\/BRETON.jpg",512,768,false]},"uagb_author_info":{"display_name":"Jornal da Constru\u00e7\u00e3o Civil","author_link":"https:\/\/construcaocivil.siriusmarketingedesign.com.br\/?author=1"},"uagb_comment_info":0,"uagb_excerpt":"Por Marcelo Lima Junho, 2019 &#8211; Houve um tempo em que a percep\u00e7\u00e3o do tempo era outra. A todos era poss\u00edvel deixar o rel\u00f3gio trabalhar sem a necessidade iminente de checar a \u00faltima mensagem recebida. Sem ter de partir, mal dizendo at\u00e9 breve. Sem pensar que j\u00e1 era tarde. Sem maiores culpas, remorsos, nem que&hellip;","_links":{"self":[{"href":"https:\/\/construcaocivil.siriusmarketingedesign.com.br\/index.php?rest_route=\/wp\/v2\/posts\/11906","targetHints":{"allow":["GET"]}}],"collection":[{"href":"https:\/\/construcaocivil.siriusmarketingedesign.com.br\/index.php?rest_route=\/wp\/v2\/posts"}],"about":[{"href":"https:\/\/construcaocivil.siriusmarketingedesign.com.br\/index.php?rest_route=\/wp\/v2\/types\/post"}],"author":[{"embeddable":true,"href":"https:\/\/construcaocivil.siriusmarketingedesign.com.br\/index.php?rest_route=\/wp\/v2\/users\/1"}],"replies":[{"embeddable":true,"href":"https:\/\/construcaocivil.siriusmarketingedesign.com.br\/index.php?rest_route=%2Fwp%2Fv2%2Fcomments&post=11906"}],"version-history":[{"count":0,"href":"https:\/\/construcaocivil.siriusmarketingedesign.com.br\/index.php?rest_route=\/wp\/v2\/posts\/11906\/revisions"}],"wp:featuredmedia":[{"embeddable":true,"href":"https:\/\/construcaocivil.siriusmarketingedesign.com.br\/index.php?rest_route=\/wp\/v2\/media\/11907"}],"wp:attachment":[{"href":"https:\/\/construcaocivil.siriusmarketingedesign.com.br\/index.php?rest_route=%2Fwp%2Fv2%2Fmedia&parent=11906"}],"wp:term":[{"taxonomy":"category","embeddable":true,"href":"https:\/\/construcaocivil.siriusmarketingedesign.com.br\/index.php?rest_route=%2Fwp%2Fv2%2Fcategories&post=11906"},{"taxonomy":"post_tag","embeddable":true,"href":"https:\/\/construcaocivil.siriusmarketingedesign.com.br\/index.php?rest_route=%2Fwp%2Fv2%2Ftags&post=11906"}],"curies":[{"name":"wp","href":"https:\/\/api.w.org\/{rel}","templated":true}]}}