{"id":11925,"date":"2019-06-17T13:10:10","date_gmt":"2019-06-17T16:10:10","guid":{"rendered":"https:\/\/www.jornaldaconstrucaocivil.com.br\/?p=11925"},"modified":"2019-06-18T12:24:03","modified_gmt":"2019-06-18T15:24:03","slug":"sem-joaquim-levy-bndes-amarga-crise-provocada-pelo-governo-federal","status":"publish","type":"post","link":"https:\/\/construcaocivil.siriusmarketingedesign.com.br\/?p=11925","title":{"rendered":"Sem Joaquim Levy, BNDES amarga crise provocada pelo governo federal"},"content":{"rendered":"<p><em>Por Pablo Marlon<\/em><\/p>\n<p style=\"text-align: justify;\"><span style=\"color: #993300;\">Junho, 2019<\/span> &#8211; Demitido no s\u00e1bado(14), pelo presidente Bolsonaro, &#8211; alegando que o economista Joaquim Levy, 2\u00ba nome do FMI (Fundo Monet\u00e1rio Internacional), n\u00e3o estava seguindo suas ordens &#8211; , Bolsonaro disse :<span style=\"color: #0000ff;\">&#8221; Ele est\u00e1 com a cabe\u00e7a a pr\u00eamio&#8221;. <\/span><span style=\"color: #000000; text-transform: initial;\">A gota d\u00b4\u00e1gua que gerou a demiss\u00e3o de Levy, deu-se pela nomea\u00e7\u00e3o do Marcos Pinto, que trabalhou na gest\u00e3o Dilma. Marcos, \u00e9 economista, respeitado pelo mercado financeiro e com expertise no setor econ\u00f4mico. O atual presidente, que j\u00e1 estava tranquilo com a presen\u00e7a do Levy no seu governo, enxergou na indica\u00e7\u00e3o do Marcos, um bom momento para provocar\u00a0 a sa\u00edda do economista e tamb\u00e9m do assessor indicado pelo presidente do BNDES.\u00a0<\/span><\/p>\n<p style=\"text-align: justify;\"><span style=\"color: #000000;\">Outros problemas da crise do BNDES: abrir a caixa preta do<\/span> BNDES, na qual suponha-se que os investimentos feito pelo banco em Cuba e Venezuela apresentava irregularidades. Em rela\u00e7\u00e3o a este fato, o BNDES j\u00e1 tinha divulgado no 1\u00ba semestre que n\u00e3o encontrou nenhuma irregularidade nessas transa\u00e7\u00f5es internacionais, tanto em Cuba quanto na Venezuela. Os servi\u00e7os de engenharia do Brasil que eram prioridades naquela ocasi\u00e3o.<\/p>\n<p style=\"text-align: justify;\">Ainda, no m\u00eas passado, uma outra crise tomou conta do Banco, o Fundo Amaz\u00f4nia, financiados pelos governos da Alemanha e da Noruega, criticaram fortemente uma a\u00e7\u00e3o do Minist\u00e9rio do Meio Ambiente que levou a demiss\u00e3o da diretora do Fundo no Brasil. A funcion\u00e1ria er\u00e1 do quadro funcional do BNDES, o que levou imediatamente a uma carta de rep\u00fadio da AFBNDES (Associa\u00e7\u00e3o dos Funcion\u00e1rios do BNDES).<\/p>\n<p>Por fim, no domingo(15) pela manh\u00e3, Joaquim Levy desistiu do governo e divulgou uma carta pedindo demiss\u00e3o.<\/p>\n","protected":false},"excerpt":{"rendered":"<p>Por Pablo Marlon Junho, 2019 &#8211; Demitido no s\u00e1bado(14), pelo presidente Bolsonaro, &#8211; alegando que o economista Joaquim Levy, 2\u00ba nome do FMI (Fundo Monet\u00e1rio Internacional), n\u00e3o estava seguindo suas ordens &#8211; , Bolsonaro disse :&#8221; Ele est\u00e1 com a cabe\u00e7a a pr\u00eamio&#8221;. A gota d\u00b4\u00e1gua que gerou a demiss\u00e3o de Levy, deu-se pela nomea\u00e7\u00e3o [&hellip;]<\/p>\n","protected":false},"author":1,"featured_media":11927,"comment_status":"open","ping_status":"open","sticky":false,"template":"","format":"standard","meta":{"_uag_custom_page_level_css":"","footnotes":""},"categories":[33],"tags":[16515,16514,16511,16513,5282,5554,6096,16512,16510,14985,10603],"class_list":["post-11925","post","type-post","status-publish","format-standard","has-post-thumbnail","hentry","category-mercado","tag-bndes-para-investimentos-no-brasil","tag-crise-interna-do-governo-federal","tag-crise-no-bndes","tag-economia-continua-paralisada-paulo-guedes","tag-fundo-amazonia","tag-governo-federal","tag-infraestrutura","tag-investimentos-do-bndes","tag-joaquim-levy-deixa-bndes","tag-ministerio-da-economia","tag-saneamento-e-infraestrutura"],"blocksy_meta":[],"spectra_blocks_featured_image_url":{"thumbnail":{"url":"https:\/\/construcaocivil.siriusmarketingedesign.com.br\/wp-content\/uploads\/2019\/06\/LEVY-OK-150x150.jpg","width":150,"height":150},"medium":{"url":"https:\/\/construcaocivil.siriusmarketingedesign.com.br\/wp-content\/uploads\/2019\/06\/LEVY-OK-300x236.jpg","width":300,"height":236},"medium_large":{"url":"https:\/\/construcaocivil.siriusmarketingedesign.com.br\/wp-content\/uploads\/2019\/06\/LEVY-OK.jpg","width":545,"height":429},"large":{"url":"https:\/\/construcaocivil.siriusmarketingedesign.com.br\/wp-content\/uploads\/2019\/06\/LEVY-OK.jpg","width":545,"height":429},"full":{"url":"https:\/\/construcaocivil.siriusmarketingedesign.com.br\/wp-content\/uploads\/2019\/06\/LEVY-OK.jpg","width":545,"height":429}},"spectra_blocks_author_info":{"display_name":"Jornal da Constru\u00e7\u00e3o Civil","avatar_url":"https:\/\/secure.gravatar.com\/avatar\/973c9774fd44ddaceb026973c4962faa70fc512bc4c9da68e8ebb40fecee6540?s=96&d=mm&r=g","author_link":"https:\/\/construcaocivil.siriusmarketingedesign.com.br\/?author=1","description":"Desde de 2013, levando muitas informa\u00e7\u00f5es, lan\u00e7amentos e produtos de qualidade para toda cadeia produtiva da constru\u00e7\u00e3o. O Futuro da constru\u00e7\u00e3o passa por aqui,"},"uagb_featured_image_src":{"full":["https:\/\/construcaocivil.siriusmarketingedesign.com.br\/wp-content\/uploads\/2019\/06\/LEVY-OK.jpg",545,429,false],"thumbnail":["https:\/\/construcaocivil.siriusmarketingedesign.com.br\/wp-content\/uploads\/2019\/06\/LEVY-OK-150x150.jpg",150,150,true],"medium":["https:\/\/construcaocivil.siriusmarketingedesign.com.br\/wp-content\/uploads\/2019\/06\/LEVY-OK-300x236.jpg",300,236,true],"medium_large":["https:\/\/construcaocivil.siriusmarketingedesign.com.br\/wp-content\/uploads\/2019\/06\/LEVY-OK.jpg",545,429,false],"large":["https:\/\/construcaocivil.siriusmarketingedesign.com.br\/wp-content\/uploads\/2019\/06\/LEVY-OK.jpg",545,429,false],"1536x1536":["https:\/\/construcaocivil.siriusmarketingedesign.com.br\/wp-content\/uploads\/2019\/06\/LEVY-OK.jpg",545,429,false],"2048x2048":["https:\/\/construcaocivil.siriusmarketingedesign.com.br\/wp-content\/uploads\/2019\/06\/LEVY-OK.jpg",545,429,false]},"uagb_author_info":{"display_name":"Jornal da Constru\u00e7\u00e3o Civil","author_link":"https:\/\/construcaocivil.siriusmarketingedesign.com.br\/?author=1"},"uagb_comment_info":0,"uagb_excerpt":"Por Pablo Marlon Junho, 2019 &#8211; Demitido no s\u00e1bado(14), pelo presidente Bolsonaro, &#8211; alegando que o economista Joaquim Levy, 2\u00ba nome do FMI (Fundo Monet\u00e1rio Internacional), n\u00e3o estava seguindo suas ordens &#8211; , Bolsonaro disse :&#8221; Ele est\u00e1 com a cabe\u00e7a a pr\u00eamio&#8221;. A gota d\u00b4\u00e1gua que gerou a demiss\u00e3o de Levy, deu-se pela nomea\u00e7\u00e3o&hellip;","_links":{"self":[{"href":"https:\/\/construcaocivil.siriusmarketingedesign.com.br\/index.php?rest_route=\/wp\/v2\/posts\/11925","targetHints":{"allow":["GET"]}}],"collection":[{"href":"https:\/\/construcaocivil.siriusmarketingedesign.com.br\/index.php?rest_route=\/wp\/v2\/posts"}],"about":[{"href":"https:\/\/construcaocivil.siriusmarketingedesign.com.br\/index.php?rest_route=\/wp\/v2\/types\/post"}],"author":[{"embeddable":true,"href":"https:\/\/construcaocivil.siriusmarketingedesign.com.br\/index.php?rest_route=\/wp\/v2\/users\/1"}],"replies":[{"embeddable":true,"href":"https:\/\/construcaocivil.siriusmarketingedesign.com.br\/index.php?rest_route=%2Fwp%2Fv2%2Fcomments&post=11925"}],"version-history":[{"count":0,"href":"https:\/\/construcaocivil.siriusmarketingedesign.com.br\/index.php?rest_route=\/wp\/v2\/posts\/11925\/revisions"}],"wp:featuredmedia":[{"embeddable":true,"href":"https:\/\/construcaocivil.siriusmarketingedesign.com.br\/index.php?rest_route=\/wp\/v2\/media\/11927"}],"wp:attachment":[{"href":"https:\/\/construcaocivil.siriusmarketingedesign.com.br\/index.php?rest_route=%2Fwp%2Fv2%2Fmedia&parent=11925"}],"wp:term":[{"taxonomy":"category","embeddable":true,"href":"https:\/\/construcaocivil.siriusmarketingedesign.com.br\/index.php?rest_route=%2Fwp%2Fv2%2Fcategories&post=11925"},{"taxonomy":"post_tag","embeddable":true,"href":"https:\/\/construcaocivil.siriusmarketingedesign.com.br\/index.php?rest_route=%2Fwp%2Fv2%2Ftags&post=11925"}],"curies":[{"name":"wp","href":"https:\/\/api.w.org\/{rel}","templated":true}]}}