{"id":11966,"date":"2019-06-21T12:55:18","date_gmt":"2019-06-21T15:55:18","guid":{"rendered":"https:\/\/www.jornaldaconstrucaocivil.com.br\/?p=11966"},"modified":"2019-07-01T09:57:40","modified_gmt":"2019-07-01T12:57:40","slug":"breton-lanca-em-salvador-colecao-desejo-de-familia","status":"publish","type":"post","link":"https:\/\/construcaocivil.siriusmarketingedesign.com.br\/?p=11966","title":{"rendered":"Breton apresenta cole\u00e7\u00e3o &#8220;Desejo de fam\u00edlia&#8221; em Salvador"},"content":{"rendered":"<p style=\"text-align: justify;\"><span style=\"color: #993300;\">Junho, 2019<\/span> &#8211; A <strong>Breton<\/strong>\u00a0realizou lan\u00e7amento de<span style=\"color: #0000ff;\">\u00a0<strong>&#8220;Desejos de Fam\u00edlia&#8221;<\/strong>\u00a0<\/span>em\u00a0<strong>Salvador, Bahia<\/strong>, na ter\u00e7a-feira, 18. A nova cole\u00e7\u00e3o tem mais de 200 itens, incluindo pe\u00e7as assinadas por um time de designers brasileiros renomados como <strong>Paulo Niemeyer, Bianca Barbato, Bruno Sim\u00f5es, Carol Gay, Danilo Lopes, Daniel Simonini, Gi\u00e1como Tomazzi, Estev\u00e3o Toledo, Est\u00fadio Rain (Ricardo Innecco &amp; Mariana Ramos), Mula Preta (Andr\u00e9 Gurgel e Felipe Bezerra) , Murilo Weitz e Paulo Alves.<\/strong><\/p>\n<p>Assista o v\u00eddeo da cole\u00e7\u00e3o<\/p>\n<p><iframe loading=\"lazy\" title=\"MAKING OF - Desejos de Fam\u00edlia\" width=\"1290\" height=\"726\" src=\"https:\/\/www.youtube.com\/embed\/4JoFO1NHjR0?feature=oembed\" frameborder=\"0\" allow=\"accelerometer; autoplay; clipboard-write; encrypted-media; gyroscope; picture-in-picture; web-share\" referrerpolicy=\"strict-origin-when-cross-origin\" allowfullscreen><\/iframe><\/p>\n<p>Site<span style=\"color: #0000ff;\">: www.breton.com.br\/<\/span><\/p>\n<p>Fonte: Imprensa\/ Breton<\/p>\n","protected":false},"excerpt":{"rendered":"<p>Junho, 2019 &#8211; A Breton\u00a0realizou lan\u00e7amento de\u00a0&#8220;Desejos de Fam\u00edlia&#8221;\u00a0em\u00a0Salvador, Bahia, na ter\u00e7a-feira, 18. A nova cole\u00e7\u00e3o tem mais de 200 itens, incluindo pe\u00e7as assinadas por um time de designers brasileiros renomados como Paulo Niemeyer, Bianca Barbato, Bruno Sim\u00f5es, Carol Gay, Danilo Lopes, Daniel Simonini, Gi\u00e1como Tomazzi, Estev\u00e3o Toledo, Est\u00fadio Rain (Ricardo Innecco &amp; Mariana Ramos), [&hellip;]<\/p>\n","protected":false},"author":1,"featured_media":11969,"comment_status":"open","ping_status":"open","sticky":false,"template":"","format":"standard","meta":{"_uag_custom_page_level_css":"","footnotes":""},"categories":[28],"tags":[1591,1933,12607,16572,10583],"class_list":["post-11966","post","type-post","status-publish","format-standard","has-post-thumbnail","hentry","category-arquitetura","tag-breton","tag-casa-e-decoracao","tag-moveis-de-alto-padrao","tag-regiao-nordeste-cresce-no-setor-de-moveis","tag-salvador-ba"],"blocksy_meta":[],"spectra_blocks_featured_image_url":{"thumbnail":{"url":"https:\/\/construcaocivil.siriusmarketingedesign.com.br\/wp-content\/uploads\/2019\/06\/Andr\u00e9-Anette-Rivkind-e-Daniel-Pegoraro-OK-150x150.jpg","width":150,"height":150},"medium":{"url":"https:\/\/construcaocivil.siriusmarketingedesign.com.br\/wp-content\/uploads\/2019\/06\/Andr\u00e9-Anette-Rivkind-e-Daniel-Pegoraro-OK-300x200.jpg","width":300,"height":200},"medium_large":{"url":"https:\/\/construcaocivil.siriusmarketingedesign.com.br\/wp-content\/uploads\/2019\/06\/Andr\u00e9-Anette-Rivkind-e-Daniel-Pegoraro-OK-768x512.jpg","width":768,"height":512},"large":{"url":"https:\/\/construcaocivil.siriusmarketingedesign.com.br\/wp-content\/uploads\/2019\/06\/Andr\u00e9-Anette-Rivkind-e-Daniel-Pegoraro-OK-1024x683.jpg","width":1024,"height":683},"full":{"url":"https:\/\/construcaocivil.siriusmarketingedesign.com.br\/wp-content\/uploads\/2019\/06\/Andr\u00e9-Anette-Rivkind-e-Daniel-Pegoraro-OK.jpg","width":1095,"height":730}},"spectra_blocks_author_info":{"display_name":"Jornal da Constru\u00e7\u00e3o Civil","avatar_url":"https:\/\/secure.gravatar.com\/avatar\/973c9774fd44ddaceb026973c4962faa70fc512bc4c9da68e8ebb40fecee6540?s=96&d=mm&r=g","author_link":"https:\/\/construcaocivil.siriusmarketingedesign.com.br\/?author=1","description":"Desde de 2013, levando muitas informa\u00e7\u00f5es, lan\u00e7amentos e produtos de qualidade para toda cadeia produtiva da constru\u00e7\u00e3o. O Futuro da constru\u00e7\u00e3o passa por aqui,"},"uagb_featured_image_src":{"full":["https:\/\/construcaocivil.siriusmarketingedesign.com.br\/wp-content\/uploads\/2019\/06\/Andr\u00e9-Anette-Rivkind-e-Daniel-Pegoraro-OK.jpg",1095,730,false],"thumbnail":["https:\/\/construcaocivil.siriusmarketingedesign.com.br\/wp-content\/uploads\/2019\/06\/Andr\u00e9-Anette-Rivkind-e-Daniel-Pegoraro-OK-150x150.jpg",150,150,true],"medium":["https:\/\/construcaocivil.siriusmarketingedesign.com.br\/wp-content\/uploads\/2019\/06\/Andr\u00e9-Anette-Rivkind-e-Daniel-Pegoraro-OK-300x200.jpg",300,200,true],"medium_large":["https:\/\/construcaocivil.siriusmarketingedesign.com.br\/wp-content\/uploads\/2019\/06\/Andr\u00e9-Anette-Rivkind-e-Daniel-Pegoraro-OK-768x512.jpg",768,512,true],"large":["https:\/\/construcaocivil.siriusmarketingedesign.com.br\/wp-content\/uploads\/2019\/06\/Andr\u00e9-Anette-Rivkind-e-Daniel-Pegoraro-OK-1024x683.jpg",1024,683,true],"1536x1536":["https:\/\/construcaocivil.siriusmarketingedesign.com.br\/wp-content\/uploads\/2019\/06\/Andr\u00e9-Anette-Rivkind-e-Daniel-Pegoraro-OK.jpg",1095,730,false],"2048x2048":["https:\/\/construcaocivil.siriusmarketingedesign.com.br\/wp-content\/uploads\/2019\/06\/Andr\u00e9-Anette-Rivkind-e-Daniel-Pegoraro-OK.jpg",1095,730,false]},"uagb_author_info":{"display_name":"Jornal da Constru\u00e7\u00e3o Civil","author_link":"https:\/\/construcaocivil.siriusmarketingedesign.com.br\/?author=1"},"uagb_comment_info":0,"uagb_excerpt":"Junho, 2019 &#8211; A Breton\u00a0realizou lan\u00e7amento de\u00a0&#8220;Desejos de Fam\u00edlia&#8221;\u00a0em\u00a0Salvador, Bahia, na ter\u00e7a-feira, 18. A nova cole\u00e7\u00e3o tem mais de 200 itens, incluindo pe\u00e7as assinadas por um time de designers brasileiros renomados como Paulo Niemeyer, Bianca Barbato, Bruno Sim\u00f5es, Carol Gay, Danilo Lopes, Daniel Simonini, Gi\u00e1como Tomazzi, Estev\u00e3o Toledo, Est\u00fadio Rain (Ricardo Innecco &amp; Mariana Ramos),&hellip;","_links":{"self":[{"href":"https:\/\/construcaocivil.siriusmarketingedesign.com.br\/index.php?rest_route=\/wp\/v2\/posts\/11966","targetHints":{"allow":["GET"]}}],"collection":[{"href":"https:\/\/construcaocivil.siriusmarketingedesign.com.br\/index.php?rest_route=\/wp\/v2\/posts"}],"about":[{"href":"https:\/\/construcaocivil.siriusmarketingedesign.com.br\/index.php?rest_route=\/wp\/v2\/types\/post"}],"author":[{"embeddable":true,"href":"https:\/\/construcaocivil.siriusmarketingedesign.com.br\/index.php?rest_route=\/wp\/v2\/users\/1"}],"replies":[{"embeddable":true,"href":"https:\/\/construcaocivil.siriusmarketingedesign.com.br\/index.php?rest_route=%2Fwp%2Fv2%2Fcomments&post=11966"}],"version-history":[{"count":0,"href":"https:\/\/construcaocivil.siriusmarketingedesign.com.br\/index.php?rest_route=\/wp\/v2\/posts\/11966\/revisions"}],"wp:featuredmedia":[{"embeddable":true,"href":"https:\/\/construcaocivil.siriusmarketingedesign.com.br\/index.php?rest_route=\/wp\/v2\/media\/11969"}],"wp:attachment":[{"href":"https:\/\/construcaocivil.siriusmarketingedesign.com.br\/index.php?rest_route=%2Fwp%2Fv2%2Fmedia&parent=11966"}],"wp:term":[{"taxonomy":"category","embeddable":true,"href":"https:\/\/construcaocivil.siriusmarketingedesign.com.br\/index.php?rest_route=%2Fwp%2Fv2%2Fcategories&post=11966"},{"taxonomy":"post_tag","embeddable":true,"href":"https:\/\/construcaocivil.siriusmarketingedesign.com.br\/index.php?rest_route=%2Fwp%2Fv2%2Ftags&post=11966"}],"curies":[{"name":"wp","href":"https:\/\/api.w.org\/{rel}","templated":true}]}}