{"id":11971,"date":"2019-06-21T13:31:53","date_gmt":"2019-06-21T16:31:53","guid":{"rendered":"https:\/\/www.jornaldaconstrucaocivil.com.br\/?p=11971"},"modified":"2019-06-21T13:31:53","modified_gmt":"2019-06-21T16:31:53","slug":"producao-brasileira-de-aco-bruto-tem-queda-de-15-ate-maio","status":"publish","type":"post","link":"https:\/\/construcaocivil.siriusmarketingedesign.com.br\/?p=11971","title":{"rendered":"Produ\u00e7\u00e3o brasileira de a\u00e7o bruto tem queda de 1,5% at\u00e9 maio"},"content":{"rendered":"<p style=\"text-align: justify;\"><span style=\"color: #993300;\">Junho, 2019<\/span> &#8211; A produ\u00e7\u00e3o brasileira de a\u00e7o bruto foi de 14,0 milh\u00f5es de toneladas nos cinco primeiros meses de 2019, o que representa uma queda de 1,5% frente ao mesmo per\u00edodo do ano anterior. A produ\u00e7\u00e3o de laminados no mesmo per\u00edodo foi de 9,4 milh\u00f5es de toneladas, queda de 3,8% em rela\u00e7\u00e3o ao registrado no mesmo acumulado de 2018. A produ\u00e7\u00e3o de semiacabados para vendas totalizou 3,7 milh\u00f5es de toneladas de janeiro a maio de 2019, uma redu\u00e7\u00e3o de 5,1% na mesma base de compara\u00e7\u00e3o<a title=\"\" href=\"https:\/\/yvegeenenvegeusquxeusge.i-mpr.com\/link.php?code=bDpmaWxlJTNBJTJGJTJGJTJGUiUzQSUyRkNPTVVOSUNBJTI1QzMlMjU4NyUyNUMzJTI1ODNPJTI1MjBFJTI1MjBJTUFHRU0lMkZfQ09NVU5JQ0ElMjVDMyUyNTg3JTI1QzMlMjU4M09fUEFTVEFTJTJGU2l0ZSUyRlNpdGUlMjUyMEElMjVDMyUyNUE3byUyNTIwQnJhc2lsJTI1MjAyMDE1JTJGU2l0ZSUyNTIwTm92byUyNTIwQSUyNUMzJTI1QTdvJTI1MjBCcmFzaWwlMkZFc3RhdCUyNUMzJTI1QURzdGljYSUyRjIwMTklMkZNYWlvJTJGTm90YV9zaXRlX0p1bmhvXzIwMTklMjUyMCUyOERBRE9TJTI1MjBNQUlPJTI5X01BLmRvY3glMjNfZnRuMTozNDkzNTE4MzU4OndlYm9icmFzQGdtYWlsLmNvbTpjZGQ2ZDc=\" target=\"_blank\" rel=\"noopener noreferrer\" data-saferedirecturl=\"https:\/\/www.google.com\/url?q=https:\/\/yvegeenenvegeusquxeusge.i-mpr.com\/link.php?code%3DbDpmaWxlJTNBJTJGJTJGJTJGUiUzQSUyRkNPTVVOSUNBJTI1QzMlMjU4NyUyNUMzJTI1ODNPJTI1MjBFJTI1MjBJTUFHRU0lMkZfQ09NVU5JQ0ElMjVDMyUyNTg3JTI1QzMlMjU4M09fUEFTVEFTJTJGU2l0ZSUyRlNpdGUlMjUyMEElMjVDMyUyNUE3byUyNTIwQnJhc2lsJTI1MjAyMDE1JTJGU2l0ZSUyNTIwTm92byUyNTIwQSUyNUMzJTI1QTdvJTI1MjBCcmFzaWwlMkZFc3RhdCUyNUMzJTI1QURzdGljYSUyRjIwMTklMkZNYWlvJTJGTm90YV9zaXRlX0p1bmhvXzIwMTklMjUyMCUyOERBRE9TJTI1MjBNQUlPJTI5X01BLmRvY3glMjNfZnRuMTozNDkzNTE4MzU4OndlYm9icmFzQGdtYWlsLmNvbTpjZGQ2ZDc%3D&amp;source=gmail&amp;ust=1561216408524000&amp;usg=AFQjCNEHs8dVELRPuSJSJvbireptKnf6ww\">[1]<\/a>.<\/p>\n<p style=\"text-align: justify;\">As vendas internas foram de 7,4 milh\u00f5es de toneladas de janeiro a maio de 2019, o que representa um aumento de 4,6% quando comparada com igual per\u00edodo do ano anterior. O consumo aparente nacional de produtos sider\u00fargicos foi de 8,4 milh\u00f5es de toneladas no acumulado at\u00e9 maio de 2019, o que representa uma expans\u00e3o de 3,6% frente aos primeiros cinco meses de 2018. Um ponto de aten\u00e7\u00e3o est\u00e1 no fato de maio do ano passado ter havido a greve dos caminhoneiros, o que deprimiu a base de compara\u00e7\u00e3o de todo o ano de 2018. Desta forma, as varia\u00e7\u00f5es positivas das vendas internas e consumo aparente devem ser analisadas tendo em vista essa distor\u00e7\u00e3o estat\u00edstica.<\/p>\n<p style=\"text-align: justify;\">As importa\u00e7\u00f5es alcan\u00e7aram 1,1 milh\u00e3o de toneladas no acumulado de janeiro a maio de 2019, uma alta de 5,3% frente ao mesmo per\u00edodo do ano anterior. Em valor, as importa\u00e7\u00f5es atingiram US$ 1,1 bilh\u00e3o, uma queda de 1,0% no mesmo per\u00edodo de compara\u00e7\u00e3o.<\/p>\n<p style=\"text-align: justify;\">Sobre as exporta\u00e7\u00f5es, o A\u00e7o Brasil ressalta que ainda existem inconsist\u00eancias nos dados da SECEX\/MDIC<a title=\"\" href=\"https:\/\/yvegeenenvegeusquxeusge.i-mpr.com\/link.php?code=bDpmaWxlJTNBJTJGJTJGJTJGUiUzQSUyRkNPTVVOSUNBJTI1QzMlMjU4NyUyNUMzJTI1ODNPJTI1MjBFJTI1MjBJTUFHRU0lMkZfQ09NVU5JQ0ElMjVDMyUyNTg3JTI1QzMlMjU4M09fUEFTVEFTJTJGU2l0ZSUyRlNpdGUlMjUyMEElMjVDMyUyNUE3byUyNTIwQnJhc2lsJTI1MjAyMDE1JTJGU2l0ZSUyNTIwTm92byUyNTIwQSUyNUMzJTI1QTdvJTI1MjBCcmFzaWwlMkZFc3RhdCUyNUMzJTI1QURzdGljYSUyRjIwMTklMkZNYWlvJTJGTm90YV9zaXRlX0p1bmhvXzIwMTklMjUyMCUyOERBRE9TJTI1MjBNQUlPJTI5X01BLmRvY3glMjNfZnRuMjozNDkzNTE4MzU4OndlYm9icmFzQGdtYWlsLmNvbTo3NmNkN2I=\" target=\"_blank\" rel=\"noopener noreferrer\" data-saferedirecturl=\"https:\/\/www.google.com\/url?q=https:\/\/yvegeenenvegeusquxeusge.i-mpr.com\/link.php?code%3DbDpmaWxlJTNBJTJGJTJGJTJGUiUzQSUyRkNPTVVOSUNBJTI1QzMlMjU4NyUyNUMzJTI1ODNPJTI1MjBFJTI1MjBJTUFHRU0lMkZfQ09NVU5JQ0ElMjVDMyUyNTg3JTI1QzMlMjU4M09fUEFTVEFTJTJGU2l0ZSUyRlNpdGUlMjUyMEElMjVDMyUyNUE3byUyNTIwQnJhc2lsJTI1MjAyMDE1JTJGU2l0ZSUyNTIwTm92byUyNTIwQSUyNUMzJTI1QTdvJTI1MjBCcmFzaWwlMkZFc3RhdCUyNUMzJTI1QURzdGljYSUyRjIwMTklMkZNYWlvJTJGTm90YV9zaXRlX0p1bmhvXzIwMTklMjUyMCUyOERBRE9TJTI1MjBNQUlPJTI5X01BLmRvY3glMjNfZnRuMjozNDkzNTE4MzU4OndlYm9icmFzQGdtYWlsLmNvbTo3NmNkN2I%3D&amp;source=gmail&amp;ust=1561216408524000&amp;usg=AFQjCNFpiOTB3Eoa6OFSw5PEJoCxAUXWCA\">[2]<\/a>, que poder\u00e3o ser pass\u00edveis de revis\u00e3o.<\/p>\n<p style=\"text-align: justify;\"><strong>Dados de maio de 2018<\/strong><\/p>\n<p style=\"text-align: justify;\">Em maio de 2019 a produ\u00e7\u00e3o brasileira de a\u00e7o bruto foi de 2,8 milh\u00f5es de toneladas, um acr\u00e9scimo de 2,9% frente ao mesmo m\u00eas de 2018. J\u00e1 a produ\u00e7\u00e3o de laminados foi de 2,0 milh\u00f5es de toneladas, 2,1% menor que a registrada em maio de 2018. A produ\u00e7\u00e3o de semiacabados para vendas foi de 647 mil toneladas, uma retra\u00e7\u00e3o de 18,1% em rela\u00e7\u00e3o ao mesmo m\u00eas de 2018<a title=\"\" href=\"https:\/\/yvegeenenvegeusquxeusge.i-mpr.com\/link.php?code=bDpmaWxlJTNBJTJGJTJGJTJGUiUzQSUyRkNPTVVOSUNBJTI1QzMlMjU4NyUyNUMzJTI1ODNPJTI1MjBFJTI1MjBJTUFHRU0lMkZfQ09NVU5JQ0ElMjVDMyUyNTg3JTI1QzMlMjU4M09fUEFTVEFTJTJGU2l0ZSUyRlNpdGUlMjUyMEElMjVDMyUyNUE3byUyNTIwQnJhc2lsJTI1MjAyMDE1JTJGU2l0ZSUyNTIwTm92byUyNTIwQSUyNUMzJTI1QTdvJTI1MjBCcmFzaWwlMkZFc3RhdCUyNUMzJTI1QURzdGljYSUyRjIwMTklMkZNYWlvJTJGTm90YV9zaXRlX0p1bmhvXzIwMTklMjUyMCUyOERBRE9TJTI1MjBNQUlPJTI5X01BLmRvY3glMjNfZnRuMTozNDkzNTE4MzU4OndlYm9icmFzQGdtYWlsLmNvbTpjZGQ2ZDc=\" target=\"_blank\" rel=\"noopener noreferrer\" data-saferedirecturl=\"https:\/\/www.google.com\/url?q=https:\/\/yvegeenenvegeusquxeusge.i-mpr.com\/link.php?code%3DbDpmaWxlJTNBJTJGJTJGJTJGUiUzQSUyRkNPTVVOSUNBJTI1QzMlMjU4NyUyNUMzJTI1ODNPJTI1MjBFJTI1MjBJTUFHRU0lMkZfQ09NVU5JQ0ElMjVDMyUyNTg3JTI1QzMlMjU4M09fUEFTVEFTJTJGU2l0ZSUyRlNpdGUlMjUyMEElMjVDMyUyNUE3byUyNTIwQnJhc2lsJTI1MjAyMDE1JTJGU2l0ZSUyNTIwTm92byUyNTIwQSUyNUMzJTI1QTdvJTI1MjBCcmFzaWwlMkZFc3RhdCUyNUMzJTI1QURzdGljYSUyRjIwMTklMkZNYWlvJTJGTm90YV9zaXRlX0p1bmhvXzIwMTklMjUyMCUyOERBRE9TJTI1MjBNQUlPJTI5X01BLmRvY3glMjNfZnRuMTozNDkzNTE4MzU4OndlYm9icmFzQGdtYWlsLmNvbTpjZGQ2ZDc%3D&amp;source=gmail&amp;ust=1561216408524000&amp;usg=AFQjCNEHs8dVELRPuSJSJvbireptKnf6ww\">[1]<\/a>.<\/p>\n<p style=\"text-align: justify;\">As vendas internas aumentaram 31,3% frente a maio de 2018, atingindo 1,5 milh\u00e3o de toneladas. O consumo aparente de produtos sider\u00fargicos foi de 1,7 milh\u00e3o de toneladas, 28,2% acima do apurado no mesmo per\u00edodo de 2018. Um ponto de aten\u00e7\u00e3o est\u00e1 no fato\u00a0de maio de 2018 ter havido a greve dos caminhoneiros, o que deprimiu a base de compara\u00e7\u00e3o. Desta forma, as varia\u00e7\u00f5es positivas das vendas internas e consumo aparente de maio de 2019 devem ser analisadas tendo em vista essa distor\u00e7\u00e3o estat\u00edstica.<\/p>\n<p style=\"text-align: justify;\">As importa\u00e7\u00f5es de maio de 2019 foram de 232 mil toneladas e US$ 236 milh\u00f5es, o que resulta em uma redu\u00e7\u00e3o de 4,1% em<em>quantum<\/em>\u00a0e um aumento de 1,3% em valor na compara\u00e7\u00e3o com o registrado em maio de 2018.<\/p>\n<p style=\"text-align: justify;\"><span style=\"color: #000080;\">Sobre as exporta\u00e7\u00f5es, o A\u00e7o Brasil ressalta que ainda existem inconsist\u00eancias nos dados da SECEX\/MDIC<a style=\"color: #000080;\" title=\"\" href=\"https:\/\/yvegeenenvegeusquxeusge.i-mpr.com\/link.php?code=bDpmaWxlJTNBJTJGJTJGJTJGUiUzQSUyRkNPTVVOSUNBJTI1QzMlMjU4NyUyNUMzJTI1ODNPJTI1MjBFJTI1MjBJTUFHRU0lMkZfQ09NVU5JQ0ElMjVDMyUyNTg3JTI1QzMlMjU4M09fUEFTVEFTJTJGU2l0ZSUyRlNpdGUlMjUyMEElMjVDMyUyNUE3byUyNTIwQnJhc2lsJTI1MjAyMDE1JTJGU2l0ZSUyNTIwTm92byUyNTIwQSUyNUMzJTI1QTdvJTI1MjBCcmFzaWwlMkZFc3RhdCUyNUMzJTI1QURzdGljYSUyRjIwMTklMkZNYWlvJTJGTm90YV9zaXRlX0p1bmhvXzIwMTklMjUyMCUyOERBRE9TJTI1MjBNQUlPJTI5X01BLmRvY3glMjNfZnRuMTozNDkzNTE4MzU4OndlYm9icmFzQGdtYWlsLmNvbTpjZGQ2ZDc=\" target=\"_blank\" rel=\"noopener noreferrer\" data-saferedirecturl=\"https:\/\/www.google.com\/url?q=https:\/\/yvegeenenvegeusquxeusge.i-mpr.com\/link.php?code%3DbDpmaWxlJTNBJTJGJTJGJTJGUiUzQSUyRkNPTVVOSUNBJTI1QzMlMjU4NyUyNUMzJTI1ODNPJTI1MjBFJTI1MjBJTUFHRU0lMkZfQ09NVU5JQ0ElMjVDMyUyNTg3JTI1QzMlMjU4M09fUEFTVEFTJTJGU2l0ZSUyRlNpdGUlMjUyMEElMjVDMyUyNUE3byUyNTIwQnJhc2lsJTI1MjAyMDE1JTJGU2l0ZSUyNTIwTm92byUyNTIwQSUyNUMzJTI1QTdvJTI1MjBCcmFzaWwlMkZFc3RhdCUyNUMzJTI1QURzdGljYSUyRjIwMTklMkZNYWlvJTJGTm90YV9zaXRlX0p1bmhvXzIwMTklMjUyMCUyOERBRE9TJTI1MjBNQUlPJTI5X01BLmRvY3glMjNfZnRuMTozNDkzNTE4MzU4OndlYm9icmFzQGdtYWlsLmNvbTpjZGQ2ZDc%3D&amp;source=gmail&amp;ust=1561216408524000&amp;usg=AFQjCNEHs8dVELRPuSJSJvbireptKnf6ww\">[2]<\/a>, que poder\u00e3o ser pass\u00edveis de revis\u00e3o.<\/span><\/p>\n<table border=\"0\" align=\"center\">\n<tbody>\n<tr>\n<td>\n<div>\n<div>\n<p><span style=\"color: #993300;\"><a style=\"color: #993300;\" title=\"\" href=\"https:\/\/yvegeenenvegeusquxeusge.i-mpr.com\/link.php?code=bDpmaWxlJTNBJTJGJTJGJTJGUiUzQSUyRkNPTVVOSUNBJTI1QzMlMjU4NyUyNUMzJTI1ODNPJTI1MjBFJTI1MjBJTUFHRU0lMkZfQ09NVU5JQ0ElMjVDMyUyNTg3JTI1QzMlMjU4M09fUEFTVEFTJTJGU2l0ZSUyRlNpdGUlMjUyMEElMjVDMyUyNUE3byUyNTIwQnJhc2lsJTI1MjAyMDE1JTJGU2l0ZSUyNTIwTm92byUyNTIwQSUyNUMzJTI1QTdvJTI1MjBCcmFzaWwlMkZFc3RhdCUyNUMzJTI1QURzdGljYSUyRjIwMTklMkZNYWlvJTJGTm90YV9zaXRlX0p1bmhvXzIwMTklMjUyMCUyOERBRE9TJTI1MjBNQUlPJTI5X01BLmRvY3glMjNfZnRucmVmMTozNDkzNTE4MzU4OndlYm9icmFzQGdtYWlsLmNvbTplZDI2MmI=\" target=\"_blank\" rel=\"noopener noreferrer\" data-saferedirecturl=\"https:\/\/www.google.com\/url?q=https:\/\/yvegeenenvegeusquxeusge.i-mpr.com\/link.php?code%3DbDpmaWxlJTNBJTJGJTJGJTJGUiUzQSUyRkNPTVVOSUNBJTI1QzMlMjU4NyUyNUMzJTI1ODNPJTI1MjBFJTI1MjBJTUFHRU0lMkZfQ09NVU5JQ0ElMjVDMyUyNTg3JTI1QzMlMjU4M09fUEFTVEFTJTJGU2l0ZSUyRlNpdGUlMjUyMEElMjVDMyUyNUE3byUyNTIwQnJhc2lsJTI1MjAyMDE1JTJGU2l0ZSUyNTIwTm92byUyNTIwQSUyNUMzJTI1QTdvJTI1MjBCcmFzaWwlMkZFc3RhdCUyNUMzJTI1QURzdGljYSUyRjIwMTklMkZNYWlvJTJGTm90YV9zaXRlX0p1bmhvXzIwMTklMjUyMCUyOERBRE9TJTI1MjBNQUlPJTI5X01BLmRvY3glMjNfZnRucmVmMTozNDkzNTE4MzU4OndlYm9icmFzQGdtYWlsLmNvbTplZDI2MmI%3D&amp;source=gmail&amp;ust=1561216408524000&amp;usg=AFQjCNFTVgAntZ-LYH_GS0Lzp0r-ZP2-_w\">[1]<\/a>\u00a0Devido a uma perda que ocorre durante o processo produtivo do a\u00e7o, a soma da produ\u00e7\u00e3o de laminados e semiacabados para vendas n\u00e3o equivale ao total da produ\u00e7\u00e3o de a\u00e7o bruto.<\/span><\/p>\n<\/div>\n<div>\n<p><span style=\"color: #993300;\"><a style=\"color: #993300;\" title=\"\" href=\"https:\/\/yvegeenenvegeusquxeusge.i-mpr.com\/link.php?code=bDpmaWxlJTNBJTJGJTJGJTJGUiUzQSUyRkNPTVVOSUNBJTI1QzMlMjU4NyUyNUMzJTI1ODNPJTI1MjBFJTI1MjBJTUFHRU0lMkZfQ09NVU5JQ0ElMjVDMyUyNTg3JTI1QzMlMjU4M09fUEFTVEFTJTJGU2l0ZSUyRlNpdGUlMjUyMEElMjVDMyUyNUE3byUyNTIwQnJhc2lsJTI1MjAyMDE1JTJGU2l0ZSUyNTIwTm92byUyNTIwQSUyNUMzJTI1QTdvJTI1MjBCcmFzaWwlMkZFc3RhdCUyNUMzJTI1QURzdGljYSUyRjIwMTklMkZNYWlvJTJGTm90YV9zaXRlX0p1bmhvXzIwMTklMjUyMCUyOERBRE9TJTI1MjBNQUlPJTI5X01BLmRvY3glMjNfZnRucmVmMjozNDkzNTE4MzU4OndlYm9icmFzQGdtYWlsLmNvbTo3YzJmMTM=\" target=\"_blank\" rel=\"noopener noreferrer\" data-saferedirecturl=\"https:\/\/www.google.com\/url?q=https:\/\/yvegeenenvegeusquxeusge.i-mpr.com\/link.php?code%3DbDpmaWxlJTNBJTJGJTJGJTJGUiUzQSUyRkNPTVVOSUNBJTI1QzMlMjU4NyUyNUMzJTI1ODNPJTI1MjBFJTI1MjBJTUFHRU0lMkZfQ09NVU5JQ0ElMjVDMyUyNTg3JTI1QzMlMjU4M09fUEFTVEFTJTJGU2l0ZSUyRlNpdGUlMjUyMEElMjVDMyUyNUE3byUyNTIwQnJhc2lsJTI1MjAyMDE1JTJGU2l0ZSUyNTIwTm92byUyNTIwQSUyNUMzJTI1QTdvJTI1MjBCcmFzaWwlMkZFc3RhdCUyNUMzJTI1QURzdGljYSUyRjIwMTklMkZNYWlvJTJGTm90YV9zaXRlX0p1bmhvXzIwMTklMjUyMCUyOERBRE9TJTI1MjBNQUlPJTI5X01BLmRvY3glMjNfZnRucmVmMjozNDkzNTE4MzU4OndlYm9icmFzQGdtYWlsLmNvbTo3YzJmMTM%3D&amp;source=gmail&amp;ust=1561216408524000&amp;usg=AFQjCNF4WPuqXy6UwKxOCJ0mgmt0pXIjYA\">[2]<\/a>\u00a0<a style=\"color: #993300;\" href=\"https:\/\/yvegeenenvegeusquxeusge.i-mpr.com\/link.php?code=bDpodHRwJTNBJTJGJTJGY29tZXhzdGF0Lm1kaWMuZ292LmJyJTJGcHQlMkZpbmZvcm1hdGl2byUyRjI1OjM0OTM1MTgzNTg6d2Vib2JyYXNAZ21haWwuY29tOjg0NWMxYg==\" target=\"_blank\" rel=\"noopener noreferrer\" data-saferedirecturl=\"https:\/\/www.google.com\/url?q=https:\/\/yvegeenenvegeusquxeusge.i-mpr.com\/link.php?code%3DbDpodHRwJTNBJTJGJTJGY29tZXhzdGF0Lm1kaWMuZ292LmJyJTJGcHQlMkZpbmZvcm1hdGl2byUyRjI1OjM0OTM1MTgzNTg6d2Vib2JyYXNAZ21haWwuY29tOjg0NWMxYg%3D%3D&amp;source=gmail&amp;ust=1561216408524000&amp;usg=AFQjCNEJbHtk2e3WaCVIPZqURK5hUzZYbA\">comexstat.mdic.gov.br\/pt\/<wbr \/>informativo\/25<\/a><\/span><\/p>\n<\/div>\n<\/div>\n<\/td>\n<\/tr>\n<\/tbody>\n<\/table>\n<p>Fonte: Imprensa\/Instituto A\u00e7o Brasil<\/p>\n","protected":false},"excerpt":{"rendered":"<p>Junho, 2019 &#8211; A produ\u00e7\u00e3o brasileira de a\u00e7o bruto foi de 14,0 milh\u00f5es de toneladas nos cinco primeiros meses de 2019, o que representa uma queda de 1,5% frente ao mesmo per\u00edodo do ano anterior. A produ\u00e7\u00e3o de laminados no mesmo per\u00edodo foi de 9,4 milh\u00f5es de toneladas, queda de 3,8% em rela\u00e7\u00e3o ao registrado [&hellip;]<\/p>\n","protected":false},"author":1,"featured_media":11972,"comment_status":"open","ping_status":"open","sticky":false,"template":"","format":"standard","meta":{"_uag_custom_page_level_css":"","footnotes":""},"categories":[33],"tags":[14484,2888,6203,16575,16574,16573,10375,16576,16577],"class_list":["post-11971","post","type-post","status-publish","format-standard","has-post-thumbnail","hentry","category-mercado","tag-aco-e-derivados","tag-construcao-em-aco","tag-instituto-aco-brasil","tag-laminados-e-acos-planos","tag-mercado-interno-aco-na-construcao","tag-producao-de-aco-cai-em-maio-19","tag-rio-de-janeiro","tag-vendas-de-aco-na-construcao-civil","tag-vendas-de-aco-no-setor-automobilistico"],"blocksy_meta":[],"spectra_blocks_featured_image_url":{"thumbnail":{"url":"https:\/\/construcaocivil.siriusmarketingedesign.com.br\/wp-content\/uploads\/2019\/06\/A\u00c7O-150x150.jpg","width":150,"height":150},"medium":{"url":"https:\/\/construcaocivil.siriusmarketingedesign.com.br\/wp-content\/uploads\/2019\/06\/A\u00c7O-300x202.jpg","width":300,"height":202},"medium_large":{"url":"https:\/\/construcaocivil.siriusmarketingedesign.com.br\/wp-content\/uploads\/2019\/06\/A\u00c7O-768x518.jpg","width":768,"height":518},"large":{"url":"https:\/\/construcaocivil.siriusmarketingedesign.com.br\/wp-content\/uploads\/2019\/06\/A\u00c7O-1024x691.jpg","width":1024,"height":691},"full":{"url":"https:\/\/construcaocivil.siriusmarketingedesign.com.br\/wp-content\/uploads\/2019\/06\/A\u00c7O.jpg","width":1600,"height":1079}},"spectra_blocks_author_info":{"display_name":"Jornal da Constru\u00e7\u00e3o Civil","avatar_url":"https:\/\/secure.gravatar.com\/avatar\/973c9774fd44ddaceb026973c4962faa70fc512bc4c9da68e8ebb40fecee6540?s=96&d=mm&r=g","author_link":"https:\/\/construcaocivil.siriusmarketingedesign.com.br\/?author=1","description":"Desde de 2013, levando muitas informa\u00e7\u00f5es, lan\u00e7amentos e produtos de qualidade para toda cadeia produtiva da constru\u00e7\u00e3o. O Futuro da constru\u00e7\u00e3o passa por aqui,"},"uagb_featured_image_src":{"full":["https:\/\/construcaocivil.siriusmarketingedesign.com.br\/wp-content\/uploads\/2019\/06\/A\u00c7O.jpg",1600,1079,false],"thumbnail":["https:\/\/construcaocivil.siriusmarketingedesign.com.br\/wp-content\/uploads\/2019\/06\/A\u00c7O-150x150.jpg",150,150,true],"medium":["https:\/\/construcaocivil.siriusmarketingedesign.com.br\/wp-content\/uploads\/2019\/06\/A\u00c7O-300x202.jpg",300,202,true],"medium_large":["https:\/\/construcaocivil.siriusmarketingedesign.com.br\/wp-content\/uploads\/2019\/06\/A\u00c7O-768x518.jpg",768,518,true],"large":["https:\/\/construcaocivil.siriusmarketingedesign.com.br\/wp-content\/uploads\/2019\/06\/A\u00c7O-1024x691.jpg",1024,691,true],"1536x1536":["https:\/\/construcaocivil.siriusmarketingedesign.com.br\/wp-content\/uploads\/2019\/06\/A\u00c7O.jpg",1536,1036,false],"2048x2048":["https:\/\/construcaocivil.siriusmarketingedesign.com.br\/wp-content\/uploads\/2019\/06\/A\u00c7O.jpg",1600,1079,false]},"uagb_author_info":{"display_name":"Jornal da Constru\u00e7\u00e3o Civil","author_link":"https:\/\/construcaocivil.siriusmarketingedesign.com.br\/?author=1"},"uagb_comment_info":0,"uagb_excerpt":"Junho, 2019 &#8211; A produ\u00e7\u00e3o brasileira de a\u00e7o bruto foi de 14,0 milh\u00f5es de toneladas nos cinco primeiros meses de 2019, o que representa uma queda de 1,5% frente ao mesmo per\u00edodo do ano anterior. A produ\u00e7\u00e3o de laminados no mesmo per\u00edodo foi de 9,4 milh\u00f5es de toneladas, queda de 3,8% em rela\u00e7\u00e3o ao registrado&hellip;","_links":{"self":[{"href":"https:\/\/construcaocivil.siriusmarketingedesign.com.br\/index.php?rest_route=\/wp\/v2\/posts\/11971","targetHints":{"allow":["GET"]}}],"collection":[{"href":"https:\/\/construcaocivil.siriusmarketingedesign.com.br\/index.php?rest_route=\/wp\/v2\/posts"}],"about":[{"href":"https:\/\/construcaocivil.siriusmarketingedesign.com.br\/index.php?rest_route=\/wp\/v2\/types\/post"}],"author":[{"embeddable":true,"href":"https:\/\/construcaocivil.siriusmarketingedesign.com.br\/index.php?rest_route=\/wp\/v2\/users\/1"}],"replies":[{"embeddable":true,"href":"https:\/\/construcaocivil.siriusmarketingedesign.com.br\/index.php?rest_route=%2Fwp%2Fv2%2Fcomments&post=11971"}],"version-history":[{"count":0,"href":"https:\/\/construcaocivil.siriusmarketingedesign.com.br\/index.php?rest_route=\/wp\/v2\/posts\/11971\/revisions"}],"wp:featuredmedia":[{"embeddable":true,"href":"https:\/\/construcaocivil.siriusmarketingedesign.com.br\/index.php?rest_route=\/wp\/v2\/media\/11972"}],"wp:attachment":[{"href":"https:\/\/construcaocivil.siriusmarketingedesign.com.br\/index.php?rest_route=%2Fwp%2Fv2%2Fmedia&parent=11971"}],"wp:term":[{"taxonomy":"category","embeddable":true,"href":"https:\/\/construcaocivil.siriusmarketingedesign.com.br\/index.php?rest_route=%2Fwp%2Fv2%2Fcategories&post=11971"},{"taxonomy":"post_tag","embeddable":true,"href":"https:\/\/construcaocivil.siriusmarketingedesign.com.br\/index.php?rest_route=%2Fwp%2Fv2%2Ftags&post=11971"}],"curies":[{"name":"wp","href":"https:\/\/api.w.org\/{rel}","templated":true}]}}