{"id":11992,"date":"2019-06-24T13:13:39","date_gmt":"2019-06-24T16:13:39","guid":{"rendered":"https:\/\/www.jornaldaconstrucaocivil.com.br\/?p=11992"},"modified":"2019-06-24T13:13:39","modified_gmt":"2019-06-24T16:13:39","slug":"seconci-rj-abre-novos-cursos-gratuitos-em-julho-em-parceria-com-o-senai","status":"publish","type":"post","link":"https:\/\/construcaocivil.siriusmarketingedesign.com.br\/?p=11992","title":{"rendered":"Seconci-RJ abre novos cursos gratuitos em julho em parceria com o Senai"},"content":{"rendered":"<p style=\"font-weight: 400; text-align: justify;\"><span style=\"color: #333399;\">Junho, 2019<\/span> &#8211; Parece que o ano come\u00e7ou ontem, mas j\u00e1 estamos na metade de 2019. Portanto, quem quiser se habilitar ou se aperfei\u00e7oar para crescer em seu segmento de atua\u00e7\u00e3o, n\u00e3o deve perder tempo:\u00a0 o <span style=\"color: #993300;\"><strong>Servi\u00e7o Social da Ind\u00fastria da Constru\u00e7\u00e3o do Rio de Janeiro<\/strong>\u00a0(SECONCI-RIO)<\/span>, em parceria com\u00a0<span style=\"color: #993300;\"><strong>Servi\u00e7o Nacional de Aprendizagem Industrial<\/strong>\u00a0(SENAI)<\/span> e com o\u00a0<span style=\"color: #993300;\"><strong>Sinduscon<\/strong>\u00a0(Sindicato da Ind\u00fastria da Constru\u00e7\u00e3o Civil)<\/span> abrir\u00e1 novas vagas no m\u00eas de\u00a0<strong>JULHO<\/strong>\u00a0para diversos cursos\u00a0gratuitos destinados aos<strong>\u00a0<\/strong>profissionais da constru\u00e7\u00e3o civil e demais pessoas (maiores de 18 anos).<\/p>\n<p style=\"font-weight: 400; text-align: justify;\">As inscri\u00e7\u00f5es j\u00e1 est\u00e3o abertas e as aulas come\u00e7am em <strong>01\/06.\u00a0<\/strong>Para frequentar os cursos \u00e9 exigida a escolaridade compat\u00edvel com os mesmos comprovada em documento (a partir do 5\u00ba ano do Ensino Fundamental), comprovante de resid\u00eancia, \u00a0CPF e RG e ao t\u00e9rmino o aluno recebe um certificado. As turmas t\u00eam cerca de 15 alunos cada e est\u00e3o sujeitas \u00e0 lota\u00e7\u00e3o. Confira:<\/p>\n<p style=\"font-weight: 400;\"><strong><u>01\/07<\/u><\/strong><\/p>\n<p style=\"font-weight: 400;\"><span style=\"color: #0000ff;\"><strong>Desenhista de Constru\u00e7\u00e3o Civil \u2013 Turno: \u00a0Manh\u00e3 \u2013 Senai Tijuca<\/strong><\/span><\/p>\n<p style=\"font-weight: 400;\"><strong><u>08\/07<\/u><\/strong><\/p>\n<p style=\"font-weight: 400;\"><span style=\"color: #0000ff;\"><strong>Pedreiro de Revestimento em Argamassa e Cer\u00e2mico \u2013 Turno: Tarde \u2013 Senai Rodrigues Alves<\/strong><\/span><\/p>\n<p style=\"font-weight: 400;\"><span style=\"color: #0000ff;\"><strong>Eletricista de Obra \u2013 Turno: Tarde \u2013 Senai Tijuca<\/strong><\/span><\/p>\n<p style=\"font-weight: 400;\"><strong><u>11\/07<\/u><\/strong><\/p>\n<p style=\"font-weight: 400;\"><span style=\"color: #0000ff;\"><strong>\u00a0Encanador de Obras \u2013 Turno: Noite \u2013 Senai \u00c1gua Branca<\/strong><\/span><\/p>\n<p style=\"font-weight: 400;\"><strong><u>15\/08<\/u><\/strong><\/p>\n<p style=\"font-weight: 400;\"><strong><span style=\"color: #0000ff;\">Pintor de Obras \u2013 Turno: Noite \u2013 CPCC Jacarepagu\u00e1<\/span><\/strong><\/p>\n<p style=\"font-weight: 400;\"><strong><span style=\"color: #0000ff;\">Pedreiro de Revestimento em Argamassa e Cer\u00e2mico \u2013 Turno: Noite \u2013 CPCC Jacar\u00e9pagu\u00e1<\/span><\/strong><\/p>\n<p style=\"font-weight: 400;\"><strong><span style=\"color: #0000ff;\">\u00a0Eletricista de Obra \u2013 Turno: Noite \u2013 Senai \u00c1gua Branca<\/span><\/strong><\/p>\n<p style=\"font-weight: 400;\">As inscri\u00e7\u00f5es podem ser feitas<strong>\u00a0<\/strong>pelo site do Seconci\u00a0<span style=\"text-decoration: underline; color: #0000ff;\"><a style=\"color: #0000ff; text-decoration: underline;\" href=\"http:\/\/seconci-rio.com.br\/\">http:\/\/seconci-rio.com.br<\/a>\u00a0<\/span>\u00a0ou atrav\u00e9s do telefone <span style=\"color: #993300;\">2101-2565\u00a0<\/span>ou pelo watshapp: 21 &#8211; <span style=\"color: #993300;\">99558-7225.<\/span><\/p>\n<p>Fonte: Imprensa\/Seconci-RIO<\/p>\n","protected":false},"excerpt":{"rendered":"<p>Junho, 2019 &#8211; Parece que o ano come\u00e7ou ontem, mas j\u00e1 estamos na metade de 2019. Portanto, quem quiser se habilitar ou se aperfei\u00e7oar para crescer em seu segmento de atua\u00e7\u00e3o, n\u00e3o deve perder tempo:\u00a0 o Servi\u00e7o Social da Ind\u00fastria da Constru\u00e7\u00e3o do Rio de Janeiro\u00a0(SECONCI-RIO), em parceria com\u00a0Servi\u00e7o Nacional de Aprendizagem Industrial\u00a0(SENAI) e com [&hellip;]<\/p>\n","protected":false},"author":1,"featured_media":11993,"comment_status":"open","ping_status":"open","sticky":false,"template":"","format":"standard","meta":{"_uag_custom_page_level_css":"","footnotes":""},"categories":[27],"tags":[16600,16601,16599,16606,16604,16605,16603,8915,10732,16602,16607,10891,11165],"class_list":["post-11992","post","type-post","status-publish","format-standard","has-post-thumbnail","hentry","category-acontece","tag-cpcc-jacarepagua","tag-curso-encanador-de-obras","tag-cursos-abertos-no-seconci-rio","tag-desenhista-de-construcao-civil","tag-eletricistas-construcao-civil","tag-pedreiro-de-revestimento-em-argamassa-e-ceramico","tag-pedreiros-construcao-civil","tag-pintor-de-obras","tag-seconci-rio","tag-senai-agua-branca","tag-senai-tijuca-rj","tag-senai-rj","tag-sinduscon-rj"],"blocksy_meta":[],"spectra_blocks_featured_image_url":{"thumbnail":{"url":"https:\/\/construcaocivil.siriusmarketingedesign.com.br\/wp-content\/uploads\/2019\/06\/PEDREIRO-150x150.jpg","width":150,"height":150},"medium":{"url":"https:\/\/construcaocivil.siriusmarketingedesign.com.br\/wp-content\/uploads\/2019\/06\/PEDREIRO-300x200.jpg","width":300,"height":200},"medium_large":{"url":"https:\/\/construcaocivil.siriusmarketingedesign.com.br\/wp-content\/uploads\/2019\/06\/PEDREIRO-768x512.jpg","width":768,"height":512},"large":{"url":"https:\/\/construcaocivil.siriusmarketingedesign.com.br\/wp-content\/uploads\/2019\/06\/PEDREIRO-1024x682.jpg","width":1024,"height":682},"full":{"url":"https:\/\/construcaocivil.siriusmarketingedesign.com.br\/wp-content\/uploads\/2019\/06\/PEDREIRO.jpg","width":1595,"height":1063}},"spectra_blocks_author_info":{"display_name":"Jornal da Constru\u00e7\u00e3o Civil","avatar_url":"https:\/\/secure.gravatar.com\/avatar\/973c9774fd44ddaceb026973c4962faa70fc512bc4c9da68e8ebb40fecee6540?s=96&d=mm&r=g","author_link":"https:\/\/construcaocivil.siriusmarketingedesign.com.br\/?author=1","description":"Desde de 2013, levando muitas informa\u00e7\u00f5es, lan\u00e7amentos e produtos de qualidade para toda cadeia produtiva da constru\u00e7\u00e3o. O Futuro da constru\u00e7\u00e3o passa por aqui,"},"uagb_featured_image_src":{"full":["https:\/\/construcaocivil.siriusmarketingedesign.com.br\/wp-content\/uploads\/2019\/06\/PEDREIRO.jpg",1595,1063,false],"thumbnail":["https:\/\/construcaocivil.siriusmarketingedesign.com.br\/wp-content\/uploads\/2019\/06\/PEDREIRO-150x150.jpg",150,150,true],"medium":["https:\/\/construcaocivil.siriusmarketingedesign.com.br\/wp-content\/uploads\/2019\/06\/PEDREIRO-300x200.jpg",300,200,true],"medium_large":["https:\/\/construcaocivil.siriusmarketingedesign.com.br\/wp-content\/uploads\/2019\/06\/PEDREIRO-768x512.jpg",768,512,true],"large":["https:\/\/construcaocivil.siriusmarketingedesign.com.br\/wp-content\/uploads\/2019\/06\/PEDREIRO-1024x682.jpg",1024,682,true],"1536x1536":["https:\/\/construcaocivil.siriusmarketingedesign.com.br\/wp-content\/uploads\/2019\/06\/PEDREIRO.jpg",1536,1024,false],"2048x2048":["https:\/\/construcaocivil.siriusmarketingedesign.com.br\/wp-content\/uploads\/2019\/06\/PEDREIRO.jpg",1595,1063,false]},"uagb_author_info":{"display_name":"Jornal da Constru\u00e7\u00e3o Civil","author_link":"https:\/\/construcaocivil.siriusmarketingedesign.com.br\/?author=1"},"uagb_comment_info":0,"uagb_excerpt":"Junho, 2019 &#8211; Parece que o ano come\u00e7ou ontem, mas j\u00e1 estamos na metade de 2019. Portanto, quem quiser se habilitar ou se aperfei\u00e7oar para crescer em seu segmento de atua\u00e7\u00e3o, n\u00e3o deve perder tempo:\u00a0 o Servi\u00e7o Social da Ind\u00fastria da Constru\u00e7\u00e3o do Rio de Janeiro\u00a0(SECONCI-RIO), em parceria com\u00a0Servi\u00e7o Nacional de Aprendizagem Industrial\u00a0(SENAI) e com&hellip;","_links":{"self":[{"href":"https:\/\/construcaocivil.siriusmarketingedesign.com.br\/index.php?rest_route=\/wp\/v2\/posts\/11992","targetHints":{"allow":["GET"]}}],"collection":[{"href":"https:\/\/construcaocivil.siriusmarketingedesign.com.br\/index.php?rest_route=\/wp\/v2\/posts"}],"about":[{"href":"https:\/\/construcaocivil.siriusmarketingedesign.com.br\/index.php?rest_route=\/wp\/v2\/types\/post"}],"author":[{"embeddable":true,"href":"https:\/\/construcaocivil.siriusmarketingedesign.com.br\/index.php?rest_route=\/wp\/v2\/users\/1"}],"replies":[{"embeddable":true,"href":"https:\/\/construcaocivil.siriusmarketingedesign.com.br\/index.php?rest_route=%2Fwp%2Fv2%2Fcomments&post=11992"}],"version-history":[{"count":0,"href":"https:\/\/construcaocivil.siriusmarketingedesign.com.br\/index.php?rest_route=\/wp\/v2\/posts\/11992\/revisions"}],"wp:featuredmedia":[{"embeddable":true,"href":"https:\/\/construcaocivil.siriusmarketingedesign.com.br\/index.php?rest_route=\/wp\/v2\/media\/11993"}],"wp:attachment":[{"href":"https:\/\/construcaocivil.siriusmarketingedesign.com.br\/index.php?rest_route=%2Fwp%2Fv2%2Fmedia&parent=11992"}],"wp:term":[{"taxonomy":"category","embeddable":true,"href":"https:\/\/construcaocivil.siriusmarketingedesign.com.br\/index.php?rest_route=%2Fwp%2Fv2%2Fcategories&post=11992"},{"taxonomy":"post_tag","embeddable":true,"href":"https:\/\/construcaocivil.siriusmarketingedesign.com.br\/index.php?rest_route=%2Fwp%2Fv2%2Ftags&post=11992"}],"curies":[{"name":"wp","href":"https:\/\/api.w.org\/{rel}","templated":true}]}}