{"id":12020,"date":"2019-07-01T13:02:29","date_gmt":"2019-07-01T16:02:29","guid":{"rendered":"https:\/\/www.jornaldaconstrucaocivil.com.br\/?p=12020"},"modified":"2019-07-01T13:02:29","modified_gmt":"2019-07-01T16:02:29","slug":"varejo-material-de-construcao-krona-destaca-relacionamento-entre-industria-e-revendedores-no-2o-encontro-da-acomac-ceara","status":"publish","type":"post","link":"https:\/\/construcaocivil.siriusmarketingedesign.com.br\/?p=12020","title":{"rendered":"Varejo material de constru\u00e7\u00e3o: Krona destaca relacionamento entre ind\u00fastria e revendedores no 2\u00ba Encontro da Acomac Cear\u00e1"},"content":{"rendered":"<p style=\"text-align: justify;\"><span style=\"color: #993300;\">Julho, 2019<\/span> &#8211; A dire\u00e7\u00e3o da Krona Tubos e Conex\u00f5es destacou a import\u00e2ncia do apoio e da participa\u00e7\u00e3o da empresa no 2\u00ba Encontro da Associa\u00e7\u00e3o dos Comerciantes de Materiais de Constru\u00e7\u00e3o do Cear\u00e1 (Acomac-CE), realizado entre 13 e 16 de junho, no Hotel Vila Gal\u00e9 Cumbuco. A Krona foi uma das patrocinadoras do evento, que teve palestras do ex-ministro da Fazenda, Mailson da N\u00f3brega; do presidente da Associa\u00e7\u00e3o Nacional dos Comerciantes de Material de Constru\u00e7\u00e3o (Anamaco), Cl\u00e1udio Conz; e do diretor da Todimo Home Center, Juliano Bortolotto.<\/p>\n<p style=\"text-align: justify;\">&#8220;O encontro realizado pela Acomac Cear\u00e1 refor\u00e7a a import\u00e2ncia da aproxima\u00e7\u00e3o entre ind\u00fastria e revendedores, buscando o crescimento do setor, em especial no Nordeste, fortalecendo ainda mais o relacionamento entre os participantes. A organiza\u00e7\u00e3o est\u00e1 de parab\u00e9ns\u201d, avaliou\u00a0Gustavo Dias de Souza, Superintendente Comercial e Marketing da Krona.<\/p>\n<p>Acesse o site: <span style=\"color: #0000ff;\"><a style=\"color: #0000ff;\" href=\"http:\/\/www.krona.com.br\/\" target=\"_blank\" rel=\"noopener noreferrer\" data-saferedirecturl=\"https:\/\/www.google.com\/url?q=http:\/\/www.krona.com.br&amp;source=gmail&amp;ust=1562082307926000&amp;usg=AFQjCNHTtYqnQwkJ4EW8qyC9Hj25S0iq1w\">www.krona.com.br<\/a><\/span><\/p>\n<p>Fonte: Imprensa\/ Krona<\/p>\n","protected":false},"excerpt":{"rendered":"<p>Julho, 2019 &#8211; A dire\u00e7\u00e3o da Krona Tubos e Conex\u00f5es destacou a import\u00e2ncia do apoio e da participa\u00e7\u00e3o da empresa no 2\u00ba Encontro da Associa\u00e7\u00e3o dos Comerciantes de Materiais de Constru\u00e7\u00e3o do Cear\u00e1 (Acomac-CE), realizado entre 13 e 16 de junho, no Hotel Vila Gal\u00e9 Cumbuco. A Krona foi uma das patrocinadoras do evento, que [&hellip;]<\/p>\n","protected":false},"author":1,"featured_media":12021,"comment_status":"open","ping_status":"open","sticky":false,"template":"","format":"standard","meta":{"_uag_custom_page_level_css":"","footnotes":""},"categories":[12591],"tags":[705,16652,12605,16653,16651,7362,10109,16650,11991],"class_list":["post-12020","post","type-post","status-publish","format-standard","has-post-thumbnail","hentry","category-produtos","tag-anamaco","tag-associacao-dos-comerciantes-de-materiais-de-construcao-do-ceara-acomac-ce","tag-ceara-fortaleza","tag-construcao-fornecedores","tag-krona-tubos-e-conexoes","tag-material-de-construcao","tag-regiao-nordeste","tag-revendedores-de-tubos-e-conexoes","tag-tubos-e-conexoes"],"blocksy_meta":[],"spectra_blocks_featured_image_url":{"thumbnail":{"url":"https:\/\/construcaocivil.siriusmarketingedesign.com.br\/wp-content\/uploads\/2019\/07\/KRONA-150x150.jpg","width":150,"height":150},"medium":{"url":"https:\/\/construcaocivil.siriusmarketingedesign.com.br\/wp-content\/uploads\/2019\/07\/KRONA-300x222.jpg","width":300,"height":222},"medium_large":{"url":"https:\/\/construcaocivil.siriusmarketingedesign.com.br\/wp-content\/uploads\/2019\/07\/KRONA.jpg","width":754,"height":559},"large":{"url":"https:\/\/construcaocivil.siriusmarketingedesign.com.br\/wp-content\/uploads\/2019\/07\/KRONA.jpg","width":754,"height":559},"full":{"url":"https:\/\/construcaocivil.siriusmarketingedesign.com.br\/wp-content\/uploads\/2019\/07\/KRONA.jpg","width":754,"height":559}},"spectra_blocks_author_info":{"display_name":"Jornal da Constru\u00e7\u00e3o Civil","avatar_url":"https:\/\/secure.gravatar.com\/avatar\/973c9774fd44ddaceb026973c4962faa70fc512bc4c9da68e8ebb40fecee6540?s=96&d=mm&r=g","author_link":"https:\/\/construcaocivil.siriusmarketingedesign.com.br\/?author=1","description":"Desde de 2013, levando muitas informa\u00e7\u00f5es, lan\u00e7amentos e produtos de qualidade para toda cadeia produtiva da constru\u00e7\u00e3o. O Futuro da constru\u00e7\u00e3o passa por aqui,"},"uagb_featured_image_src":{"full":["https:\/\/construcaocivil.siriusmarketingedesign.com.br\/wp-content\/uploads\/2019\/07\/KRONA.jpg",754,559,false],"thumbnail":["https:\/\/construcaocivil.siriusmarketingedesign.com.br\/wp-content\/uploads\/2019\/07\/KRONA-150x150.jpg",150,150,true],"medium":["https:\/\/construcaocivil.siriusmarketingedesign.com.br\/wp-content\/uploads\/2019\/07\/KRONA-300x222.jpg",300,222,true],"medium_large":["https:\/\/construcaocivil.siriusmarketingedesign.com.br\/wp-content\/uploads\/2019\/07\/KRONA.jpg",754,559,false],"large":["https:\/\/construcaocivil.siriusmarketingedesign.com.br\/wp-content\/uploads\/2019\/07\/KRONA.jpg",754,559,false],"1536x1536":["https:\/\/construcaocivil.siriusmarketingedesign.com.br\/wp-content\/uploads\/2019\/07\/KRONA.jpg",754,559,false],"2048x2048":["https:\/\/construcaocivil.siriusmarketingedesign.com.br\/wp-content\/uploads\/2019\/07\/KRONA.jpg",754,559,false]},"uagb_author_info":{"display_name":"Jornal da Constru\u00e7\u00e3o Civil","author_link":"https:\/\/construcaocivil.siriusmarketingedesign.com.br\/?author=1"},"uagb_comment_info":0,"uagb_excerpt":"Julho, 2019 &#8211; A dire\u00e7\u00e3o da Krona Tubos e Conex\u00f5es destacou a import\u00e2ncia do apoio e da participa\u00e7\u00e3o da empresa no 2\u00ba Encontro da Associa\u00e7\u00e3o dos Comerciantes de Materiais de Constru\u00e7\u00e3o do Cear\u00e1 (Acomac-CE), realizado entre 13 e 16 de junho, no Hotel Vila Gal\u00e9 Cumbuco. A Krona foi uma das patrocinadoras do evento, que&hellip;","_links":{"self":[{"href":"https:\/\/construcaocivil.siriusmarketingedesign.com.br\/index.php?rest_route=\/wp\/v2\/posts\/12020","targetHints":{"allow":["GET"]}}],"collection":[{"href":"https:\/\/construcaocivil.siriusmarketingedesign.com.br\/index.php?rest_route=\/wp\/v2\/posts"}],"about":[{"href":"https:\/\/construcaocivil.siriusmarketingedesign.com.br\/index.php?rest_route=\/wp\/v2\/types\/post"}],"author":[{"embeddable":true,"href":"https:\/\/construcaocivil.siriusmarketingedesign.com.br\/index.php?rest_route=\/wp\/v2\/users\/1"}],"replies":[{"embeddable":true,"href":"https:\/\/construcaocivil.siriusmarketingedesign.com.br\/index.php?rest_route=%2Fwp%2Fv2%2Fcomments&post=12020"}],"version-history":[{"count":0,"href":"https:\/\/construcaocivil.siriusmarketingedesign.com.br\/index.php?rest_route=\/wp\/v2\/posts\/12020\/revisions"}],"wp:featuredmedia":[{"embeddable":true,"href":"https:\/\/construcaocivil.siriusmarketingedesign.com.br\/index.php?rest_route=\/wp\/v2\/media\/12021"}],"wp:attachment":[{"href":"https:\/\/construcaocivil.siriusmarketingedesign.com.br\/index.php?rest_route=%2Fwp%2Fv2%2Fmedia&parent=12020"}],"wp:term":[{"taxonomy":"category","embeddable":true,"href":"https:\/\/construcaocivil.siriusmarketingedesign.com.br\/index.php?rest_route=%2Fwp%2Fv2%2Fcategories&post=12020"},{"taxonomy":"post_tag","embeddable":true,"href":"https:\/\/construcaocivil.siriusmarketingedesign.com.br\/index.php?rest_route=%2Fwp%2Fv2%2Ftags&post=12020"}],"curies":[{"name":"wp","href":"https:\/\/api.w.org\/{rel}","templated":true}]}}