{"id":12051,"date":"2019-07-05T12:34:49","date_gmt":"2019-07-05T15:34:49","guid":{"rendered":"https:\/\/www.jornaldaconstrucaocivil.com.br\/?p=12051"},"modified":"2019-07-05T12:34:49","modified_gmt":"2019-07-05T15:34:49","slug":"reforma-da-previdencia-isso-e-um-ajuste-fiscal-nao-uma-reforma-da-previdencia-diz-o-parlamentar-henrique-fontana","status":"publish","type":"post","link":"https:\/\/construcaocivil.siriusmarketingedesign.com.br\/?p=12051","title":{"rendered":"Reforma da Previd\u00eancia: &#8220;Isso \u00e9 um ajuste fiscal, n\u00e3o uma reforma da Previd\u00eancia&#8221;, diz o parlamentar Henrique Fontana"},"content":{"rendered":"<p><span style=\"color: #993300;\">Julho, 2019<\/span> &#8211; Ap\u00f3s muito debate e discuss\u00e3o, o relat\u00f3rio da Reforma da Previd\u00eancia (PEC 6\/19) apresentado pelo Deputado Federal Samuel Moreira &#8211; PSDB foi aprovado ontem(04\/07\/19). O texto teve 36 votos contra 13 da oposi\u00e7\u00e3o. De acordo com alguns especialistas do mercado financeiro, a aprova\u00e7\u00e3o da Reforma da Previd\u00eancia dar\u00e1 um f\u00f4lego positivo na economia brasileira. Entretanto, para outros especialistas, a Reforma da Previd\u00eancia, n\u00e3o garante nenhuma melhora na economia nacional. S\u00f3 beneficia o sistema financeiro com pagamento de juros e arrocho para os mais pobres.<\/p>\n<p>Henrique Fontana(PT-RS) do bloco da oposi\u00e7\u00e3o alega que os mais pobres ser\u00e3o os mais prejudicados. S\u00e3o cerca de 80% dos benefici\u00e1rios no sistema do INSS com ganhos de at\u00e9 R$ 1.700,00 e com a nova Reforma, o cidad\u00e3o pode perder at\u00e9 15%(R$ 300 ou R$ 400) da aposentadoria do segurado;<span style=\"color: #ff0000;\"> &#8221; \u201cIsso \u00e9 um ajuste fiscal, n\u00e3o uma reforma da Previd\u00eancia\u201d..\u00a0<\/span><\/p>\n<p>J\u00e1 o deputado Alessandro Molon (PSB-RJ), a aprova\u00e7\u00e3o na comiss\u00e3o foi um \u201cresultado artificial\u201d, feito a partir de troca de integrantes do colegiado pelos l\u00edderes partid\u00e1rios. \u201cNo Plen\u00e1rio, n\u00e3o \u00e9 poss\u00edvel trocar membros. Todos os deputados votar\u00e3o, e a propor\u00e7\u00e3o certamente ser\u00e1 diferente.\u201d.<\/p>\n<p>Fonte: Ag\u00eancia C\u00e2mara dos Deputados<\/p>\n","protected":false},"excerpt":{"rendered":"<p>Julho, 2019 &#8211; Ap\u00f3s muito debate e discuss\u00e3o, o relat\u00f3rio da Reforma da Previd\u00eancia (PEC 6\/19) apresentado pelo Deputado Federal Samuel Moreira &#8211; PSDB foi aprovado ontem(04\/07\/19). O texto teve 36 votos contra 13 da oposi\u00e7\u00e3o. De acordo com alguns especialistas do mercado financeiro, a aprova\u00e7\u00e3o da Reforma da Previd\u00eancia dar\u00e1 um f\u00f4lego positivo na [&hellip;]<\/p>\n","protected":false},"author":1,"featured_media":12052,"comment_status":"open","ping_status":"open","sticky":false,"template":"","format":"standard","meta":{"_uag_custom_page_level_css":"","footnotes":""},"categories":[27],"tags":[16709,16708,16702,1569,16700,16703,3592,16699,16701,16704,15295,16706,16707,16705,16698],"class_list":["post-12051","post","type-post","status-publish","format-standard","has-post-thumbnail","hentry","category-acontece","tag-arrocho-no-mais-pobres-demissao-em-massa","tag-auditoria-da-divida-publica","tag-bancos-patrocinam-reforma-da-previdencia","tag-brasilia","tag-camara-dos-deputados-federais","tag-construcao-civil-trabalhadores","tag-df","tag-economia-paralisada","tag-empregos-e-renda","tag-henrique-fontana-pt-rs","tag-investimentos-na-economia","tag-reforma-da-previdencia-tira-dos-mais-pobres","tag-reforma-tributaria-ja","tag-rodrigo-maia-dem","tag-trabalhador-da-construcao-civil-sera-prejudicado-pela-reforma"],"blocksy_meta":[],"spectra_blocks_featured_image_url":{"thumbnail":{"url":"https:\/\/construcaocivil.siriusmarketingedesign.com.br\/wp-content\/uploads\/2019\/07\/CAMARA-img201703221256134657362MED-150x150.jpg","width":150,"height":150},"medium":{"url":"https:\/\/construcaocivil.siriusmarketingedesign.com.br\/wp-content\/uploads\/2019\/07\/CAMARA-img201703221256134657362MED-300x196.jpg","width":300,"height":196},"medium_large":{"url":"https:\/\/construcaocivil.siriusmarketingedesign.com.br\/wp-content\/uploads\/2019\/07\/CAMARA-img201703221256134657362MED.jpg","width":672,"height":440},"large":{"url":"https:\/\/construcaocivil.siriusmarketingedesign.com.br\/wp-content\/uploads\/2019\/07\/CAMARA-img201703221256134657362MED.jpg","width":672,"height":440},"full":{"url":"https:\/\/construcaocivil.siriusmarketingedesign.com.br\/wp-content\/uploads\/2019\/07\/CAMARA-img201703221256134657362MED.jpg","width":672,"height":440}},"spectra_blocks_author_info":{"display_name":"Jornal da Constru\u00e7\u00e3o Civil","avatar_url":"https:\/\/secure.gravatar.com\/avatar\/973c9774fd44ddaceb026973c4962faa70fc512bc4c9da68e8ebb40fecee6540?s=96&d=mm&r=g","author_link":"https:\/\/construcaocivil.siriusmarketingedesign.com.br\/?author=1","description":"Desde de 2013, levando muitas informa\u00e7\u00f5es, lan\u00e7amentos e produtos de qualidade para toda cadeia produtiva da constru\u00e7\u00e3o. O Futuro da constru\u00e7\u00e3o passa por aqui,"},"uagb_featured_image_src":{"full":["https:\/\/construcaocivil.siriusmarketingedesign.com.br\/wp-content\/uploads\/2019\/07\/CAMARA-img201703221256134657362MED.jpg",672,440,false],"thumbnail":["https:\/\/construcaocivil.siriusmarketingedesign.com.br\/wp-content\/uploads\/2019\/07\/CAMARA-img201703221256134657362MED-150x150.jpg",150,150,true],"medium":["https:\/\/construcaocivil.siriusmarketingedesign.com.br\/wp-content\/uploads\/2019\/07\/CAMARA-img201703221256134657362MED-300x196.jpg",300,196,true],"medium_large":["https:\/\/construcaocivil.siriusmarketingedesign.com.br\/wp-content\/uploads\/2019\/07\/CAMARA-img201703221256134657362MED.jpg",672,440,false],"large":["https:\/\/construcaocivil.siriusmarketingedesign.com.br\/wp-content\/uploads\/2019\/07\/CAMARA-img201703221256134657362MED.jpg",672,440,false],"1536x1536":["https:\/\/construcaocivil.siriusmarketingedesign.com.br\/wp-content\/uploads\/2019\/07\/CAMARA-img201703221256134657362MED.jpg",672,440,false],"2048x2048":["https:\/\/construcaocivil.siriusmarketingedesign.com.br\/wp-content\/uploads\/2019\/07\/CAMARA-img201703221256134657362MED.jpg",672,440,false]},"uagb_author_info":{"display_name":"Jornal da Constru\u00e7\u00e3o Civil","author_link":"https:\/\/construcaocivil.siriusmarketingedesign.com.br\/?author=1"},"uagb_comment_info":0,"uagb_excerpt":"Julho, 2019 &#8211; Ap\u00f3s muito debate e discuss\u00e3o, o relat\u00f3rio da Reforma da Previd\u00eancia (PEC 6\/19) apresentado pelo Deputado Federal Samuel Moreira &#8211; PSDB foi aprovado ontem(04\/07\/19). O texto teve 36 votos contra 13 da oposi\u00e7\u00e3o. De acordo com alguns especialistas do mercado financeiro, a aprova\u00e7\u00e3o da Reforma da Previd\u00eancia dar\u00e1 um f\u00f4lego positivo na&hellip;","_links":{"self":[{"href":"https:\/\/construcaocivil.siriusmarketingedesign.com.br\/index.php?rest_route=\/wp\/v2\/posts\/12051","targetHints":{"allow":["GET"]}}],"collection":[{"href":"https:\/\/construcaocivil.siriusmarketingedesign.com.br\/index.php?rest_route=\/wp\/v2\/posts"}],"about":[{"href":"https:\/\/construcaocivil.siriusmarketingedesign.com.br\/index.php?rest_route=\/wp\/v2\/types\/post"}],"author":[{"embeddable":true,"href":"https:\/\/construcaocivil.siriusmarketingedesign.com.br\/index.php?rest_route=\/wp\/v2\/users\/1"}],"replies":[{"embeddable":true,"href":"https:\/\/construcaocivil.siriusmarketingedesign.com.br\/index.php?rest_route=%2Fwp%2Fv2%2Fcomments&post=12051"}],"version-history":[{"count":0,"href":"https:\/\/construcaocivil.siriusmarketingedesign.com.br\/index.php?rest_route=\/wp\/v2\/posts\/12051\/revisions"}],"wp:featuredmedia":[{"embeddable":true,"href":"https:\/\/construcaocivil.siriusmarketingedesign.com.br\/index.php?rest_route=\/wp\/v2\/media\/12052"}],"wp:attachment":[{"href":"https:\/\/construcaocivil.siriusmarketingedesign.com.br\/index.php?rest_route=%2Fwp%2Fv2%2Fmedia&parent=12051"}],"wp:term":[{"taxonomy":"category","embeddable":true,"href":"https:\/\/construcaocivil.siriusmarketingedesign.com.br\/index.php?rest_route=%2Fwp%2Fv2%2Fcategories&post=12051"},{"taxonomy":"post_tag","embeddable":true,"href":"https:\/\/construcaocivil.siriusmarketingedesign.com.br\/index.php?rest_route=%2Fwp%2Fv2%2Ftags&post=12051"}],"curies":[{"name":"wp","href":"https:\/\/api.w.org\/{rel}","templated":true}]}}