{"id":12054,"date":"2019-07-05T13:10:06","date_gmt":"2019-07-05T16:10:06","guid":{"rendered":"https:\/\/www.jornaldaconstrucaocivil.com.br\/?p=12054"},"modified":"2019-07-05T13:10:06","modified_gmt":"2019-07-05T16:10:06","slug":"paraty-recebe-o-titulo-de-patrimonio-mundial","status":"publish","type":"post","link":"https:\/\/construcaocivil.siriusmarketingedesign.com.br\/?p=12054","title":{"rendered":"Paraty recebe o t\u00edtulo de Patrim\u00f4nio Mundial"},"content":{"rendered":"<p style=\"text-align: justify;\"><span style=\"color: #993300;\">Julho, 2019 &#8211;<\/span> Paraty cultura e biodiversidade \u00e9 o primeiro s\u00edtio misto do Brasil na lista do Patrim\u00f4nio Mundial Reconhecido pela Unesco. \u00c9 a Mata Atl\u00e2ntica preservada que rodeia as \u00e1guas calmas da ba\u00eda da Ilha Grande. \u00c9 a cultura ind\u00edgena, quilombola e cai\u00e7ara que vive em harmonia com essa rica biodiversidade. \u00c9 o registro arqueol\u00f3gico da ocupa\u00e7\u00e3o humana neste territ\u00f3rio ao longo do tempo. \u00c9 a cidade colonial que preserva suas rela\u00e7\u00f5es hist\u00f3ricas e a din\u00e2mica urbana no centro de Paraty, no estado do Rio de Janeiro.<\/p>\n<p style=\"text-align: justify;\">Paraty cultura e biodiversidade \u00e9 a coexist\u00eancia da cultura viva e ancestral no ambiente natural exuberante.<\/p>\n<p>Visite Paraty &#8211; <span style=\"color: #0000ff;\"><a style=\"color: #0000ff;\" href=\"http:\/\/visiteparaty.tur.br\">visiteparaty.tur.br<\/a><\/span><\/p>\n<p>Fonte: Imprensa\/ Ascom &#8211; Prefeitura de Paraty-RJ<\/p>\n","protected":false},"excerpt":{"rendered":"<p>Julho, 2019 &#8211; Paraty cultura e biodiversidade \u00e9 o primeiro s\u00edtio misto do Brasil na lista do Patrim\u00f4nio Mundial Reconhecido pela Unesco. \u00c9 a Mata Atl\u00e2ntica preservada que rodeia as \u00e1guas calmas da ba\u00eda da Ilha Grande. \u00c9 a cultura ind\u00edgena, quilombola e cai\u00e7ara que vive em harmonia com essa rica biodiversidade. \u00c9 o registro [&hellip;]<\/p>\n","protected":false},"author":1,"featured_media":12055,"comment_status":"open","ping_status":"open","sticky":false,"template":"","format":"standard","meta":{"_uag_custom_page_level_css":"","footnotes":""},"categories":[27],"tags":[16712,16715,16716,7337,16714,16710,16713,10128,10375,16717,12008,16711],"class_list":["post-12054","post","type-post","status-publish","format-standard","has-post-thumbnail","hentry","category-acontece","tag-baia-da-ilha-grande","tag-festival-da-cachaca-2019","tag-flip-2019","tag-mata-atlantica","tag-paraty-cultura-e-biodiversidade","tag-paraty-e-patrimonio-mundial","tag-preservacao-do-meio-ambiente","tag-regiao-sul-fluminense","tag-rio-de-janeiro","tag-sustentabilidade-e-empregabilidade-sustentavel","tag-turismo-sustentavel","tag-unesco"],"blocksy_meta":[],"spectra_blocks_featured_image_url":{"thumbnail":{"url":"https:\/\/construcaocivil.siriusmarketingedesign.com.br\/wp-content\/uploads\/2019\/07\/PARATY-layout_news_paraty_05_07_2019_01-150x150.jpg","width":150,"height":150},"medium":{"url":"https:\/\/construcaocivil.siriusmarketingedesign.com.br\/wp-content\/uploads\/2019\/07\/PARATY-layout_news_paraty_05_07_2019_01-300x170.jpg","width":300,"height":170},"medium_large":{"url":"https:\/\/construcaocivil.siriusmarketingedesign.com.br\/wp-content\/uploads\/2019\/07\/PARATY-layout_news_paraty_05_07_2019_01.jpg","width":600,"height":340},"large":{"url":"https:\/\/construcaocivil.siriusmarketingedesign.com.br\/wp-content\/uploads\/2019\/07\/PARATY-layout_news_paraty_05_07_2019_01.jpg","width":600,"height":340},"full":{"url":"https:\/\/construcaocivil.siriusmarketingedesign.com.br\/wp-content\/uploads\/2019\/07\/PARATY-layout_news_paraty_05_07_2019_01.jpg","width":600,"height":340}},"spectra_blocks_author_info":{"display_name":"Jornal da Constru\u00e7\u00e3o Civil","avatar_url":"https:\/\/secure.gravatar.com\/avatar\/973c9774fd44ddaceb026973c4962faa70fc512bc4c9da68e8ebb40fecee6540?s=96&d=mm&r=g","author_link":"https:\/\/construcaocivil.siriusmarketingedesign.com.br\/?author=1","description":"Desde de 2013, levando muitas informa\u00e7\u00f5es, lan\u00e7amentos e produtos de qualidade para toda cadeia produtiva da constru\u00e7\u00e3o. O Futuro da constru\u00e7\u00e3o passa por aqui,"},"uagb_featured_image_src":{"full":["https:\/\/construcaocivil.siriusmarketingedesign.com.br\/wp-content\/uploads\/2019\/07\/PARATY-layout_news_paraty_05_07_2019_01.jpg",600,340,false],"thumbnail":["https:\/\/construcaocivil.siriusmarketingedesign.com.br\/wp-content\/uploads\/2019\/07\/PARATY-layout_news_paraty_05_07_2019_01-150x150.jpg",150,150,true],"medium":["https:\/\/construcaocivil.siriusmarketingedesign.com.br\/wp-content\/uploads\/2019\/07\/PARATY-layout_news_paraty_05_07_2019_01-300x170.jpg",300,170,true],"medium_large":["https:\/\/construcaocivil.siriusmarketingedesign.com.br\/wp-content\/uploads\/2019\/07\/PARATY-layout_news_paraty_05_07_2019_01.jpg",600,340,false],"large":["https:\/\/construcaocivil.siriusmarketingedesign.com.br\/wp-content\/uploads\/2019\/07\/PARATY-layout_news_paraty_05_07_2019_01.jpg",600,340,false],"1536x1536":["https:\/\/construcaocivil.siriusmarketingedesign.com.br\/wp-content\/uploads\/2019\/07\/PARATY-layout_news_paraty_05_07_2019_01.jpg",600,340,false],"2048x2048":["https:\/\/construcaocivil.siriusmarketingedesign.com.br\/wp-content\/uploads\/2019\/07\/PARATY-layout_news_paraty_05_07_2019_01.jpg",600,340,false]},"uagb_author_info":{"display_name":"Jornal da Constru\u00e7\u00e3o Civil","author_link":"https:\/\/construcaocivil.siriusmarketingedesign.com.br\/?author=1"},"uagb_comment_info":0,"uagb_excerpt":"Julho, 2019 &#8211; Paraty cultura e biodiversidade \u00e9 o primeiro s\u00edtio misto do Brasil na lista do Patrim\u00f4nio Mundial Reconhecido pela Unesco. \u00c9 a Mata Atl\u00e2ntica preservada que rodeia as \u00e1guas calmas da ba\u00eda da Ilha Grande. \u00c9 a cultura ind\u00edgena, quilombola e cai\u00e7ara que vive em harmonia com essa rica biodiversidade. \u00c9 o registro&hellip;","_links":{"self":[{"href":"https:\/\/construcaocivil.siriusmarketingedesign.com.br\/index.php?rest_route=\/wp\/v2\/posts\/12054","targetHints":{"allow":["GET"]}}],"collection":[{"href":"https:\/\/construcaocivil.siriusmarketingedesign.com.br\/index.php?rest_route=\/wp\/v2\/posts"}],"about":[{"href":"https:\/\/construcaocivil.siriusmarketingedesign.com.br\/index.php?rest_route=\/wp\/v2\/types\/post"}],"author":[{"embeddable":true,"href":"https:\/\/construcaocivil.siriusmarketingedesign.com.br\/index.php?rest_route=\/wp\/v2\/users\/1"}],"replies":[{"embeddable":true,"href":"https:\/\/construcaocivil.siriusmarketingedesign.com.br\/index.php?rest_route=%2Fwp%2Fv2%2Fcomments&post=12054"}],"version-history":[{"count":0,"href":"https:\/\/construcaocivil.siriusmarketingedesign.com.br\/index.php?rest_route=\/wp\/v2\/posts\/12054\/revisions"}],"wp:featuredmedia":[{"embeddable":true,"href":"https:\/\/construcaocivil.siriusmarketingedesign.com.br\/index.php?rest_route=\/wp\/v2\/media\/12055"}],"wp:attachment":[{"href":"https:\/\/construcaocivil.siriusmarketingedesign.com.br\/index.php?rest_route=%2Fwp%2Fv2%2Fmedia&parent=12054"}],"wp:term":[{"taxonomy":"category","embeddable":true,"href":"https:\/\/construcaocivil.siriusmarketingedesign.com.br\/index.php?rest_route=%2Fwp%2Fv2%2Fcategories&post=12054"},{"taxonomy":"post_tag","embeddable":true,"href":"https:\/\/construcaocivil.siriusmarketingedesign.com.br\/index.php?rest_route=%2Fwp%2Fv2%2Ftags&post=12054"}],"curies":[{"name":"wp","href":"https:\/\/api.w.org\/{rel}","templated":true}]}}