{"id":12066,"date":"2019-07-08T13:44:27","date_gmt":"2019-07-08T16:44:27","guid":{"rendered":"https:\/\/www.jornaldaconstrucaocivil.com.br\/?p=12066"},"modified":"2019-07-08T14:17:55","modified_gmt":"2019-07-08T17:17:55","slug":"reforma-da-previdencia-mira-no-que-ver-e-acerta-no-que-nao-ver-privilegios-continuam","status":"publish","type":"post","link":"https:\/\/construcaocivil.siriusmarketingedesign.com.br\/?p=12066","title":{"rendered":"Reforma da Previd\u00eancia: mira no que ver e acerta no que n\u00e3o ver. Privil\u00e9gios continuam!!!"},"content":{"rendered":"<p style=\"text-align: justify;\"><span style=\"color: #993300;\">Julho, 2019<\/span> &#8211; Uma vez aprovada, a Reforma da Previd\u00eancia deixar\u00e1 o mercado financeiro num estado de euforia. Na contram\u00e3o dessa mesmo estado de estasia, est\u00e3o os mais pobres, que somam 80% dos beneficiados pelo INSS e os trabalhadores que ganham entre 1 e 3 sal\u00e1rios m\u00ednimos. O corte para esse grupo ser\u00e1 pesado, ou seja, ter\u00e3o suas aposentadorias reduzidas em at\u00e9 31%. O consumo das fam\u00edlias humildes ser\u00e1 afetado profundamente. Se j\u00e1 est\u00e1 ruim do jeito que estamos, imagina nos pr\u00f3ximos anos.<\/p>\n<p style=\"text-align: justify;\">O caminho que o governo brasileiro segue \u00e9 muito complicado. Vejamos: S\u00e3o 5 anos de crise, PIB negativo, 13,4 milh\u00f5es de desempregados, 5 mil obras paralisadas, juiz chamado de ladr\u00e3o por parlamentar, Opera\u00e7\u00e3o Lava Jato sob suspeita, governo envolvido em esc\u00e2ndalos do laranjas e mil\u00edcias. \u00c9 neste cen\u00e1rio ca\u00f3tico, que 513 deputados federais, estar\u00e3o nesta semana, decidindo o futuro do pa\u00eds. Para aprovar a Reforma da Previd\u00eancia basta 308 votos. Ser\u00e1\u00a0 o\u00a0 golpe final do governo a aposentadoria dos brasileiros, patrim\u00f4nio nacional.<\/p>\n<p style=\"text-align: justify;\">A pessoas que ganha R$ 3.000 ou R$ 1.700 ter\u00e3o uma perda de R$ 400 ou R$ 300, algo como uma perda de 31% da sua aposentadoria. Trabalhadores da constru\u00e7\u00e3o civil, profissionais de limpeza, comerci\u00e1rios, professores, servidores p\u00fablicos entre outras categorias profissionais ser\u00e3o atingidos. For\u00e7as Armadas, Bancos, Estados e Munic\u00edpios est\u00e3o fora da Reforma.<\/p>\n<p style=\"text-align: justify;\">Sem uma comunica\u00e7\u00e3o clara e objetiva, o cidad\u00e3o nem sabe o que realmente est\u00e1 se discutindo. N\u00e3o se teve uma a\u00e7\u00e3o efetiva de informa\u00e7\u00e3o por parte do governo em fazer chegar at\u00e9 ao cidad\u00e3o boletins, cartilhas e esclarecimentos sobre a Reforma do Paulo Guedes.<\/p>\n<p><iframe loading=\"lazy\" title=\"Duas coisas que voc\u00ea n\u00e3o sabe sobre a Reforma da Previd\u00eancia proposta pelo governo\" width=\"1290\" height=\"726\" src=\"https:\/\/www.youtube.com\/embed\/OmzYuPcMmjI?feature=oembed\" frameborder=\"0\" allow=\"accelerometer; autoplay; clipboard-write; encrypted-media; gyroscope; picture-in-picture; web-share\" referrerpolicy=\"strict-origin-when-cross-origin\" allowfullscreen><\/iframe><\/p>\n<p style=\"text-align: justify;\">Para o economista Eduardo Moreira, o governo na fobia para acabar com os privil\u00e9gios do INSS, o governo vai cortar do mais pobre que s\u00e3o 94% dos beneficiados do INSS(Governo Federal):<\/p>\n<p style=\"text-align: justify;\"><span style=\"color: #993300;\"><em>\u201c Na proposta do governo federal, o governo define \u201cRicos\u201d quem ganha R$ 2.231,00. Esses s\u00e3o os ricos do governo. Est\u00e1 inscrito na p\u00e1gina 53, da Reforma da Previd\u00eancia do governo. Isso n\u00e3o acaba com os privil\u00e9gios. Os privil\u00e9gios continuam os verdadeiros ricos, que ganham R$ 100 mil&#8221;,<\/em><\/span> diz o economista..<\/p>\n<p>O economista completa: <strong><em><span style=\"color: #993300;\">&#8221; Gente cortar R$ 100,00(cem reais) de uma pessoa pobre, faz muita diferen\u00e7a. J\u00e1 para uma pessoa rica n\u00e3o faz diferen\u00e7a alguma&#8221;.\u00a0<\/span><\/em><\/strong><\/p>\n<p style=\"text-align: justify;\">Ap\u00f3s passar pela c\u00e2mara dos deputados, o texto base da Reforma segue para aprova\u00e7\u00e3o dos 81 senadores.<\/p>\n<p>Acesse o texto do governo no link; <span style=\"color: #0000ff;\">http:\/\/www.brasil.gov.br\/novaprevidencia\/noticias\/como-fica-a-nova-previdencia-para-quem-tem-direito-adquirido?pk_source=google&amp;pk_medium=search&amp;pk_campaign=nprev&amp;pk_content=np2001<\/span><\/p>\n","protected":false},"excerpt":{"rendered":"<p>Julho, 2019 &#8211; Uma vez aprovada, a Reforma da Previd\u00eancia deixar\u00e1 o mercado financeiro num estado de euforia. Na contram\u00e3o dessa mesmo estado de estasia, est\u00e3o os mais pobres, que somam 80% dos beneficiados pelo INSS e os trabalhadores que ganham entre 1 e 3 sal\u00e1rios m\u00ednimos. O corte para esse grupo ser\u00e1 pesado, ou [&hellip;]<\/p>\n","protected":false},"author":1,"featured_media":10456,"comment_status":"open","ping_status":"open","sticky":false,"template":"","format":"standard","meta":{"_uag_custom_page_level_css":"","footnotes":""},"categories":[27],"tags":[16742,1574,16741,16736,5846,16738,16743,16744,16734,16737,15037,16739,16740,16735,11845],"class_list":["post-12066","post","type-post","status-publish","format-standard","has-post-thumbnail","hentry","category-acontece","tag-13-milhoes-de-desempregados","tag-brasilia-df","tag-desemprego-e-perda-de-renda","tag-economia-inss-retira-dos-pobres","tag-ibge","tag-inss-ameacada","tag-paulo-guedes-sufoca-pobres","tag-pec-06-2019","tag-reforma-da-previdencia-bpc","tag-reforma-da-previdencia-economia-2-trilhoes-sao-dos-trabalhadores","tag-reforma-tributaria","tag-ricos-continuam-com-privilegios","tag-senadores-e-deputadores-federais","tag-trabalhador-rural","tag-trabalhadores-da-construcao-civil"],"blocksy_meta":[],"spectra_blocks_featured_image_url":{"thumbnail":{"url":"https:\/\/construcaocivil.siriusmarketingedesign.com.br\/wp-content\/uploads\/2018\/10\/Desemprego-150x150.jpg","width":150,"height":150},"medium":{"url":"https:\/\/construcaocivil.siriusmarketingedesign.com.br\/wp-content\/uploads\/2018\/10\/Desemprego-300x225.jpg","width":300,"height":225},"medium_large":{"url":"https:\/\/construcaocivil.siriusmarketingedesign.com.br\/wp-content\/uploads\/2018\/10\/Desemprego-768x576.jpg","width":768,"height":576},"large":{"url":"https:\/\/construcaocivil.siriusmarketingedesign.com.br\/wp-content\/uploads\/2018\/10\/Desemprego.jpg","width":768,"height":576},"full":{"url":"https:\/\/construcaocivil.siriusmarketingedesign.com.br\/wp-content\/uploads\/2018\/10\/Desemprego.jpg","width":768,"height":576}},"spectra_blocks_author_info":{"display_name":"Jornal da Constru\u00e7\u00e3o Civil","avatar_url":"https:\/\/secure.gravatar.com\/avatar\/973c9774fd44ddaceb026973c4962faa70fc512bc4c9da68e8ebb40fecee6540?s=96&d=mm&r=g","author_link":"https:\/\/construcaocivil.siriusmarketingedesign.com.br\/?author=1","description":"Desde de 2013, levando muitas informa\u00e7\u00f5es, lan\u00e7amentos e produtos de qualidade para toda cadeia produtiva da constru\u00e7\u00e3o. O Futuro da constru\u00e7\u00e3o passa por aqui,"},"uagb_featured_image_src":{"full":["https:\/\/construcaocivil.siriusmarketingedesign.com.br\/wp-content\/uploads\/2018\/10\/Desemprego.jpg",768,576,false],"thumbnail":["https:\/\/construcaocivil.siriusmarketingedesign.com.br\/wp-content\/uploads\/2018\/10\/Desemprego-150x150.jpg",150,150,true],"medium":["https:\/\/construcaocivil.siriusmarketingedesign.com.br\/wp-content\/uploads\/2018\/10\/Desemprego-300x225.jpg",300,225,true],"medium_large":["https:\/\/construcaocivil.siriusmarketingedesign.com.br\/wp-content\/uploads\/2018\/10\/Desemprego-768x576.jpg",768,576,true],"large":["https:\/\/construcaocivil.siriusmarketingedesign.com.br\/wp-content\/uploads\/2018\/10\/Desemprego.jpg",768,576,false],"1536x1536":["https:\/\/construcaocivil.siriusmarketingedesign.com.br\/wp-content\/uploads\/2018\/10\/Desemprego.jpg",768,576,false],"2048x2048":["https:\/\/construcaocivil.siriusmarketingedesign.com.br\/wp-content\/uploads\/2018\/10\/Desemprego.jpg",768,576,false]},"uagb_author_info":{"display_name":"Jornal da Constru\u00e7\u00e3o Civil","author_link":"https:\/\/construcaocivil.siriusmarketingedesign.com.br\/?author=1"},"uagb_comment_info":0,"uagb_excerpt":"Julho, 2019 &#8211; Uma vez aprovada, a Reforma da Previd\u00eancia deixar\u00e1 o mercado financeiro num estado de euforia. Na contram\u00e3o dessa mesmo estado de estasia, est\u00e3o os mais pobres, que somam 80% dos beneficiados pelo INSS e os trabalhadores que ganham entre 1 e 3 sal\u00e1rios m\u00ednimos. O corte para esse grupo ser\u00e1 pesado, ou&hellip;","_links":{"self":[{"href":"https:\/\/construcaocivil.siriusmarketingedesign.com.br\/index.php?rest_route=\/wp\/v2\/posts\/12066","targetHints":{"allow":["GET"]}}],"collection":[{"href":"https:\/\/construcaocivil.siriusmarketingedesign.com.br\/index.php?rest_route=\/wp\/v2\/posts"}],"about":[{"href":"https:\/\/construcaocivil.siriusmarketingedesign.com.br\/index.php?rest_route=\/wp\/v2\/types\/post"}],"author":[{"embeddable":true,"href":"https:\/\/construcaocivil.siriusmarketingedesign.com.br\/index.php?rest_route=\/wp\/v2\/users\/1"}],"replies":[{"embeddable":true,"href":"https:\/\/construcaocivil.siriusmarketingedesign.com.br\/index.php?rest_route=%2Fwp%2Fv2%2Fcomments&post=12066"}],"version-history":[{"count":0,"href":"https:\/\/construcaocivil.siriusmarketingedesign.com.br\/index.php?rest_route=\/wp\/v2\/posts\/12066\/revisions"}],"wp:featuredmedia":[{"embeddable":true,"href":"https:\/\/construcaocivil.siriusmarketingedesign.com.br\/index.php?rest_route=\/wp\/v2\/media\/10456"}],"wp:attachment":[{"href":"https:\/\/construcaocivil.siriusmarketingedesign.com.br\/index.php?rest_route=%2Fwp%2Fv2%2Fmedia&parent=12066"}],"wp:term":[{"taxonomy":"category","embeddable":true,"href":"https:\/\/construcaocivil.siriusmarketingedesign.com.br\/index.php?rest_route=%2Fwp%2Fv2%2Fcategories&post=12066"},{"taxonomy":"post_tag","embeddable":true,"href":"https:\/\/construcaocivil.siriusmarketingedesign.com.br\/index.php?rest_route=%2Fwp%2Fv2%2Ftags&post=12066"}],"curies":[{"name":"wp","href":"https:\/\/api.w.org\/{rel}","templated":true}]}}