{"id":12080,"date":"2019-07-09T14:24:31","date_gmt":"2019-07-09T17:24:31","guid":{"rendered":"https:\/\/www.jornaldaconstrucaocivil.com.br\/?p=12080"},"modified":"2019-07-09T14:24:31","modified_gmt":"2019-07-09T17:24:31","slug":"moda-arena-firjan-promove-debates-e-desfiles-na-fevest-show-2019-que-comeca-amanha-10","status":"publish","type":"post","link":"https:\/\/construcaocivil.siriusmarketingedesign.com.br\/?p=12080","title":{"rendered":"Moda: Arena Firjan promove debates e desfiles na Fevest Show 2019, que come\u00e7a amanh\u00e3 (10)"},"content":{"rendered":"<p style=\"font-weight: 400; text-align: justify;\"><span style=\"color: #993300;\">Julho, 2019<\/span> &#8211; Este ano, quem for \u00e0 Fevest Show 2019, de 10 a 14 de julho, das 13h \u00e0s 20h, em Nova Friburgo, poder\u00e1 assistir a mais de 30 palestras gratuitas na <strong>Arena Firjan<\/strong>, um novo espa\u00e7o de 170 m\u00b2 na mais importante feira de moda \u00edntima, praia, fitness e mat\u00e9ria-prima do pa\u00eds. As novas tend\u00eancias tamb\u00e9m estar\u00e3o no desfile de abertura, nesta quarta-feira (10), \u00e0s 13h, com pe\u00e7as criadas pelos alunos da Firjan SENAI para a Gera\u00e7\u00e3o Prateada, as mulheres acima de 60 anos. Na sexta-feira (12), \u00e0s 14h, eles levam \u00e0 passarela o desfile de \u201cMulheres Reais\u201d, com cria\u00e7\u00f5es para brasileiras que desafiam os r\u00edgidos padr\u00f5es de beleza.<\/p>\n<p style=\"font-weight: 400; text-align: justify;\">\u201cA Firjan est\u00e1 sempre presente na Fevest, e este ano com uma novidade: a\u00a0<strong>Arena Firjan<\/strong>, espa\u00e7o inovador e tecnol\u00f3gico para levar conhecimento ao p\u00fablico da moda. A ideia \u00e9 que empres\u00e1rios e especialistas do setor pensem no futuro dos neg\u00f3cios, a fim de retomar o crescimento da regi\u00e3o e promover o desenvolvimento do estado do Rio\u201d, destacou o presidente da Firjan Centro-Norte, Carlos Eduardo de Lima.<\/p>\n<p style=\"font-weight: 400; text-align: justify;\">A\u00a0<strong>Arena Firjan<\/strong>\u00a0trar\u00e1 \u00e0 Serra palestras com curadoria da Casa Firjan sobre os temas como \u201cDesign Thinking\u201d, \u201cA Redescoberta da Criatividade\u201d, \u201cConte\u00fado Digital de Alta Performance\u201d, \u201cCen\u00e1rios e tend\u00eancias\u201d e \u201cPosicionamento das Marcas e os Ambientes Digitais\u201d. A Arena ocupar\u00e1 o espa\u00e7o principal da feira tamb\u00e9m com palestras de parceiros como Sebrae e Senac, com foco em inova\u00e7\u00e3o, tend\u00eancias e branding. As inscri\u00e7\u00f5es s\u00e3o por ordem de chegada e as vagas, limitadas.<\/p>\n<figure id=\"attachment_12082\" aria-describedby=\"caption-attachment-12082\" style=\"width: 200px\" class=\"wp-caption alignleft\"><img loading=\"lazy\" decoding=\"async\" class=\"size-medium wp-image-12082\" src=\"https:\/\/www.jornaldaconstrucaocivil.com.br\/wp-content\/uploads\/2019\/07\/Gera\u00e7\u00e3o-Prateada-Novos-Talentos-Firjan-SENAI-01_Foto-Luciana-Avellar_Modelo-Beth-Motta-200x300.jpg\" alt=\"\" width=\"200\" height=\"300\" srcset=\"https:\/\/construcaocivil.siriusmarketingedesign.com.br\/wp-content\/uploads\/2019\/07\/Gera\u00e7\u00e3o-Prateada-Novos-Talentos-Firjan-SENAI-01_Foto-Luciana-Avellar_Modelo-Beth-Motta-200x300.jpg 200w, https:\/\/construcaocivil.siriusmarketingedesign.com.br\/wp-content\/uploads\/2019\/07\/Gera\u00e7\u00e3o-Prateada-Novos-Talentos-Firjan-SENAI-01_Foto-Luciana-Avellar_Modelo-Beth-Motta-768x1152.jpg 768w, https:\/\/construcaocivil.siriusmarketingedesign.com.br\/wp-content\/uploads\/2019\/07\/Gera\u00e7\u00e3o-Prateada-Novos-Talentos-Firjan-SENAI-01_Foto-Luciana-Avellar_Modelo-Beth-Motta-683x1024.jpg 683w\" sizes=\"auto, (max-width: 200px) 100vw, 200px\" \/><figcaption id=\"caption-attachment-12082\" class=\"wp-caption-text\">Gera\u00e7\u00e3o Prateada &#8211; Novos Talentos Firjan SENAI . Foto: Luciana Avellar &#8211; Modelo Beth Motta<\/figcaption><\/figure>\n<p style=\"font-weight: 400; text-align: justify;\"><strong>Gera\u00e7\u00e3o Prateada<\/strong><\/p>\n<p style=\"font-weight: 400; text-align: justify;\">Oitenta alunos da Firjan SENAI produziram pe\u00e7as inovadoras inspiradas na nova Gera\u00e7\u00e3o Prateada, de mulheres acima de 60 anos. As cria\u00e7\u00f5es aliam conforto, eleg\u00e2ncia e tecnologia e tr\u00eas delas estar\u00e3o na passarela, no desfile principal de amanh\u00e3. Os jovens criaram malhas com sensores que avisam sobre o excesso de exposi\u00e7\u00e3o ao sol, blusa coringa com mangas remov\u00edveis presas a im\u00e3s, e jaqueta reconstru\u00edda no conceito upcycling, de reaproveitamento de materiais. Fotos dos 18 looks desse projeto, o \u201cNovos Talentos\u201d, v\u00e3o envelopar a fachada do Espa\u00e7o da Moda da Firjan SENAI, quase em frente ao Country Clube, sede da Fevest.<\/p>\n<p style=\"font-weight: 400; text-align: justify;\">\u201cPara atender a uma demanda em crescimento, nossos estudantes elaboraram modelos que conectam sa\u00fade, conforto, tecnologia e bem-estar, respeitando, acima de tudo, o estilo da mulher madura que sabe muito bem o que quer. As cria\u00e7\u00f5es acompanham as novas tecnologias e tend\u00eancias da moda no mundo inteiro\u201d, explica Milena Cariello, coordenadora de Educa\u00e7\u00e3o Profissional do Espa\u00e7o da Moda da Firjan SENAI.<\/p>\n<p style=\"font-weight: 400; text-align: justify;\"><strong>Luxo e Mulheres Reais<\/strong><\/p>\n<p style=\"font-weight: 400; text-align: justify;\">Um desfile surpresa na abertura da Fevest vai apresentar pe\u00e7as luxuosas com pedrarias e bordados inspiradas nos cabar\u00e9s franceses. A criatividade dos alunos tamb\u00e9m ser\u00e1 exibida no desfile \u201cMulheres Reais\u201d, com pe\u00e7as de moda praia idealizadas para as brasileiras que n\u00e3o se encaixam nas exig\u00eancias da beleza de revistas. S\u00e3o cria\u00e7\u00f5es para mulheres curvil\u00edneas e plus size, por exemplo.<\/p>\n<p style=\"font-weight: 400; text-align: justify;\">\u201c\u00c9 preciso traduzir a ess\u00eancia da mulher daqui. Queremos formar profissionais qualificados para criar modelagens que entreguem conforto e sensualidade de acordo com o biotipo das mulheres do Brasil\u201d, enfatiza Marcelo Porto, presidente do Sindvest (Sindicato das Ind\u00fastrias do Vestu\u00e1rio de Nova Friburgo e Regi\u00e3o).<\/p>\n<p style=\"font-weight: 400; text-align: justify;\"><strong>Fevest<\/strong><\/p>\n<p style=\"font-weight: 400; text-align: justify;\">Esta \u00e9 a 29\u00aa edi\u00e7\u00e3o da feira, o evento de neg\u00f3cios mais importante do Centro-Norte Fluminense. Os 12 munic\u00edpios desta regi\u00e3o empregam 11.865 trabalhadores relacionados \u00e0 ind\u00fastria da moda em 1.048 estabelecimentos.<\/p>\n<p style=\"font-weight: 400; text-align: justify;\">A Fevest Show 2019 \u00e9 uma realiza\u00e7\u00e3o do Sindvest, com promo\u00e7\u00e3o da Firjan, patroc\u00ednio do Sebrae, Fri Online, Energisa, parceria do Fecom\u00e9rcio RJ, Sesc, Senac, Sincom\u00e9rcio e Prefeitura de Nova Friburgo, apoio da Rede InterTV, Senai CETIQT, Instituto SENAI de Tecnologia T\u00eaxtil e de Confec\u00e7\u00e3o, SAF Plus, SAF Assistencial, e organiza\u00e7\u00e3o da Teia de Eventos.<\/p>\n<p style=\"font-weight: 400; text-align: justify;\"><span style=\"color: #0000ff;\"><strong>Programa\u00e7\u00e3o completa de palestras da Arena Firjan:<\/strong><\/span><\/p>\n<p style=\"font-weight: 400; text-align: justify;\"><strong>10\/07 \u2013 Quarta-feira<\/strong><strong>\u00a0<\/strong><\/p>\n<p style=\"font-weight: 400; text-align: justify;\">15h &#8211; Posicionamento de marcas e os ambientes digitais &#8211; Simone Lagares (Casa Firjan)<\/p>\n<p style=\"font-weight: 400; text-align: justify;\">16h &#8211; Mudan\u00e7as no mercado da moda &#8211; como se destacar ao longo das d\u00e9cadas (Sebrae)<\/p>\n<p style=\"font-weight: 400; text-align: justify;\">17h-\u00a0\u00a0Sustentabilidade &#8211; A nova moda (Sebrae)<\/p>\n<p style=\"font-weight: 400; text-align: justify;\">18h &#8211; Branding e Comunica\u00e7\u00e3o de Moda &#8211; Nicole Nagel, Liana Duque e F\u00e1bio Monerat (Procompi, CNI e Sebrae)<\/p>\n<p style=\"font-weight: 400; text-align: justify;\">18h30 &#8211; Energia sustent\u00e1vel t\u00e1 na moda &#8211; Aline Barreto (Sebrae)<\/p>\n<p style=\"font-weight: 400; text-align: justify;\">19h20 &#8211; Gest\u00e3o de E-Commerce &#8211; Daniele Erthal (Senac)<\/p>\n<p style=\"font-weight: 400; text-align: justify;\"><strong>11\/07 \u2013 Quinta-feira<\/strong><\/p>\n<p style=\"font-weight: 400; text-align: justify;\">13h &#8211; Moda e Gastronomia: uma combina\u00e7\u00e3o que d\u00e1 certo (Sebrae)<\/p>\n<p style=\"font-weight: 400; text-align: justify;\">14h &#8211; Ind\u00fastria 4.0 \u2013 Maur\u00edcio Ogawa &#8211; (Firjan)<\/p>\n<p style=\"font-weight: 400; text-align: justify;\">14h40 &#8211; Moda Social &#8211; Poder Transformador &#8211; Rog\u00e9rio Alves da Silva<\/p>\n<p style=\"font-weight: 400; text-align: justify;\">15h10 &#8211; Inovando com o Desing Thinking &#8211; Daniel Pan (Casa Firjan)<\/p>\n<p style=\"font-weight: 400; text-align: justify;\">15h40 &#8211; A Era 4.0: Os impactos na moda &#8211; Robson Wanka- (Senai CETIQT)<\/p>\n<p style=\"font-weight: 400; text-align: justify;\">16h &#8211; Como vender mais utilizando o Google (Digital M3)<\/p>\n<p style=\"font-weight: 400; text-align: justify;\">16h30 &#8211; Jornada de Consumo: Omnichannel &#8211; Melissa Silva- (Senai CETIQT)<\/p>\n<p style=\"font-weight: 400; text-align: justify;\">17h &#8211; Conscientiza\u00e7\u00e3o e mobiliza\u00e7\u00e3o sobre descartes de res\u00edduos t\u00eaxteis &#8211; Roberto Bastos<\/p>\n<p style=\"font-weight: 400; text-align: justify;\">17h30 &#8211; U.Mode &#8211; (U.Mode)<\/p>\n<p style=\"font-weight: 400; text-align: justify;\">18h- Aplicativo Big Bang &#8211; A For\u00e7a do pequeno varejista &#8211; Mezak Gualberto (Sebrae)<\/p>\n<p style=\"font-weight: 400; text-align: justify;\">19h &#8211; Marketing Digital aplicado \u00e0 moda &#8211; Let\u00edcia Menezes (Senac)<\/p>\n<p style=\"font-weight: 400; text-align: justify;\"><strong>12\/07 \u2013 Sexta-feira<\/strong><\/p>\n<p style=\"font-weight: 400; text-align: justify;\">13h &#8211; Sustentabilidade como ferramenta para aumentar suas receitas &#8211; Nilson Dias<\/p>\n<p style=\"font-weight: 400; text-align: justify;\">13h40 &#8211; Solu\u00e7\u00f5es tecnol\u00f3gicas 4.0: digitaliza\u00e7\u00e3o e conectividade da ind\u00fastria de confec\u00e7\u00e3o &#8211; Willian Gomes (Senai CETIQT)<\/p>\n<p style=\"font-weight: 400; text-align: justify;\">14h30 &#8211; Macrotend\u00eancias: os movimentos que ir\u00e3o transformar o seu neg\u00f3cio &#8211; Nathalia Coelho (Firjan)<\/p>\n<p style=\"font-weight: 400; text-align: justify;\">15h &#8211; Tecnologia em Impress\u00e3o Digital T\u00eaxtil &#8211; Evolu\u00e7\u00e3o, impacto ambiental e tend\u00eancia de mercado &#8211; F\u00e1bio Tolosa (Vinil Sul)<\/p>\n<p style=\"font-weight: 400; text-align: justify;\">16h &#8211; A\u00a0redescoberta da criatividade: modelos mentais de imagina\u00e7\u00e3o ativa &#8211; Marcelo Ghizi (Casa Firjan)<\/p>\n<p style=\"font-weight: 400; text-align: justify;\">16h30 &#8211; O futuro das lojas f\u00edsicas &#8211; Ana Paula Magliano (Procompi, CNI, Sebrae)<\/p>\n<p style=\"font-weight: 400; text-align: justify;\">17h &#8211; O novo consumidor de moda &#8211; Fabio Monnerat (Sebrae)<\/p>\n<p style=\"font-weight: 400; text-align: justify;\">18h30 &#8211; Pr\u00e1ticas de Sustentabilidade e Moda Circular &#8211; Roraine Zanetti (Senai CETIQT)<\/p>\n<p style=\"font-weight: 400; text-align: justify;\">19h &#8211; Composi\u00e7\u00e3o de looks com lingerie &#8211; Renata Lima Bitencourt (Senac)<\/p>\n<p style=\"font-weight: 400; text-align: justify;\"><strong>13\/07 \u2013 S\u00e1bado<\/strong><\/p>\n<p style=\"font-weight: 400; text-align: justify;\">13h &#8211; As novas formas de criar conex\u00f5es com os consumidores &#8211; F\u00e1bio Monnerat (Procompi, CNI, Sebrae)<\/p>\n<p style=\"font-weight: 400; text-align: justify;\">13h30 &#8211; Ecommerce de moda &#8211; F\u00e1bio Luis da WBUY e Priscila Franco (Procompi, CNI, Sebrae)<\/p>\n<p style=\"font-weight: 400; text-align: justify;\">14h &#8211;\u00a0O mundo da moda para n\u00e3o sair da moda &#8211; Paulo Bertone<\/p>\n<p style=\"font-weight: 400; text-align: justify;\">15h &#8211; Inspira\u00e7\u00f5es para comunica\u00e7\u00e3o em m\u00eddias digitais &#8211; Douglas Clayton (Casa Firjan)<\/p>\n<p style=\"font-weight: 400; text-align: justify;\">16h &#8211; Instagram para moda &#8211; Virna Santolia (Senac)<\/p>\n<p style=\"font-weight: 400; text-align: justify;\">17h &#8211; Autoconhecimento e constru\u00e7\u00e3o de identidade &#8211; Karen Porfirio (Bioextratus)<\/p>\n<p style=\"font-weight: 400; text-align: justify;\">18h &#8211; &#8220;Voc\u00ea \u00e9 um empres\u00e1rio? um empreendedor? Que bicho voc\u00ea \u00e9?&#8221; &#8211; Jorge Rocha<\/p>\n<p style=\"font-weight: 400; text-align: justify;\">18h30 &#8211; VMS Cuecas: Como uma abordagem criativa soluciona desafios &#8211; Priscila Franco (Ag\u00eancia Observatorio)<\/p>\n<p style=\"font-weight: 400; text-align: justify;\">19h30 &#8211; Moda e Representatividade &#8211; Nicole Nagel e Liana Duque (Procompi, CNI e Sebrae)<\/p>\n<p style=\"font-weight: 400; text-align: justify;\"><strong>14\/07 \u2013 Domingo<\/strong><\/p>\n<p style=\"font-weight: 400; text-align: justify;\">13h &#8211; Venda al\u00e9m da loja &#8211; M\u00eddias Digitais &#8211; F\u00e1bio Monnerat (Procompi, CNI e Sebrae)<\/p>\n<p style=\"font-weight: 400; text-align: justify;\">14h &#8211; Produ\u00e7\u00e3o Executiva de moda &#8211; Natalia Nunes (Procompi, CNI, Sebrae)<\/p>\n<p style=\"font-weight: 400; text-align: justify;\">15h &#8211; Pensando futuros poss\u00edveis: cen\u00e1rios e tend\u00eancias &#8211; Nathalia Coelho (Casa Firjan)<\/p>\n<p style=\"font-weight: 400; text-align: justify;\">16h &#8211; Como construir marcas de moda em tempos de crise &#8211; F\u00e1bio Monnerat (Procompi, CNI e Sebrae)<\/p>\n<p style=\"font-weight: 400; text-align: justify;\">17h &#8211; N\u00e3o ofere\u00e7a carne para veganos &#8211; Marketing Digital Estrat\u00e9gico &#8211; Weslen Ruiz<\/p>\n<p style=\"font-weight: 400; text-align: justify;\"><strong>SERVI\u00c7O<\/strong>:<\/p>\n<p style=\"font-weight: 400; text-align: justify;\">Fevest Fest Show<\/p>\n<p style=\"font-weight: 400; text-align: justify;\">Local: Country Clube de Nova Friburgo (Avenida Conselheiro J\u00falius Arp, n\u00famero 140, Centro)<\/p>\n<p style=\"font-weight: 400; text-align: justify;\">Data: de 10 a 14 de julho<\/p>\n<p style=\"font-weight: 400; text-align: justify;\">Hor\u00e1rio: das 13h \u00e0s 20h<\/p>\n<p style=\"font-weight: 400; text-align: justify;\">Entrada: 10, 11 e 12 credenciamento gratuito | 13 e 14 outlet aberto ao p\u00fablico no valor de R$ 3,00.<\/p>\n<p style=\"font-weight: 400; text-align: justify;\">Mais informa\u00e7\u00f5es:<span style=\"color: #0000ff;\">\u00a0<a style=\"color: #0000ff;\" href=\"http:\/\/www.fevest.com.br\/\">www.fevest.com.br<\/a><\/span><\/p>\n<p>Fonte: imprensa\/FIRJAN<\/p>\n<p style=\"font-weight: 400; text-align: justify;\">\n<p style=\"font-weight: 400; text-align: justify;\">\n","protected":false},"excerpt":{"rendered":"<p>Julho, 2019 &#8211; Este ano, quem for \u00e0 Fevest Show 2019, de 10 a 14 de julho, das 13h \u00e0s 20h, em Nova Friburgo, poder\u00e1 assistir a mais de 30 palestras gratuitas na Arena Firjan, um novo espa\u00e7o de 170 m\u00b2 na mais importante feira de moda \u00edntima, praia, fitness e mat\u00e9ria-prima do pa\u00eds. As [&hellip;]<\/p>\n","protected":false},"author":1,"featured_media":12081,"comment_status":"open","ping_status":"open","sticky":false,"template":"","format":"standard","meta":{"_uag_custom_page_level_css":"","footnotes":""},"categories":[27],"tags":[16766,16764,16768,16770,16765,16771,16767,16769,9202,10118,10873,16763],"class_list":["post-12080","post","type-post","status-publish","format-standard","has-post-thumbnail","hentry","category-acontece","tag-espaco-da-moda-da-firjan-senai","tag-fevest-show-2019","tag-fitness-e-materia-prima","tag-moda-movimenta-turismo-na-regiao-serrana","tag-moda-negocios-mais-importante-do-centro-norte-fluminense","tag-moda-vendas-do-setor-vestuario-cresce-no-brasil","tag-moda-intima","tag-nova-friburgo-rj","tag-praia","tag-regiao-serrana","tag-senai","tag-senai-cetiqt"],"blocksy_meta":[],"spectra_blocks_featured_image_url":{"thumbnail":{"url":"https:\/\/construcaocivil.siriusmarketingedesign.com.br\/wp-content\/uploads\/2019\/07\/Alunos-da-Firjan-SENAI-criadores-das-pe\u00e7as-acompanharam-modelo-na-passarela-da-Fevest-2018-150x150.jpg","width":150,"height":150},"medium":{"url":"https:\/\/construcaocivil.siriusmarketingedesign.com.br\/wp-content\/uploads\/2019\/07\/Alunos-da-Firjan-SENAI-criadores-das-pe\u00e7as-acompanharam-modelo-na-passarela-da-Fevest-2018-300x200.jpg","width":300,"height":200},"medium_large":{"url":"https:\/\/construcaocivil.siriusmarketingedesign.com.br\/wp-content\/uploads\/2019\/07\/Alunos-da-Firjan-SENAI-criadores-das-pe\u00e7as-acompanharam-modelo-na-passarela-da-Fevest-2018-768x513.jpg","width":768,"height":513},"large":{"url":"https:\/\/construcaocivil.siriusmarketingedesign.com.br\/wp-content\/uploads\/2019\/07\/Alunos-da-Firjan-SENAI-criadores-das-pe\u00e7as-acompanharam-modelo-na-passarela-da-Fevest-2018-1024x684.jpg","width":1024,"height":684},"full":{"url":"https:\/\/construcaocivil.siriusmarketingedesign.com.br\/wp-content\/uploads\/2019\/07\/Alunos-da-Firjan-SENAI-criadores-das-pe\u00e7as-acompanharam-modelo-na-passarela-da-Fevest-2018.jpg","width":2900,"height":1936}},"spectra_blocks_author_info":{"display_name":"Jornal da Constru\u00e7\u00e3o Civil","avatar_url":"https:\/\/secure.gravatar.com\/avatar\/973c9774fd44ddaceb026973c4962faa70fc512bc4c9da68e8ebb40fecee6540?s=96&d=mm&r=g","author_link":"https:\/\/construcaocivil.siriusmarketingedesign.com.br\/?author=1","description":"Desde de 2013, levando muitas informa\u00e7\u00f5es, lan\u00e7amentos e produtos de qualidade para toda cadeia produtiva da constru\u00e7\u00e3o. O Futuro da constru\u00e7\u00e3o passa por aqui,"},"uagb_featured_image_src":{"full":["https:\/\/construcaocivil.siriusmarketingedesign.com.br\/wp-content\/uploads\/2019\/07\/Alunos-da-Firjan-SENAI-criadores-das-pe\u00e7as-acompanharam-modelo-na-passarela-da-Fevest-2018.jpg",2900,1936,false],"thumbnail":["https:\/\/construcaocivil.siriusmarketingedesign.com.br\/wp-content\/uploads\/2019\/07\/Alunos-da-Firjan-SENAI-criadores-das-pe\u00e7as-acompanharam-modelo-na-passarela-da-Fevest-2018-150x150.jpg",150,150,true],"medium":["https:\/\/construcaocivil.siriusmarketingedesign.com.br\/wp-content\/uploads\/2019\/07\/Alunos-da-Firjan-SENAI-criadores-das-pe\u00e7as-acompanharam-modelo-na-passarela-da-Fevest-2018-300x200.jpg",300,200,true],"medium_large":["https:\/\/construcaocivil.siriusmarketingedesign.com.br\/wp-content\/uploads\/2019\/07\/Alunos-da-Firjan-SENAI-criadores-das-pe\u00e7as-acompanharam-modelo-na-passarela-da-Fevest-2018-768x513.jpg",768,513,true],"large":["https:\/\/construcaocivil.siriusmarketingedesign.com.br\/wp-content\/uploads\/2019\/07\/Alunos-da-Firjan-SENAI-criadores-das-pe\u00e7as-acompanharam-modelo-na-passarela-da-Fevest-2018-1024x684.jpg",1024,684,true],"1536x1536":["https:\/\/construcaocivil.siriusmarketingedesign.com.br\/wp-content\/uploads\/2019\/07\/Alunos-da-Firjan-SENAI-criadores-das-pe\u00e7as-acompanharam-modelo-na-passarela-da-Fevest-2018.jpg",1536,1025,false],"2048x2048":["https:\/\/construcaocivil.siriusmarketingedesign.com.br\/wp-content\/uploads\/2019\/07\/Alunos-da-Firjan-SENAI-criadores-das-pe\u00e7as-acompanharam-modelo-na-passarela-da-Fevest-2018.jpg",2048,1367,false]},"uagb_author_info":{"display_name":"Jornal da Constru\u00e7\u00e3o Civil","author_link":"https:\/\/construcaocivil.siriusmarketingedesign.com.br\/?author=1"},"uagb_comment_info":0,"uagb_excerpt":"Julho, 2019 &#8211; Este ano, quem for \u00e0 Fevest Show 2019, de 10 a 14 de julho, das 13h \u00e0s 20h, em Nova Friburgo, poder\u00e1 assistir a mais de 30 palestras gratuitas na Arena Firjan, um novo espa\u00e7o de 170 m\u00b2 na mais importante feira de moda \u00edntima, praia, fitness e mat\u00e9ria-prima do pa\u00eds. As&hellip;","_links":{"self":[{"href":"https:\/\/construcaocivil.siriusmarketingedesign.com.br\/index.php?rest_route=\/wp\/v2\/posts\/12080","targetHints":{"allow":["GET"]}}],"collection":[{"href":"https:\/\/construcaocivil.siriusmarketingedesign.com.br\/index.php?rest_route=\/wp\/v2\/posts"}],"about":[{"href":"https:\/\/construcaocivil.siriusmarketingedesign.com.br\/index.php?rest_route=\/wp\/v2\/types\/post"}],"author":[{"embeddable":true,"href":"https:\/\/construcaocivil.siriusmarketingedesign.com.br\/index.php?rest_route=\/wp\/v2\/users\/1"}],"replies":[{"embeddable":true,"href":"https:\/\/construcaocivil.siriusmarketingedesign.com.br\/index.php?rest_route=%2Fwp%2Fv2%2Fcomments&post=12080"}],"version-history":[{"count":0,"href":"https:\/\/construcaocivil.siriusmarketingedesign.com.br\/index.php?rest_route=\/wp\/v2\/posts\/12080\/revisions"}],"wp:featuredmedia":[{"embeddable":true,"href":"https:\/\/construcaocivil.siriusmarketingedesign.com.br\/index.php?rest_route=\/wp\/v2\/media\/12081"}],"wp:attachment":[{"href":"https:\/\/construcaocivil.siriusmarketingedesign.com.br\/index.php?rest_route=%2Fwp%2Fv2%2Fmedia&parent=12080"}],"wp:term":[{"taxonomy":"category","embeddable":true,"href":"https:\/\/construcaocivil.siriusmarketingedesign.com.br\/index.php?rest_route=%2Fwp%2Fv2%2Fcategories&post=12080"},{"taxonomy":"post_tag","embeddable":true,"href":"https:\/\/construcaocivil.siriusmarketingedesign.com.br\/index.php?rest_route=%2Fwp%2Fv2%2Ftags&post=12080"}],"curies":[{"name":"wp","href":"https:\/\/api.w.org\/{rel}","templated":true}]}}