{"id":12093,"date":"2019-07-11T12:29:01","date_gmt":"2019-07-11T15:29:01","guid":{"rendered":"https:\/\/www.jornaldaconstrucaocivil.com.br\/?p=12093"},"modified":"2019-07-12T10:22:56","modified_gmt":"2019-07-12T13:22:56","slug":"25-bilhoes-em-emendas-parlamentares-garantiu-379-votos-para-aprovacao-da-reforma-da-previdencia-capitalizacao-ficou-de-fora","status":"publish","type":"post","link":"https:\/\/construcaocivil.siriusmarketingedesign.com.br\/?p=12093","title":{"rendered":"R$ 2,5 bilh\u00f5es em emendas parlamentares garantiu 379 votos para aprova\u00e7\u00e3o da Reforma da Previd\u00eancia. Capitaliza\u00e7\u00e3o ficou de fora."},"content":{"rendered":"<p><span style=\"color: #993300;\">Julho, 2019<\/span> &#8211; Apesar da luta da oposi\u00e7\u00e3o que deu 131 votos contra o texto base da Reforma da Previd\u00eancia, o governo levou ou melhor o mercado financeiro saiu vitorioso. Reforma aprovada e agora \u00e9 esperar os supostos investimentos?<\/p>\n<p>No dia de hoje(11), os deputados voltam ao plen\u00e1rio da c\u00e2mera para analisar os destaque do texto base. Destaque na condu\u00e7\u00e3o do pleito, o deputado Rodrigo Mais(DEM-RJ), chorou ao final da vota\u00e7\u00e3o ao se emocionar com rito democr\u00e1tico da vota\u00e7\u00e3o.<\/p>\n<p>De fato, j\u00e1 tivemos a Reforma Trabalhista (governo Temer), que n\u00e3o deu sinal positivo na economia e nem gerou os milh\u00f5es de empregos de volta aos brasileiros e para botar \u201cterror\u201d no cidad\u00e3o brasileiro, a aposentadoria \u2013 patrim\u00f4nio dos brasileiros humildes foi atacada. Veremos no futuro o resultado. Vamos aguardar a Reforma Tribut\u00e1ria.<\/p>\n<p>Em rela\u00e7\u00e3o ao bloco de oposi\u00e7\u00e3o, mesmo tendo apresentado um papel importante no debate e vota\u00e7\u00e3o da Reforma da previd\u00eancia, a esquerda precisa urgentemente renovar suas estrat\u00e9gias de comunica\u00e7\u00e3o. Esquerda acorda !<\/p>\n<p>Segue detalhes do texto base da Reforma da Previd\u00eancia:<\/p>\n<p><span style=\"color: #0000ff;\"><a style=\"color: #0000ff;\" href=\"https:\/\/www2.camara.leg.br\/camaranoticias\/noticias\/TRABALHO-E-PREVIDENCIA\/578373-CONFIRA-OS-PRINCIPAIS-PONTOS-DA-REFORMA-DA-PREVIDENCIA,-APOS-ALTERACOES-DO-RELATOR.html\" target=\"_blank\" rel=\"noopener noreferrer\">Veja os principais pontos do texto-base aprovado;<\/a><\/span><\/p>\n<p>Segue lista dos deputados que votaram na Reforma:<\/p>\n<p><span style=\"color: #0000ff;\">\u00a0<a style=\"color: #0000ff;\" href=\"https:\/\/www2.camara.leg.br\/camaranoticias\/noticias\/TRABALHO-E-PREVIDENCIA\/579883-VEJA-COMO-OS-DEPUTADOS-VOTARAM-NO-TEXTO-BASE-DA-REFORMA-DA-PREVIDENCIA.html\" target=\"_blank\" rel=\"noopener noreferrer\">Veja como os deputados votaram no texto-base da reforma da Previd\u00eancia<\/a><\/span><\/p>\n","protected":false},"excerpt":{"rendered":"<p>Julho, 2019 &#8211; Apesar da luta da oposi\u00e7\u00e3o que deu 131 votos contra o texto base da Reforma da Previd\u00eancia, o governo levou ou melhor o mercado financeiro saiu vitorioso. Reforma aprovada e agora \u00e9 esperar os supostos investimentos? No dia de hoje(11), os deputados voltam ao plen\u00e1rio da c\u00e2mera para analisar os destaque do [&hellip;]<\/p>\n","protected":false},"author":1,"featured_media":12094,"comment_status":"open","ping_status":"open","sticky":false,"template":"","format":"standard","meta":{"_uag_custom_page_level_css":"","footnotes":""},"categories":[27],"tags":[1574,16797,16800,6310,16799,16802,16796,16798,16801],"class_list":["post-12093","post","type-post","status-publish","format-standard","has-post-thumbnail","hentry","category-acontece","tag-brasilia-df","tag-capitalizacao-e-bpc-estao-fora-da-reforma","tag-estados-e-municipios-estao-fora-de-fora-da-reforma","tag-investimentos","tag-mercado-financeiro-reforma-da-previdencia","tag-reforma-da-previdencia-nao-trara-os-investimentos","tag-reforma-previdencia-emendas-parlamentares","tag-rodrigo-maia","tag-trabalhadores-aposentadorias-mexidas"],"blocksy_meta":[],"spectra_blocks_featured_image_url":{"thumbnail":{"url":"https:\/\/construcaocivil.siriusmarketingedesign.com.br\/wp-content\/uploads\/2019\/07\/iRODRIGO-MAIA-150x150.jpg","width":150,"height":150},"medium":{"url":"https:\/\/construcaocivil.siriusmarketingedesign.com.br\/wp-content\/uploads\/2019\/07\/iRODRIGO-MAIA-300x202.jpg","width":300,"height":202},"medium_large":{"url":"https:\/\/construcaocivil.siriusmarketingedesign.com.br\/wp-content\/uploads\/2019\/07\/iRODRIGO-MAIA-768x516.jpg","width":768,"height":516},"large":{"url":"https:\/\/construcaocivil.siriusmarketingedesign.com.br\/wp-content\/uploads\/2019\/07\/iRODRIGO-MAIA.jpg","width":1000,"height":672},"full":{"url":"https:\/\/construcaocivil.siriusmarketingedesign.com.br\/wp-content\/uploads\/2019\/07\/iRODRIGO-MAIA.jpg","width":1000,"height":672}},"spectra_blocks_author_info":{"display_name":"Jornal da Constru\u00e7\u00e3o Civil","avatar_url":"https:\/\/secure.gravatar.com\/avatar\/973c9774fd44ddaceb026973c4962faa70fc512bc4c9da68e8ebb40fecee6540?s=96&d=mm&r=g","author_link":"https:\/\/construcaocivil.siriusmarketingedesign.com.br\/?author=1","description":"Desde de 2013, levando muitas informa\u00e7\u00f5es, lan\u00e7amentos e produtos de qualidade para toda cadeia produtiva da constru\u00e7\u00e3o. O Futuro da constru\u00e7\u00e3o passa por aqui,"},"uagb_featured_image_src":{"full":["https:\/\/construcaocivil.siriusmarketingedesign.com.br\/wp-content\/uploads\/2019\/07\/iRODRIGO-MAIA.jpg",1000,672,false],"thumbnail":["https:\/\/construcaocivil.siriusmarketingedesign.com.br\/wp-content\/uploads\/2019\/07\/iRODRIGO-MAIA-150x150.jpg",150,150,true],"medium":["https:\/\/construcaocivil.siriusmarketingedesign.com.br\/wp-content\/uploads\/2019\/07\/iRODRIGO-MAIA-300x202.jpg",300,202,true],"medium_large":["https:\/\/construcaocivil.siriusmarketingedesign.com.br\/wp-content\/uploads\/2019\/07\/iRODRIGO-MAIA-768x516.jpg",768,516,true],"large":["https:\/\/construcaocivil.siriusmarketingedesign.com.br\/wp-content\/uploads\/2019\/07\/iRODRIGO-MAIA.jpg",1000,672,false],"1536x1536":["https:\/\/construcaocivil.siriusmarketingedesign.com.br\/wp-content\/uploads\/2019\/07\/iRODRIGO-MAIA.jpg",1000,672,false],"2048x2048":["https:\/\/construcaocivil.siriusmarketingedesign.com.br\/wp-content\/uploads\/2019\/07\/iRODRIGO-MAIA.jpg",1000,672,false]},"uagb_author_info":{"display_name":"Jornal da Constru\u00e7\u00e3o Civil","author_link":"https:\/\/construcaocivil.siriusmarketingedesign.com.br\/?author=1"},"uagb_comment_info":0,"uagb_excerpt":"Julho, 2019 &#8211; Apesar da luta da oposi\u00e7\u00e3o que deu 131 votos contra o texto base da Reforma da Previd\u00eancia, o governo levou ou melhor o mercado financeiro saiu vitorioso. Reforma aprovada e agora \u00e9 esperar os supostos investimentos? No dia de hoje(11), os deputados voltam ao plen\u00e1rio da c\u00e2mera para analisar os destaque do&hellip;","_links":{"self":[{"href":"https:\/\/construcaocivil.siriusmarketingedesign.com.br\/index.php?rest_route=\/wp\/v2\/posts\/12093","targetHints":{"allow":["GET"]}}],"collection":[{"href":"https:\/\/construcaocivil.siriusmarketingedesign.com.br\/index.php?rest_route=\/wp\/v2\/posts"}],"about":[{"href":"https:\/\/construcaocivil.siriusmarketingedesign.com.br\/index.php?rest_route=\/wp\/v2\/types\/post"}],"author":[{"embeddable":true,"href":"https:\/\/construcaocivil.siriusmarketingedesign.com.br\/index.php?rest_route=\/wp\/v2\/users\/1"}],"replies":[{"embeddable":true,"href":"https:\/\/construcaocivil.siriusmarketingedesign.com.br\/index.php?rest_route=%2Fwp%2Fv2%2Fcomments&post=12093"}],"version-history":[{"count":0,"href":"https:\/\/construcaocivil.siriusmarketingedesign.com.br\/index.php?rest_route=\/wp\/v2\/posts\/12093\/revisions"}],"wp:featuredmedia":[{"embeddable":true,"href":"https:\/\/construcaocivil.siriusmarketingedesign.com.br\/index.php?rest_route=\/wp\/v2\/media\/12094"}],"wp:attachment":[{"href":"https:\/\/construcaocivil.siriusmarketingedesign.com.br\/index.php?rest_route=%2Fwp%2Fv2%2Fmedia&parent=12093"}],"wp:term":[{"taxonomy":"category","embeddable":true,"href":"https:\/\/construcaocivil.siriusmarketingedesign.com.br\/index.php?rest_route=%2Fwp%2Fv2%2Fcategories&post=12093"},{"taxonomy":"post_tag","embeddable":true,"href":"https:\/\/construcaocivil.siriusmarketingedesign.com.br\/index.php?rest_route=%2Fwp%2Fv2%2Ftags&post=12093"}],"curies":[{"name":"wp","href":"https:\/\/api.w.org\/{rel}","templated":true}]}}