{"id":12101,"date":"2019-07-12T11:32:13","date_gmt":"2019-07-12T14:32:13","guid":{"rendered":"https:\/\/www.jornaldaconstrucaocivil.com.br\/?p=12101"},"modified":"2019-07-12T11:32:13","modified_gmt":"2019-07-12T14:32:13","slug":"grupo-prysmian-inaugura-no-brasil-sua-nova-sede-para-a-america-latina","status":"publish","type":"post","link":"https:\/\/construcaocivil.siriusmarketingedesign.com.br\/?p=12101","title":{"rendered":"Grupo Prysmian inaugura no Brasil sua nova sede para a Am\u00e9rica Latina"},"content":{"rendered":"<p style=\"text-align: justify;\"><span style=\"color: #993300;\">Julho, 2019<\/span> &#8211; O Grupo Prysmian, l\u00edder mundial em cabos e sistemas de energia e de telecomunica\u00e7\u00f5es, inaugura oficialmente sua nova sede para a Am\u00e9rica Latina na cidade de Sorocaba, interior de S\u00e3o Paulo, na quarta-feira, dia 10 de julho. Para celebrar a ocasi\u00e3o, o CEO Global Valerio Battista e executivos da empresa reuniram-se no Brasil para conhecer as novas instala\u00e7\u00f5es que, a partir de agora, concentram as opera\u00e7\u00f5es administrativas do grupo na regi\u00e3o.<\/p>\n<figure id=\"attachment_12103\" aria-describedby=\"caption-attachment-12103\" style=\"width: 300px\" class=\"wp-caption alignleft\"><img loading=\"lazy\" decoding=\"async\" class=\"size-medium wp-image-12103\" src=\"https:\/\/www.jornaldaconstrucaocivil.com.br\/wp-content\/uploads\/2019\/07\/PRYSMAN-TERRA-300x200.jpg\" alt=\"\" width=\"300\" height=\"200\" srcset=\"https:\/\/construcaocivil.siriusmarketingedesign.com.br\/wp-content\/uploads\/2019\/07\/PRYSMAN-TERRA-300x200.jpg 300w, https:\/\/construcaocivil.siriusmarketingedesign.com.br\/wp-content\/uploads\/2019\/07\/PRYSMAN-TERRA-450x300.jpg 450w, https:\/\/construcaocivil.siriusmarketingedesign.com.br\/wp-content\/uploads\/2019\/07\/PRYSMAN-TERRA.jpg 640w\" sizes=\"auto, (max-width: 300px) 100vw, 300px\" \/><figcaption id=\"caption-attachment-12103\" class=\"wp-caption-text\">Da esquerda para a direita: Val\u00e9rio Batista e Juan Mogollon<\/figcaption><\/figure>\n<p style=\"text-align: justify;\">Na ocasi\u00e3o, cerca de 400 colaboradores participaram de uma cerim\u00f4nia de inaugura\u00e7\u00e3o formal do novo Centro de Excel\u00eancia que contou com breves discursos do CEO Global, Val\u00e9rio Batista, e tamb\u00e9m do CEO Latam, Juan Mogollon, seguido do descerramento de um grande painel de aproximadamente 600 m\u00b2 localizado na face externa do novo Centro de Distribui\u00e7\u00e3o.<\/p>\n<p>O dia ainda contou com uma confer\u00eancia de imprensa e um grande evento dedicado aos principais clientes do grupo na Am\u00e9rica Latina. O ponto alto do evento foi um painel com a participa\u00e7\u00e3o de especialistas dos setores de energia e telecomunica\u00e7\u00f5es que discutiu a evolu\u00e7\u00e3o desses setores frente aos desafios econ\u00f4micos e tecnol\u00f3gicos.<\/p>\n<p style=\"text-align: justify;\">Nesse projeto, chamado de Projeto +90, em alus\u00e3o aos 90 anos da empresa no Brasil, tamb\u00e9m comemorados na ocasi\u00e3o, o Grupo Prysmian investiu cerca de R$ 150 milh\u00f5es na expans\u00e3o de duas de suas sete unidades no pa\u00eds, Sorocaba e Po\u00e7os de Caldas. Na unidade de Sorocaba, localizada no bairro do Eden, o grupo, investiu na amplia\u00e7\u00e3o e moderniza\u00e7\u00e3o de linhas de produ\u00e7\u00e3o destinadas a cabos de energia, cabos \u00f3pticos e met\u00e1licos para transmiss\u00e3o de dados e cabos especiais para a ind\u00fastria automotiva e na constru\u00e7\u00e3o de um novo centro de distribui\u00e7\u00e3o. A unidade tamb\u00e9m passa a ser o novo Centro de Excel\u00eancia para a Am\u00e9rica Latina, que conta com um laborat\u00f3rio refer\u00eancia em Pesquisa e Desenvolvimento nas \u00e1reas de energia e telecomunica\u00e7\u00f5es e um novo edif\u00edcio administrativo. O acr\u00e9scimo em \u00e1rea constru\u00edda nessa unidade chega a 23 mil m\u00b2.<\/p>\n<figure id=\"attachment_12104\" aria-describedby=\"caption-attachment-12104\" style=\"width: 300px\" class=\"wp-caption alignright\"><img loading=\"lazy\" decoding=\"async\" class=\"size-medium wp-image-12104\" src=\"https:\/\/www.jornaldaconstrucaocivil.com.br\/wp-content\/uploads\/2019\/07\/FABRICA-OK-300x200.jpg\" alt=\"\" width=\"300\" height=\"200\" srcset=\"https:\/\/construcaocivil.siriusmarketingedesign.com.br\/wp-content\/uploads\/2019\/07\/FABRICA-OK-300x200.jpg 300w, https:\/\/construcaocivil.siriusmarketingedesign.com.br\/wp-content\/uploads\/2019\/07\/FABRICA-OK-450x300.jpg 450w, https:\/\/construcaocivil.siriusmarketingedesign.com.br\/wp-content\/uploads\/2019\/07\/FABRICA-OK.jpg 640w\" sizes=\"auto, (max-width: 300px) 100vw, 300px\" \/><figcaption id=\"caption-attachment-12104\" class=\"wp-caption-text\">Nova sede do Grupo Prysmian na Am\u00e9rica Latina. Divulga\u00e7\u00e3o<\/figcaption><\/figure>\n<p style=\"text-align: justify;\">O edif\u00edcio, cujo projeto de linhas contempor\u00e2neas, com amplas janelas e espa\u00e7os que engajam a integra\u00e7\u00e3o e conviv\u00eancia, inspirou-se nas solu\u00e7\u00f5es de conectividade, sustentabilidade e layout de seu equivalente na matriz em Mil\u00e3o na It\u00e1lia, e pode acomodar at\u00e9 340 colaboradores. O edif\u00edcio abrigar\u00e1 todo o corpo administrativo tanto para a Am\u00e9rica Latina quanto para o Brasil.<\/p>\n<p style=\"text-align: justify;\">O Grupo escolheu a cidade de Sorocaba por estrategicamente estar mais pr\u00f3xima do principal mercado da companhia na regi\u00e3o. Em 2018, no Brasil, o faturamento atingiu cerca de R$ 1,9 bilh\u00f5es l\u00edquidos.<\/p>\n<p><strong>Prysmian Group<\/strong><\/p>\n<p><span style=\"color: #0000ff;\"><a style=\"color: #0000ff;\" href=\"https:\/\/ydigeatretiedenarusis.i-mpr.com\/link.php?code=bDpodHRwJTNBJTJGJTJGYnIucHJ5c21pYW5ncm91cC5jb20lMkY6OTgyNzE0MDM5OnJlZGFjYW9Aam9ybmFsZGFjb25zdHJ1Y2FvY2l2aWwuY29tLmJyOjZkNzU4MQ==\" target=\"_blank\" rel=\"noopener noreferrer\">br.prysmiangroup.com<\/a><\/span><\/p>\n<p>Fonte: Imprensa\/ Prysmia Group<\/p>\n","protected":false},"excerpt":{"rendered":"<p>Julho, 2019 &#8211; O Grupo Prysmian, l\u00edder mundial em cabos e sistemas de energia e de telecomunica\u00e7\u00f5es, inaugura oficialmente sua nova sede para a Am\u00e9rica Latina na cidade de Sorocaba, interior de S\u00e3o Paulo, na quarta-feira, dia 10 de julho. Para celebrar a ocasi\u00e3o, o CEO Global Valerio Battista e executivos da empresa reuniram-se no [&hellip;]<\/p>\n","protected":false},"author":1,"featured_media":12102,"comment_status":"open","ping_status":"open","sticky":false,"template":"","format":"standard","meta":{"_uag_custom_page_level_css":"","footnotes":""},"categories":[33],"tags":[16804,16806,16803,16807,16805,11379,11569],"class_list":["post-12101","post","type-post","status-publish","format-standard","has-post-thumbnail","hentry","category-mercado","tag-cabos-e-sistemas-de-energia","tag-cabos-para-sistemas-de-telecomunicacoes","tag-grupo-prysmian-cabos-e-sistemas-de-energia-e-de-telecomunicacoes","tag-nova-fabrica-da-prysmian","tag-prysmian-projeto-90","tag-sorocaba-sp","tag-tecnologia"],"blocksy_meta":[],"spectra_blocks_featured_image_url":{"thumbnail":{"url":"https:\/\/construcaocivil.siriusmarketingedesign.com.br\/wp-content\/uploads\/2019\/07\/PRYSMAM-150x150.jpg","width":150,"height":150},"medium":{"url":"https:\/\/construcaocivil.siriusmarketingedesign.com.br\/wp-content\/uploads\/2019\/07\/PRYSMAM-300x200.jpg","width":300,"height":200},"medium_large":{"url":"https:\/\/construcaocivil.siriusmarketingedesign.com.br\/wp-content\/uploads\/2019\/07\/PRYSMAM.jpg","width":640,"height":427},"large":{"url":"https:\/\/construcaocivil.siriusmarketingedesign.com.br\/wp-content\/uploads\/2019\/07\/PRYSMAM.jpg","width":640,"height":427},"full":{"url":"https:\/\/construcaocivil.siriusmarketingedesign.com.br\/wp-content\/uploads\/2019\/07\/PRYSMAM.jpg","width":640,"height":427}},"spectra_blocks_author_info":{"display_name":"Jornal da Constru\u00e7\u00e3o Civil","avatar_url":"https:\/\/secure.gravatar.com\/avatar\/973c9774fd44ddaceb026973c4962faa70fc512bc4c9da68e8ebb40fecee6540?s=96&d=mm&r=g","author_link":"https:\/\/construcaocivil.siriusmarketingedesign.com.br\/?author=1","description":"Desde de 2013, levando muitas informa\u00e7\u00f5es, lan\u00e7amentos e produtos de qualidade para toda cadeia produtiva da constru\u00e7\u00e3o. O Futuro da constru\u00e7\u00e3o passa por aqui,"},"uagb_featured_image_src":{"full":["https:\/\/construcaocivil.siriusmarketingedesign.com.br\/wp-content\/uploads\/2019\/07\/PRYSMAM.jpg",640,427,false],"thumbnail":["https:\/\/construcaocivil.siriusmarketingedesign.com.br\/wp-content\/uploads\/2019\/07\/PRYSMAM-150x150.jpg",150,150,true],"medium":["https:\/\/construcaocivil.siriusmarketingedesign.com.br\/wp-content\/uploads\/2019\/07\/PRYSMAM-300x200.jpg",300,200,true],"medium_large":["https:\/\/construcaocivil.siriusmarketingedesign.com.br\/wp-content\/uploads\/2019\/07\/PRYSMAM.jpg",640,427,false],"large":["https:\/\/construcaocivil.siriusmarketingedesign.com.br\/wp-content\/uploads\/2019\/07\/PRYSMAM.jpg",640,427,false],"1536x1536":["https:\/\/construcaocivil.siriusmarketingedesign.com.br\/wp-content\/uploads\/2019\/07\/PRYSMAM.jpg",640,427,false],"2048x2048":["https:\/\/construcaocivil.siriusmarketingedesign.com.br\/wp-content\/uploads\/2019\/07\/PRYSMAM.jpg",640,427,false]},"uagb_author_info":{"display_name":"Jornal da Constru\u00e7\u00e3o Civil","author_link":"https:\/\/construcaocivil.siriusmarketingedesign.com.br\/?author=1"},"uagb_comment_info":0,"uagb_excerpt":"Julho, 2019 &#8211; O Grupo Prysmian, l\u00edder mundial em cabos e sistemas de energia e de telecomunica\u00e7\u00f5es, inaugura oficialmente sua nova sede para a Am\u00e9rica Latina na cidade de Sorocaba, interior de S\u00e3o Paulo, na quarta-feira, dia 10 de julho. Para celebrar a ocasi\u00e3o, o CEO Global Valerio Battista e executivos da empresa reuniram-se no&hellip;","_links":{"self":[{"href":"https:\/\/construcaocivil.siriusmarketingedesign.com.br\/index.php?rest_route=\/wp\/v2\/posts\/12101","targetHints":{"allow":["GET"]}}],"collection":[{"href":"https:\/\/construcaocivil.siriusmarketingedesign.com.br\/index.php?rest_route=\/wp\/v2\/posts"}],"about":[{"href":"https:\/\/construcaocivil.siriusmarketingedesign.com.br\/index.php?rest_route=\/wp\/v2\/types\/post"}],"author":[{"embeddable":true,"href":"https:\/\/construcaocivil.siriusmarketingedesign.com.br\/index.php?rest_route=\/wp\/v2\/users\/1"}],"replies":[{"embeddable":true,"href":"https:\/\/construcaocivil.siriusmarketingedesign.com.br\/index.php?rest_route=%2Fwp%2Fv2%2Fcomments&post=12101"}],"version-history":[{"count":0,"href":"https:\/\/construcaocivil.siriusmarketingedesign.com.br\/index.php?rest_route=\/wp\/v2\/posts\/12101\/revisions"}],"wp:featuredmedia":[{"embeddable":true,"href":"https:\/\/construcaocivil.siriusmarketingedesign.com.br\/index.php?rest_route=\/wp\/v2\/media\/12102"}],"wp:attachment":[{"href":"https:\/\/construcaocivil.siriusmarketingedesign.com.br\/index.php?rest_route=%2Fwp%2Fv2%2Fmedia&parent=12101"}],"wp:term":[{"taxonomy":"category","embeddable":true,"href":"https:\/\/construcaocivil.siriusmarketingedesign.com.br\/index.php?rest_route=%2Fwp%2Fv2%2Fcategories&post=12101"},{"taxonomy":"post_tag","embeddable":true,"href":"https:\/\/construcaocivil.siriusmarketingedesign.com.br\/index.php?rest_route=%2Fwp%2Fv2%2Ftags&post=12101"}],"curies":[{"name":"wp","href":"https:\/\/api.w.org\/{rel}","templated":true}]}}