{"id":12106,"date":"2019-07-12T12:08:02","date_gmt":"2019-07-12T15:08:02","guid":{"rendered":"https:\/\/www.jornaldaconstrucaocivil.com.br\/?p=12106"},"modified":"2019-07-12T12:08:02","modified_gmt":"2019-07-12T15:08:02","slug":"contag-defende-o-pronera-como-politica-de-educacao-publica-estrategica-para-garantir-um-campo-com-gente","status":"publish","type":"post","link":"https:\/\/construcaocivil.siriusmarketingedesign.com.br\/?p=12106","title":{"rendered":"CONTAG defende o Pronera como pol\u00edtica de educa\u00e7\u00e3o p\u00fablica estrat\u00e9gica para garantir um campo com gente"},"content":{"rendered":"<p style=\"text-align: justify;\"><span style=\"color: #993300;\">Julho, 2019<\/span> &#8211; O <span style=\"color: #003366;\">Programa Nacional de Educa\u00e7\u00e3o na Reforma Agr\u00e1ria (Pronera)<\/span> foi tema de Audi\u00eancia P\u00fablica da Comiss\u00e3o de Educa\u00e7\u00e3o da C\u00e2mara dos Deputados, na manh\u00e3 da quinta-feira (11), requerida pelo deputado Patrus Ananias (PT-MG) e pela deputada Nat\u00e1lia Bonavides (PT-RN). A secret\u00e1ria de Pol\u00edticas Sociais da CONTAG, Edjane Rodrigues, representou a Confedera\u00e7\u00e3o e o F\u00f3rum Nacional de Educa\u00e7\u00e3o do Campo (Fonec) nesta audi\u00eancia.<\/p>\n<p style=\"text-align: justify;\">Outros(as) convidados tamb\u00e9m contribu\u00edram com informa\u00e7\u00f5es sobre Pronera e a sua import\u00e2ncia: Deborah Duprat, procuradora federal dos Direitos do Cidad\u00e3o; Clarice Aparecida dos Santos, doutora em Pol\u00edticas P\u00fablicas e professora do Curso de Licenciatura em Educa\u00e7\u00e3o do Campo da Universidade de Bras\u00edlia; Edward Madureira Brasil, reitor da Universidade Federal de Goi\u00e1s; e Maria de Jesus dos Santos Gomes, representante do Movimento dos Trabalhadores Sem Terra (MST).<\/p>\n<p style=\"text-align: justify;\">A procuradora federal dos Direitos do Cidad\u00e3o abriu as falas e fez um resgate dos avan\u00e7os nas pol\u00edticas sociais obtidos a partir da Constitui\u00e7\u00e3o Federal de 1988. \u201cSabemos que a Constitui\u00e7\u00e3o foi resultado de muitas lutas do campo e da cidade, e a luta n\u00e3o se esgota com a produ\u00e7\u00e3o de uma Constitui\u00e7\u00e3o. Tem que continuar para que as pol\u00edticas p\u00fablicas se desenvolvam. E o Pronera combina duas ideias de vis\u00e3o permanentes de luta pela reforma agr\u00e1ria e com educa\u00e7\u00e3o. Escola e luta s\u00e3o espa\u00e7os que se complementam\u201d, destaca.<\/p>\n<p style=\"text-align: justify;\">No entanto, segundo Deborah Duprat, essa pol\u00edtica vem sendo desidratada consideravelmente. Nos \u00faltimos anos, o or\u00e7amento do Pronera vem sofrendo cortes consider\u00e1veis. Passou de R$ 30 milh\u00f5es em 2014 para R$ 6 milh\u00f5es em 2019. Chamou a aten\u00e7\u00e3o, ainda, para os efeitos da Emenda Constitucional 95, levando ao desmonte da Educa\u00e7\u00e3o P\u00fablica, em especial ao Pronera. A EC 95 congela os investimentos p\u00fablicos por 20 anos e, com isso, inviabiliza tamb\u00e9m a constru\u00e7\u00e3o de uma sociedade igualit\u00e1ria, justa e a pr\u00f3pria implementa\u00e7\u00e3o da Constitui\u00e7\u00e3o Federal\u201d, ressalta.<\/p>\n<p style=\"text-align: justify;\">A secret\u00e1ria de Pol\u00edticas Sociais da CONTAG tamb\u00e9m destacou os riscos com o desmonte do Pronera, pois foi criado para superar os altos \u00edndices de analfabetismo e eleva\u00e7\u00e3o da escolaridade dos assentados da Reforma Agr\u00e1ria e do Cr\u00e9dito Fundi\u00e1rio, bem como oferecer educa\u00e7\u00e3o formal, em todos os n\u00edveis, para assentados e assentadas da reforma agr\u00e1ria. \u201c\u00c9 uma pol\u00edtica que vem dando \u00f3timos resultados ao longo dos 21 anos da sua cria\u00e7\u00e3o\u201d, avalia Edjane Rodrigues, que ainda apresentou v\u00e1rios n\u00fameros sobre o Pronera durante a audi\u00eancia.<\/p>\n<p style=\"text-align: justify;\">Entre de 1998 a 2011, conforme pesquisa II Pesquisa Nacional de Educa\u00e7\u00e3o na Reforma Agr\u00e1ria &#8211; (IPEA, 2015), foram realizados cerca de 320 cursos, em 880 munic\u00edpios (Educa\u00e7\u00e3o de Jovens e Adultos, Ensino M\u00e9dio e Ensino Superior), envolvendo 82 institui\u00e7\u00f5es de ensino, 38 organiza\u00e7\u00f5es sociais, com a participa\u00e7\u00e3o de 161.894 educandos(as) em diferentes regi\u00f5es do pa\u00eds. Neste mesmo per\u00edodo, a CONTAG mobilizou e articulou 190 cursos de todos os n\u00edveis de ensino.<\/p>\n<p style=\"text-align: justify;\">A pesquisa mostrou, ainda, in\u00fameras produ\u00e7\u00f5es de estudos e pesquisas sobre o Pronera: 260 disserta\u00e7\u00f5es de mestrado; 63 teses de doutorado; 174 monografias sobre o Pronera; 51 livros e 10 colet\u00e2neas; 94 cap\u00edtulos de livros e 469 artigos. A pesquisa tamb\u00e9m apontou a redu\u00e7\u00e3o dos \u00edndices de analfabetismo de jovens e adultos; a forma\u00e7\u00e3o t\u00e9cnica e superior em diferentes \u00e1reas do conhecimento; a aproxima\u00e7\u00e3o entre os movimentos sindicais\/sociais, academia e o Incra; e criou as bases para a implementa\u00e7\u00e3o de uma Pol\u00edtica Nacional de Educa\u00e7\u00e3o do Campo.<\/p>\n<p style=\"text-align: justify;\">\u201cPortanto, depois de avaliar esses n\u00fameros e reafirmar a import\u00e2ncia do programa, continuaremos resistentes na defesa do Pronera, que \u00e9, sobretudo, fortalecer a reforma agr\u00e1ria e a agricultura familiar. \u00c9 garantir um campo com gente, garantir a perman\u00eancia da juventude no campo, ou seja, garantir a sucess\u00e3o rural\u201d, defende a dirigente da CONTAG.<\/p>\n<p style=\"text-align: justify;\">A audi\u00eancia p\u00fablica tamb\u00e9m contou com a presen\u00e7a de representantes da FETAEG, de STTRs de Goi\u00e1s, de estudantes da Turma de Direito Fidel Castro do Pronera\/UFG e de representantes de outros movimentos sociais, que contribu\u00edram com o debate e reafirmaram a import\u00e2ncia do programa.<\/p>\n<p style=\"text-align: justify;\">A audi\u00eancia foi transmitida ao vivo. Para assistir ao v\u00eddeo, clique no link a seguir:<\/p>\n<p style=\"text-align: justify;\"><span style=\"color: #0000ff;\"><a style=\"color: #0000ff;\" href=\"https:\/\/youtu.be\/byeNqGSAcfM\" target=\"_blank\" rel=\"noopener noreferrer\">https:\/\/youtu.be\/byeNqGSAcfM<\/a><\/span><\/p>\n<p>Fonte: Imprensa\/CONTAG<\/p>\n","protected":false},"excerpt":{"rendered":"<p>Julho, 2019 &#8211; O Programa Nacional de Educa\u00e7\u00e3o na Reforma Agr\u00e1ria (Pronera) foi tema de Audi\u00eancia P\u00fablica da Comiss\u00e3o de Educa\u00e7\u00e3o da C\u00e2mara dos Deputados, na manh\u00e3 da quinta-feira (11), requerida pelo deputado Patrus Ananias (PT-MG) e pela deputada Nat\u00e1lia Bonavides (PT-RN). A secret\u00e1ria de Pol\u00edticas Sociais da CONTAG, Edjane Rodrigues, representou a Confedera\u00e7\u00e3o e [&hellip;]<\/p>\n","protected":false},"author":1,"featured_media":12107,"comment_status":"open","ping_status":"open","sticky":false,"template":"","format":"standard","meta":{"_uag_custom_page_level_css":"","footnotes":""},"categories":[27],"tags":[532,1574,16812,5990,16814,16810,16808,16811,16809,16813],"class_list":["post-12106","post","type-post","status-publish","format-standard","has-post-thumbnail","hentry","category-acontece","tag-agricultura-familiar","tag-brasilia-df","tag-confederacao-nacional-dos-trabalhadores-rurais-agricultores-e-agricultoras-familiares-contag","tag-incra","tag-investimentos-na-agricultura-familiar-no-brasil","tag-politica-nacional-de-educacao-do-campo","tag-programa-nacional-de-educacao-na-reforma-agraria-pronera","tag-reforma-agraria-e","tag-reforma-da-previdencia-produtor-rural","tag-terras-quilombolas"],"blocksy_meta":[],"spectra_blocks_featured_image_url":{"thumbnail":{"url":"https:\/\/construcaocivil.siriusmarketingedesign.com.br\/wp-content\/uploads\/2019\/07\/PRONARE-150x150.jpg","width":150,"height":150},"medium":{"url":"https:\/\/construcaocivil.siriusmarketingedesign.com.br\/wp-content\/uploads\/2019\/07\/PRONARE-300x225.jpg","width":300,"height":225},"medium_large":{"url":"https:\/\/construcaocivil.siriusmarketingedesign.com.br\/wp-content\/uploads\/2019\/07\/PRONARE.jpg","width":640,"height":480},"large":{"url":"https:\/\/construcaocivil.siriusmarketingedesign.com.br\/wp-content\/uploads\/2019\/07\/PRONARE.jpg","width":640,"height":480},"full":{"url":"https:\/\/construcaocivil.siriusmarketingedesign.com.br\/wp-content\/uploads\/2019\/07\/PRONARE.jpg","width":640,"height":480}},"spectra_blocks_author_info":{"display_name":"Jornal da Constru\u00e7\u00e3o Civil","avatar_url":"https:\/\/secure.gravatar.com\/avatar\/973c9774fd44ddaceb026973c4962faa70fc512bc4c9da68e8ebb40fecee6540?s=96&d=mm&r=g","author_link":"https:\/\/construcaocivil.siriusmarketingedesign.com.br\/?author=1","description":"Desde de 2013, levando muitas informa\u00e7\u00f5es, lan\u00e7amentos e produtos de qualidade para toda cadeia produtiva da constru\u00e7\u00e3o. O Futuro da constru\u00e7\u00e3o passa por aqui,"},"uagb_featured_image_src":{"full":["https:\/\/construcaocivil.siriusmarketingedesign.com.br\/wp-content\/uploads\/2019\/07\/PRONARE.jpg",640,480,false],"thumbnail":["https:\/\/construcaocivil.siriusmarketingedesign.com.br\/wp-content\/uploads\/2019\/07\/PRONARE-150x150.jpg",150,150,true],"medium":["https:\/\/construcaocivil.siriusmarketingedesign.com.br\/wp-content\/uploads\/2019\/07\/PRONARE-300x225.jpg",300,225,true],"medium_large":["https:\/\/construcaocivil.siriusmarketingedesign.com.br\/wp-content\/uploads\/2019\/07\/PRONARE.jpg",640,480,false],"large":["https:\/\/construcaocivil.siriusmarketingedesign.com.br\/wp-content\/uploads\/2019\/07\/PRONARE.jpg",640,480,false],"1536x1536":["https:\/\/construcaocivil.siriusmarketingedesign.com.br\/wp-content\/uploads\/2019\/07\/PRONARE.jpg",640,480,false],"2048x2048":["https:\/\/construcaocivil.siriusmarketingedesign.com.br\/wp-content\/uploads\/2019\/07\/PRONARE.jpg",640,480,false]},"uagb_author_info":{"display_name":"Jornal da Constru\u00e7\u00e3o Civil","author_link":"https:\/\/construcaocivil.siriusmarketingedesign.com.br\/?author=1"},"uagb_comment_info":0,"uagb_excerpt":"Julho, 2019 &#8211; O Programa Nacional de Educa\u00e7\u00e3o na Reforma Agr\u00e1ria (Pronera) foi tema de Audi\u00eancia P\u00fablica da Comiss\u00e3o de Educa\u00e7\u00e3o da C\u00e2mara dos Deputados, na manh\u00e3 da quinta-feira (11), requerida pelo deputado Patrus Ananias (PT-MG) e pela deputada Nat\u00e1lia Bonavides (PT-RN). A secret\u00e1ria de Pol\u00edticas Sociais da CONTAG, Edjane Rodrigues, representou a Confedera\u00e7\u00e3o e&hellip;","_links":{"self":[{"href":"https:\/\/construcaocivil.siriusmarketingedesign.com.br\/index.php?rest_route=\/wp\/v2\/posts\/12106","targetHints":{"allow":["GET"]}}],"collection":[{"href":"https:\/\/construcaocivil.siriusmarketingedesign.com.br\/index.php?rest_route=\/wp\/v2\/posts"}],"about":[{"href":"https:\/\/construcaocivil.siriusmarketingedesign.com.br\/index.php?rest_route=\/wp\/v2\/types\/post"}],"author":[{"embeddable":true,"href":"https:\/\/construcaocivil.siriusmarketingedesign.com.br\/index.php?rest_route=\/wp\/v2\/users\/1"}],"replies":[{"embeddable":true,"href":"https:\/\/construcaocivil.siriusmarketingedesign.com.br\/index.php?rest_route=%2Fwp%2Fv2%2Fcomments&post=12106"}],"version-history":[{"count":0,"href":"https:\/\/construcaocivil.siriusmarketingedesign.com.br\/index.php?rest_route=\/wp\/v2\/posts\/12106\/revisions"}],"wp:featuredmedia":[{"embeddable":true,"href":"https:\/\/construcaocivil.siriusmarketingedesign.com.br\/index.php?rest_route=\/wp\/v2\/media\/12107"}],"wp:attachment":[{"href":"https:\/\/construcaocivil.siriusmarketingedesign.com.br\/index.php?rest_route=%2Fwp%2Fv2%2Fmedia&parent=12106"}],"wp:term":[{"taxonomy":"category","embeddable":true,"href":"https:\/\/construcaocivil.siriusmarketingedesign.com.br\/index.php?rest_route=%2Fwp%2Fv2%2Fcategories&post=12106"},{"taxonomy":"post_tag","embeddable":true,"href":"https:\/\/construcaocivil.siriusmarketingedesign.com.br\/index.php?rest_route=%2Fwp%2Fv2%2Ftags&post=12106"}],"curies":[{"name":"wp","href":"https:\/\/api.w.org\/{rel}","templated":true}]}}