{"id":12113,"date":"2019-07-15T13:18:30","date_gmt":"2019-07-15T16:18:30","guid":{"rendered":"https:\/\/www.jornaldaconstrucaocivil.com.br\/?p=12113"},"modified":"2019-07-15T13:18:30","modified_gmt":"2019-07-15T16:18:30","slug":"smart-city-business-america-congress-expo-sera-palco-para-o-lancamento-do-programa-nacional-de-estrategias-para-cidades-inteligentes-sustentaveis","status":"publish","type":"post","link":"https:\/\/construcaocivil.siriusmarketingedesign.com.br\/?p=12113","title":{"rendered":"Smart City Business America Congress &#038; Expo ser\u00e1 palco para o lan\u00e7amento do Programa Nacional de Estrat\u00e9gias para Cidades Inteligentes Sustent\u00e1veis"},"content":{"rendered":"<p style=\"text-align: justify;\"><span style=\"color: #993300;\">Julho, 2019<\/span> &#8211; O Programa Nacional de Estrat\u00e9gias para Cidades Inteligentes Sustent\u00e1veis do Governo Federal ser\u00e1 respons\u00e1vel por estabelecer indicadores e metas, al\u00e9m de impulsionar solu\u00e7\u00f5es para a transforma\u00e7\u00e3o das cidades brasileiras em cidades inteligentes, adotando inova\u00e7\u00f5es tecnol\u00f3gicas, modelos e pr\u00e1ticas disruptivas, utilizadas para resolver problemas cr\u00f4nicos nas \u00e1reas de educa\u00e7\u00e3o, sa\u00fade, tr\u00e2nsito, ilumina\u00e7\u00e3o e seguran\u00e7a p\u00fablica, saneamento, coleta e tratamento de res\u00edduos, entre outros.<\/p>\n<p style=\"text-align: justify;\">O programa ser\u00e1 lan\u00e7ado em S\u00e3o Paulo no dia 23\/07, \u00e0s 14h30, pelo Secret\u00e1rio Nacional de Telecomunica\u00e7\u00f5es do MCTIC, Vitor Menezes, durante o Smart City Business Brazil Congress &amp; Expo 2019, evento a ser realizado pelo Instituto Smart City Business America no Transamerica Expo Center. Na ocasi\u00e3o estar\u00e3o reunidos prefeitos, secret\u00e1rios municipais, gestores p\u00fablicos, empres\u00e1rios e especialistas nacionais e internacionais, para debater sobre como a inova\u00e7\u00e3o tecnol\u00f3gica, de costumes ou estilo de vida, tem influenciado positivamente o desenvolvimento sustent\u00e1vel.<\/p>\n<p style=\"text-align: justify;\">No Brasil, a consolida\u00e7\u00e3o desse novo conceito de gest\u00e3o p\u00fablica ser\u00e1 coordenada pelo Minist\u00e9rio da Ci\u00eancia, Tecnologia, Inova\u00e7\u00f5es e Comunica\u00e7\u00f5es (MCTIC), \u00f3rg\u00e3o designado pela Presid\u00eancia da Rep\u00fablica para organizar e liderar a C\u00e2mara Nacional de Cidades Inteligentes, que ser\u00e1 respons\u00e1vel por reunir e congregar os interesses dos demais minist\u00e9rios e setores representativos da sociedade no que tange o desenvolvimento de Cidades Inteligentes.<\/p>\n<p><strong><span style=\"color: #993300;\">Smart City Business America Congress &amp; Expo 2019<\/span><br \/>\n<\/strong>Data: 22 a 24 de julho de 2019<br \/>\nLocal: Transamerica Expo Center &#8211; Av. Dr. M\u00e1rio Vilas Boas Rodrigues, 387 \u2013 Santo Amaro, S\u00e3o Paulo \u2013 SP<br \/>\nInforma\u00e7\u00f5es e credenciamento pelo site:<br \/>\n<span style=\"color: #0000ff;\"><a style=\"color: #0000ff;\" href=\"http:\/\/expo.scbamerica.com\/scbbr2019\" target=\"_blank\" rel=\"noopener noreferrer\">http:\/\/expo.scbamerica.com\/scbbr2019<\/a><\/span><\/p>\n<p>Fonte: Imprensa\/ Smart City Business America Congress &amp; Expo 2019<\/p>\n","protected":false},"excerpt":{"rendered":"<p>Julho, 2019 &#8211; O Programa Nacional de Estrat\u00e9gias para Cidades Inteligentes Sustent\u00e1veis do Governo Federal ser\u00e1 respons\u00e1vel por estabelecer indicadores e metas, al\u00e9m de impulsionar solu\u00e7\u00f5es para a transforma\u00e7\u00e3o das cidades brasileiras em cidades inteligentes, adotando inova\u00e7\u00f5es tecnol\u00f3gicas, modelos e pr\u00e1ticas disruptivas, utilizadas para resolver problemas cr\u00f4nicos nas \u00e1reas de educa\u00e7\u00e3o, sa\u00fade, tr\u00e2nsito, ilumina\u00e7\u00e3o e [&hellip;]<\/p>\n","protected":false},"author":1,"featured_media":12114,"comment_status":"open","ping_status":"open","sticky":false,"template":"","format":"standard","meta":{"_uag_custom_page_level_css":"","footnotes":""},"categories":[27],"tags":[16835,16824,16830,4187,4324,16828,16834,16827,16826,7438,7773,16832,16825,10679,16829,16833,16831],"class_list":["post-12113","post","type-post","status-publish","format-standard","has-post-thumbnail","hentry","category-acontece","tag-cidades-brasileiras-smart-city","tag-cidades-inteligentes-populacao-e-qualidade-de-vida","tag-construcoes-e-edificacoes-sustentaveis","tag-empresarios","tag-energias-renovaveis","tag-espacos-urbanos","tag-gestores-publicos","tag-investimentos-nas-cidades","tag-mcti-governo-federal","tag-meio-ambiente","tag-mobilidade-urbana","tag-prefeitos-e-autoridades","tag-programa-nacional-de-estrategias-para-cidades-inteligentes-sustentaveis","tag-sao-paulo-sp","tag-saude-e-viver","tag-secretarios-municipais","tag-smart-city-business-brazil-congress-expo-2019"],"blocksy_meta":[],"spectra_blocks_featured_image_url":{"thumbnail":{"url":"https:\/\/construcaocivil.siriusmarketingedesign.com.br\/wp-content\/uploads\/2019\/07\/SMART-CITIES-150x150.jpg","width":150,"height":150},"medium":{"url":"https:\/\/construcaocivil.siriusmarketingedesign.com.br\/wp-content\/uploads\/2019\/07\/SMART-CITIES-300x200.jpg","width":300,"height":200},"medium_large":{"url":"https:\/\/construcaocivil.siriusmarketingedesign.com.br\/wp-content\/uploads\/2019\/07\/SMART-CITIES.jpg","width":640,"height":427},"large":{"url":"https:\/\/construcaocivil.siriusmarketingedesign.com.br\/wp-content\/uploads\/2019\/07\/SMART-CITIES.jpg","width":640,"height":427},"full":{"url":"https:\/\/construcaocivil.siriusmarketingedesign.com.br\/wp-content\/uploads\/2019\/07\/SMART-CITIES.jpg","width":640,"height":427}},"spectra_blocks_author_info":{"display_name":"Jornal da Constru\u00e7\u00e3o Civil","avatar_url":"https:\/\/secure.gravatar.com\/avatar\/973c9774fd44ddaceb026973c4962faa70fc512bc4c9da68e8ebb40fecee6540?s=96&d=mm&r=g","author_link":"https:\/\/construcaocivil.siriusmarketingedesign.com.br\/?author=1","description":"Desde de 2013, levando muitas informa\u00e7\u00f5es, lan\u00e7amentos e produtos de qualidade para toda cadeia produtiva da constru\u00e7\u00e3o. O Futuro da constru\u00e7\u00e3o passa por aqui,"},"uagb_featured_image_src":{"full":["https:\/\/construcaocivil.siriusmarketingedesign.com.br\/wp-content\/uploads\/2019\/07\/SMART-CITIES.jpg",640,427,false],"thumbnail":["https:\/\/construcaocivil.siriusmarketingedesign.com.br\/wp-content\/uploads\/2019\/07\/SMART-CITIES-150x150.jpg",150,150,true],"medium":["https:\/\/construcaocivil.siriusmarketingedesign.com.br\/wp-content\/uploads\/2019\/07\/SMART-CITIES-300x200.jpg",300,200,true],"medium_large":["https:\/\/construcaocivil.siriusmarketingedesign.com.br\/wp-content\/uploads\/2019\/07\/SMART-CITIES.jpg",640,427,false],"large":["https:\/\/construcaocivil.siriusmarketingedesign.com.br\/wp-content\/uploads\/2019\/07\/SMART-CITIES.jpg",640,427,false],"1536x1536":["https:\/\/construcaocivil.siriusmarketingedesign.com.br\/wp-content\/uploads\/2019\/07\/SMART-CITIES.jpg",640,427,false],"2048x2048":["https:\/\/construcaocivil.siriusmarketingedesign.com.br\/wp-content\/uploads\/2019\/07\/SMART-CITIES.jpg",640,427,false]},"uagb_author_info":{"display_name":"Jornal da Constru\u00e7\u00e3o Civil","author_link":"https:\/\/construcaocivil.siriusmarketingedesign.com.br\/?author=1"},"uagb_comment_info":0,"uagb_excerpt":"Julho, 2019 &#8211; O Programa Nacional de Estrat\u00e9gias para Cidades Inteligentes Sustent\u00e1veis do Governo Federal ser\u00e1 respons\u00e1vel por estabelecer indicadores e metas, al\u00e9m de impulsionar solu\u00e7\u00f5es para a transforma\u00e7\u00e3o das cidades brasileiras em cidades inteligentes, adotando inova\u00e7\u00f5es tecnol\u00f3gicas, modelos e pr\u00e1ticas disruptivas, utilizadas para resolver problemas cr\u00f4nicos nas \u00e1reas de educa\u00e7\u00e3o, sa\u00fade, tr\u00e2nsito, ilumina\u00e7\u00e3o e&hellip;","_links":{"self":[{"href":"https:\/\/construcaocivil.siriusmarketingedesign.com.br\/index.php?rest_route=\/wp\/v2\/posts\/12113","targetHints":{"allow":["GET"]}}],"collection":[{"href":"https:\/\/construcaocivil.siriusmarketingedesign.com.br\/index.php?rest_route=\/wp\/v2\/posts"}],"about":[{"href":"https:\/\/construcaocivil.siriusmarketingedesign.com.br\/index.php?rest_route=\/wp\/v2\/types\/post"}],"author":[{"embeddable":true,"href":"https:\/\/construcaocivil.siriusmarketingedesign.com.br\/index.php?rest_route=\/wp\/v2\/users\/1"}],"replies":[{"embeddable":true,"href":"https:\/\/construcaocivil.siriusmarketingedesign.com.br\/index.php?rest_route=%2Fwp%2Fv2%2Fcomments&post=12113"}],"version-history":[{"count":0,"href":"https:\/\/construcaocivil.siriusmarketingedesign.com.br\/index.php?rest_route=\/wp\/v2\/posts\/12113\/revisions"}],"wp:featuredmedia":[{"embeddable":true,"href":"https:\/\/construcaocivil.siriusmarketingedesign.com.br\/index.php?rest_route=\/wp\/v2\/media\/12114"}],"wp:attachment":[{"href":"https:\/\/construcaocivil.siriusmarketingedesign.com.br\/index.php?rest_route=%2Fwp%2Fv2%2Fmedia&parent=12113"}],"wp:term":[{"taxonomy":"category","embeddable":true,"href":"https:\/\/construcaocivil.siriusmarketingedesign.com.br\/index.php?rest_route=%2Fwp%2Fv2%2Fcategories&post=12113"},{"taxonomy":"post_tag","embeddable":true,"href":"https:\/\/construcaocivil.siriusmarketingedesign.com.br\/index.php?rest_route=%2Fwp%2Fv2%2Ftags&post=12113"}],"curies":[{"name":"wp","href":"https:\/\/api.w.org\/{rel}","templated":true}]}}