{"id":1212,"date":"2016-03-29T20:15:10","date_gmt":"2016-03-29T20:15:10","guid":{"rendered":"http:\/\/www.jornaldaconstrucaocivil.com.br\/?p=1212"},"modified":"2016-03-29T20:15:10","modified_gmt":"2016-03-29T20:15:10","slug":"poloar-ar-condicionado-anuncia-jorge-miranda-como-seu-novo-gerente-comercial","status":"publish","type":"post","link":"https:\/\/construcaocivil.siriusmarketingedesign.com.br\/?p=1212","title":{"rendered":"PoloAr Ar Condicionado anuncia Jorge Miranda como seu novo gerente comercial"},"content":{"rendered":"<p><strong><span style=\"color: #0000ff;\">Profissional fica respons\u00e1vel em analisar as estrat\u00e9gias de vendas, aumentando a comercializa\u00e7\u00e3o de produtos e servi\u00e7os da companhia por todo o Brasil.<\/span><\/strong><\/p>\n<p><span style=\"color: #000000;\">A PoloAr Ar Condicionado, que se posiciona entre as maiores empresas do setor de climatiza\u00e7\u00e3o e refrigera\u00e7\u00e3o de ar do Brasil, anuncia a contrata\u00e7\u00e3o de Jorge Miranda como seu novo Gerente Comercial. Com mais de 20 anos de experi\u00eancia atuando no mercado, o profissional tem passagem por empresas como Springer Carrier, Coca-Cola, Midea Carrier e Ambient Air.<\/span><\/p>\n<p><a href=\"http:\/\/www.jornaldaconstrucaocivil.com.br\/wp-content\/uploads\/2016\/03\/POLO-AR.jpg\"><img loading=\"lazy\" decoding=\"async\" class=\"size-medium wp-image-1213 alignleft\" src=\"http:\/\/www.jornaldaconstrucaocivil.com.br\/wp-content\/uploads\/2016\/03\/POLO-AR-258x300.jpg\" alt=\"POLO AR\" width=\"258\" height=\"300\" \/><\/a><\/p>\n<p><span style=\"color: #000000;\"><em>\u201cEstou feliz por ser parte da fam\u00edlia PoloAr, que \u00e9 uma empresa brasileira de grande tradi\u00e7\u00e3o. Espero com minha experi\u00eancia contribuir ainda mais para sua estrat\u00e9gia de crescimento programada para este ano. Queremos com nosso trabalho buscar todas as oportunidades poss\u00edveis para aumentar ainda mais nossas vendas\u201d<\/em>, comenta Jorge Miranda.<\/span><\/p>\n<p><span style=\"color: #000000;\">\u00a0<span style=\"color: #ff0000;\">SOBRE A POLOAR AR CONDICIONADO<\/span><\/span><\/p>\n<p><span style=\"color: #000000;\">\u00a0A PoloAr Ar Condicionado \u00e9 uma empresa genuinamente brasileira que atua no segmento de climatiza\u00e7\u00e3o e refrigera\u00e7\u00e3o h\u00e1 36 anos. Atualmente possui 12 filais nas regi\u00f5es Sul, Sudeste e Centro Oeste do Brasil, com unidades centrais de distribui\u00e7\u00e3o em S\u00e3o Paulo e na cidade mineira de Extrema. Posicionada entre as maiores empresas do setor no Pa\u00eds, a PoloAr fornece equipamentos para o mercado corporativo, que engloba principalmente os setores hoteleiro e de constru\u00e7\u00e3o civil, como construtoras e corpora\u00e7\u00f5es do segmento imobili\u00e1rio, por exemplo. Atualmente, a PoloAr atende a uma demanda de mais de 300.000 condicionadores de ar vendidos por ano em todo o Pa\u00eds, disponibilizando ao mercado brasileiro os mais avan\u00e7ados e competitivos aparelhos do mundo.<\/span><\/p>\n<p><span style=\"color: #800000;\">Fonte: Assessoria de Imprensa PoloAr Ar Condicionado\u00a0<\/span><\/p>\n","protected":false},"excerpt":{"rendered":"<p>Profissional fica respons\u00e1vel em analisar as estrat\u00e9gias de vendas, aumentando a comercializa\u00e7\u00e3o de produtos e servi\u00e7os da companhia por todo o Brasil. A PoloAr Ar Condicionado, que se posiciona entre as maiores empresas do setor de climatiza\u00e7\u00e3o e refrigera\u00e7\u00e3o de ar do Brasil, anuncia a contrata\u00e7\u00e3o de Jorge Miranda como seu novo Gerente Comercial. Com [&hellip;]<\/p>\n","protected":false},"author":1,"featured_media":1213,"comment_status":"open","ping_status":"open","sticky":false,"template":"","format":"standard","meta":{"_uag_custom_page_level_css":"","footnotes":""},"categories":[33],"tags":[],"class_list":["post-1212","post","type-post","status-publish","format-standard","has-post-thumbnail","hentry","category-mercado"],"blocksy_meta":[],"spectra_blocks_featured_image_url":[],"spectra_blocks_author_info":{"display_name":"Jornal da Constru\u00e7\u00e3o Civil","avatar_url":"https:\/\/secure.gravatar.com\/avatar\/973c9774fd44ddaceb026973c4962faa70fc512bc4c9da68e8ebb40fecee6540?s=96&d=mm&r=g","author_link":"https:\/\/construcaocivil.siriusmarketingedesign.com.br\/?author=1","description":"Desde de 2013, levando muitas informa\u00e7\u00f5es, lan\u00e7amentos e produtos de qualidade para toda cadeia produtiva da constru\u00e7\u00e3o. O Futuro da constru\u00e7\u00e3o passa por aqui,"},"uagb_featured_image_src":{"full":false,"thumbnail":false,"medium":false,"medium_large":false,"large":false,"1536x1536":false,"2048x2048":false},"uagb_author_info":{"display_name":"Jornal da Constru\u00e7\u00e3o Civil","author_link":"https:\/\/construcaocivil.siriusmarketingedesign.com.br\/?author=1"},"uagb_comment_info":0,"uagb_excerpt":"Profissional fica respons\u00e1vel em analisar as estrat\u00e9gias de vendas, aumentando a comercializa\u00e7\u00e3o de produtos e servi\u00e7os da companhia por todo o Brasil. A PoloAr Ar Condicionado, que se posiciona entre as maiores empresas do setor de climatiza\u00e7\u00e3o e refrigera\u00e7\u00e3o de ar do Brasil, anuncia a contrata\u00e7\u00e3o de Jorge Miranda como seu novo Gerente Comercial. Com&hellip;","_links":{"self":[{"href":"https:\/\/construcaocivil.siriusmarketingedesign.com.br\/index.php?rest_route=\/wp\/v2\/posts\/1212","targetHints":{"allow":["GET"]}}],"collection":[{"href":"https:\/\/construcaocivil.siriusmarketingedesign.com.br\/index.php?rest_route=\/wp\/v2\/posts"}],"about":[{"href":"https:\/\/construcaocivil.siriusmarketingedesign.com.br\/index.php?rest_route=\/wp\/v2\/types\/post"}],"author":[{"embeddable":true,"href":"https:\/\/construcaocivil.siriusmarketingedesign.com.br\/index.php?rest_route=\/wp\/v2\/users\/1"}],"replies":[{"embeddable":true,"href":"https:\/\/construcaocivil.siriusmarketingedesign.com.br\/index.php?rest_route=%2Fwp%2Fv2%2Fcomments&post=1212"}],"version-history":[{"count":0,"href":"https:\/\/construcaocivil.siriusmarketingedesign.com.br\/index.php?rest_route=\/wp\/v2\/posts\/1212\/revisions"}],"wp:attachment":[{"href":"https:\/\/construcaocivil.siriusmarketingedesign.com.br\/index.php?rest_route=%2Fwp%2Fv2%2Fmedia&parent=1212"}],"wp:term":[{"taxonomy":"category","embeddable":true,"href":"https:\/\/construcaocivil.siriusmarketingedesign.com.br\/index.php?rest_route=%2Fwp%2Fv2%2Fcategories&post=1212"},{"taxonomy":"post_tag","embeddable":true,"href":"https:\/\/construcaocivil.siriusmarketingedesign.com.br\/index.php?rest_route=%2Fwp%2Fv2%2Ftags&post=1212"}],"curies":[{"name":"wp","href":"https:\/\/api.w.org\/{rel}","templated":true}]}}