{"id":12144,"date":"2019-07-18T13:57:25","date_gmt":"2019-07-18T16:57:25","guid":{"rendered":"https:\/\/www.jornaldaconstrucaocivil.com.br\/?p=12144"},"modified":"2019-07-18T13:57:25","modified_gmt":"2019-07-18T16:57:25","slug":"esta-chegando-marcha-das-margaridas-2019","status":"publish","type":"post","link":"https:\/\/construcaocivil.siriusmarketingedesign.com.br\/?p=12144","title":{"rendered":"Est\u00e1 chegando! Marcha das Margaridas 2019"},"content":{"rendered":"<p style=\"text-align: justify;\"><span style=\"color: #993300;\">Julho, 2019<\/span> &#8211; Com o lema \u201cMargaridas na luta por um Brasil com Soberania Popular, Democracia, Justi\u00e7a, Igualdade e Livre de Viol\u00eancia\u201d, acontece nos dias 13 e 14 de agosto de 2019, em Bras\u00edlia\/DF, a maior a\u00e7\u00e3o organizada por mulheres do campo, da floresta e das \u00e1guas da Am\u00e9rica Latina: a Marcha das Margaridas 2019.<\/p>\n<p style=\"text-align: justify;\">A a\u00e7\u00e3o estrat\u00e9gica \u00e9 realizada pela Confedera\u00e7\u00e3o Nacional dos\u00a0<span class=\"il\">Trabalhadores<\/span>\u00a0Rurais Agricultores e Agricultoras Familiares (CONTAG) com o apoio de v\u00e1rias organiza\u00e7\u00f5es parceiras (veja abaixo as organiza\u00e7\u00f5es).<\/p>\n<p style=\"text-align: justify;\">Apesar de o Ato Oficial acontecer em agosto, a Marcha das Margaridas \u00e9 \u201ctecida\u201d ao longo de 4 anos, entre uma edi\u00e7\u00e3o e outra. Nesse caminhar, as mulheres se re\u00fanem nas suas comunidades rurais para refletir, debater e propor sobre seus desafios e anseios. Para facilitar esse debate, a CONTAG e as organiza\u00e7\u00f5es parceiras constru\u00edram 6 cadernos de debates trazendo 10 eixos que dialogam com o dia a dia das Margaridas: Por Democracia com Igualdade e Fortalecimento da Participa\u00e7\u00e3o Pol\u00edtica das Mulheres; Pela Autodetermina\u00e7\u00e3o dos Povos, com Soberania Alimentar e Energ\u00e9tica; Pela Prote\u00e7\u00e3o e Conserva\u00e7\u00e3o da Sociobiodiversidade e acesso aos bens comuns; Por Autonomia Econ\u00f4mica, Trabalho e Renda; Por Terra, \u00c1gua e Agroeocologia; Por uma Vida Livre de Todas as Formas de Viol\u00eancia, sem Racismo e sem Sexismo; Pela Autonomia e Liberdade das Mulheres sobre o seu corpo e sua Sexualidade; Por\u00a0<span class=\"il\">Sa\u00fade<\/span>\u00a0P\u00fablica e em Defesa do SUS; Por Previd\u00eancia e Assist\u00eancia Social P\u00fablica, Universal e Solid\u00e1ria; e por uma Educa\u00e7\u00e3o n\u00e3o Sexista e Antirracista e pelo Direito \u00e0 Educa\u00e7\u00e3o do Campo.<\/p>\n<p style=\"text-align: justify;\">A partir desses debates, as Margaridas apresentar\u00e3o e anunciar\u00e3o ao Brasil uma Plataforma Pol\u00edtica pela qual lutam todos os dias, em defesa dos seus direitos, do meio ambiente, pela constru\u00e7\u00e3o de uma sociedade livre de viol\u00eancia de g\u00eanero e racial, e por um pa\u00eds sem homofobia e sem intoler\u00e2ncia religiosa.<\/p>\n<p style=\"text-align: justify;\">\u201cEm agosto, estaremos em Bras\u00edlia atrav\u00e9s de uma grande parceria do Sistema CONTAG com v\u00e1rias organiza\u00e7\u00f5es de mulheres comprometidas com a luta por soberania popular, justi\u00e7a social e em defesa da vida das mulheres. Mesmo diante de um cen\u00e1rio de retrocesso das pol\u00edticas p\u00fablicas e de um governo conservador e autorit\u00e1rio que exclui, discrimina e penaliza as mulheres e toda a classe trabalhadora, com ousadia, for\u00e7a e garra realizaremos a Marcha das Margaridas 2019\u201d, ressalta Maz\u00e9 Morais, secret\u00e1ria de Mulheres da CONTAG e coordenadora Geral da Marcha das Margaridas 2019.<\/p>\n<p style=\"text-align: justify;\">Venha voc\u00ea tamb\u00e9m! Participe da Marcha das Margaridas 2019!!!<\/p>\n<p style=\"text-align: justify;\">\u201cConvidamos todo o povo brasileiro, toda a classe trabalhadora, todas as mulheres para estarem conosco nos dias 13 e 14 de agosto, em Bras\u00edlia\/DF, participando da Marcha das Margaridas em defesa dos direitos e dos interesses das mulheres do campo, da floresta e das \u00e1guas. A participa\u00e7\u00e3o de voc\u00eas \u00e9 fundamental! Vamos l\u00e1! #RumoaMarchadasMargaridas2019\u201d<wbr \/>, convida o presidente da CONTAG, Aristides Santos.<\/p>\n<p style=\"text-align: justify;\"><span style=\"color: #993300;\">Todas(os) s\u00e3o Margaridas! S\u00e3o a luta de Margarida Maria Alves!<\/span><\/p>\n<p style=\"text-align: justify;\">Realizada desde o ano 2000, a Marcha recebe o nome da\u00a0l\u00edder sindical e trabalhadora rural Margarida Maria Alves, assassinada no dia 12 de agosto de 1983, em Alagoa Grande\/PB, porque lutava pelos direitos de\u00a0<span class=\"il\">trabalhadores<\/span>(as) que eram explorados(as) por usineiros e latifundi\u00e1rios da regi\u00e3o do Brejo Paraibano.<\/p>\n<p style=\"text-align: justify;\">\n<p><strong>Conhe\u00e7a as\u00a0<\/strong><strong>parceiras da Marcha das Margaridas 2019:<\/strong><\/p>\n<p><em>Central \u00danica dos\u00a0<span class=\"il\">Trabalhadores<\/span>\u00a0\u2013 CUT<\/em><\/p>\n<p><em>Central dos\u00a0<span class=\"il\">Trabalhadores<\/span>\u00a0e Trabalhadoras do Brasil \u2013 CTB<\/em><\/p>\n<p><em>Confedera\u00e7\u00e3o de Organiza\u00e7\u00f5es de Produtores Familiares<\/em><\/p>\n<p><em>Camponeses e Ind\u00edgenas do Mercosul Ampliado \u2013 Coprofam<\/em><\/p>\n<p><em>Confedera\u00e7\u00e3o Nacional dos\u00a0<span class=\"il\">Trabalhadores<\/span>\u00a0e Trabalhadoras Assalariados e Assalariadas Rurais \u2013 CONTAR<\/em><\/p>\n<p><em>Uni\u00e3o Nacional das Cooperativas da Agricultura Familiar e Economia Solid\u00e1ria \u2013 Unicafes<\/em><\/p>\n<p><em>Marcha Mundial das Mulheres \u2013 MMM<\/em><\/p>\n<p><em>Articula\u00e7\u00e3o de Mulheres Brasileiras \u2013 AMB<\/em><\/p>\n<p><em>Uni\u00e3o Brasileira de Mulheres \u2013 UBM<\/em><\/p>\n<p><em>Movimento da Mulher Trabalhadora Rural do Nordeste \u2013 MMTR-NE<\/em><\/p>\n<p><em>Movimento Interestadual das Quebradeiras de Coco Baba\u00e7u \u2013 MIQCB<\/em><\/p>\n<p><em>Conselho Nacional das Popula\u00e7\u00f5es Extrativistas \u2013 CNS<\/em><\/p>\n<p><em>Movimento Articulado das Mulheres da Amaz\u00f4nia \u2013 MAMA<\/em><\/p>\n<p><em>GT Mulheres da Articula\u00e7\u00e3o Nacional de Agroecologia<\/em><\/p>\n<p><em>Comiss\u00e3o Nacional de Fortalecimento das Reservas Extrativistas Costeiros e Marinhos \u2013 Confrem Brasil<\/em><\/p>\n<p><em>Coordena\u00e7\u00e3o Nacional de Articula\u00e7\u00e3o das Comunidades Negras Rurais Quilombolas \u2013 CONAQ<\/em><\/p>\n<p><em>Movimento de Mulheres Camponesas \u2013 MMC<\/em><\/p>\n<p>Fonte: Imprensa\/ CONTAG<\/p>\n","protected":false},"excerpt":{"rendered":"<p>Julho, 2019 &#8211; Com o lema \u201cMargaridas na luta por um Brasil com Soberania Popular, Democracia, Justi\u00e7a, Igualdade e Livre de Viol\u00eancia\u201d, acontece nos dias 13 e 14 de agosto de 2019, em Bras\u00edlia\/DF, a maior a\u00e7\u00e3o organizada por mulheres do campo, da floresta e das \u00e1guas da Am\u00e9rica Latina: a Marcha das Margaridas 2019. [&hellip;]<\/p>\n","protected":false},"author":1,"featured_media":12145,"comment_status":"open","ping_status":"open","sticky":false,"template":"","format":"standard","meta":{"_uag_custom_page_level_css":"","footnotes":""},"categories":[27],"tags":[532,1574,16893,16897,16894,16890,16891,16892,16896,16895],"class_list":["post-12144","post","type-post","status-publish","format-standard","has-post-thumbnail","hentry","category-acontece","tag-agricultura-familiar","tag-brasilia-df","tag-cidadania-e-respeito","tag-falta-dinheiro-para-agricultura-familiar","tag-federacao-dos-trabalhadores-rurais-e-agricultores-de-pernambuco-pe","tag-marcha-das-margaridas-2019","tag-mulher-no-campo","tag-mulheres-na-agricultura-familiar","tag-recursos-para-agricultura-familiar","tag-trabalhadores-rurais-de-minas-gerais"],"blocksy_meta":[],"spectra_blocks_featured_image_url":{"thumbnail":{"url":"https:\/\/construcaocivil.siriusmarketingedesign.com.br\/wp-content\/uploads\/2019\/07\/CONTAG-maze_contag_1562349211-150x150.jpg","width":150,"height":150},"medium":{"url":"https:\/\/construcaocivil.siriusmarketingedesign.com.br\/wp-content\/uploads\/2019\/07\/CONTAG-maze_contag_1562349211-300x190.jpg","width":300,"height":190},"medium_large":{"url":"https:\/\/construcaocivil.siriusmarketingedesign.com.br\/wp-content\/uploads\/2019\/07\/CONTAG-maze_contag_1562349211.jpg","width":660,"height":419},"large":{"url":"https:\/\/construcaocivil.siriusmarketingedesign.com.br\/wp-content\/uploads\/2019\/07\/CONTAG-maze_contag_1562349211.jpg","width":660,"height":419},"full":{"url":"https:\/\/construcaocivil.siriusmarketingedesign.com.br\/wp-content\/uploads\/2019\/07\/CONTAG-maze_contag_1562349211.jpg","width":660,"height":419}},"spectra_blocks_author_info":{"display_name":"Jornal da Constru\u00e7\u00e3o Civil","avatar_url":"https:\/\/secure.gravatar.com\/avatar\/973c9774fd44ddaceb026973c4962faa70fc512bc4c9da68e8ebb40fecee6540?s=96&d=mm&r=g","author_link":"https:\/\/construcaocivil.siriusmarketingedesign.com.br\/?author=1","description":"Desde de 2013, levando muitas informa\u00e7\u00f5es, lan\u00e7amentos e produtos de qualidade para toda cadeia produtiva da constru\u00e7\u00e3o. O Futuro da constru\u00e7\u00e3o passa por aqui,"},"uagb_featured_image_src":{"full":["https:\/\/construcaocivil.siriusmarketingedesign.com.br\/wp-content\/uploads\/2019\/07\/CONTAG-maze_contag_1562349211.jpg",660,419,false],"thumbnail":["https:\/\/construcaocivil.siriusmarketingedesign.com.br\/wp-content\/uploads\/2019\/07\/CONTAG-maze_contag_1562349211-150x150.jpg",150,150,true],"medium":["https:\/\/construcaocivil.siriusmarketingedesign.com.br\/wp-content\/uploads\/2019\/07\/CONTAG-maze_contag_1562349211-300x190.jpg",300,190,true],"medium_large":["https:\/\/construcaocivil.siriusmarketingedesign.com.br\/wp-content\/uploads\/2019\/07\/CONTAG-maze_contag_1562349211.jpg",660,419,false],"large":["https:\/\/construcaocivil.siriusmarketingedesign.com.br\/wp-content\/uploads\/2019\/07\/CONTAG-maze_contag_1562349211.jpg",660,419,false],"1536x1536":["https:\/\/construcaocivil.siriusmarketingedesign.com.br\/wp-content\/uploads\/2019\/07\/CONTAG-maze_contag_1562349211.jpg",660,419,false],"2048x2048":["https:\/\/construcaocivil.siriusmarketingedesign.com.br\/wp-content\/uploads\/2019\/07\/CONTAG-maze_contag_1562349211.jpg",660,419,false]},"uagb_author_info":{"display_name":"Jornal da Constru\u00e7\u00e3o Civil","author_link":"https:\/\/construcaocivil.siriusmarketingedesign.com.br\/?author=1"},"uagb_comment_info":0,"uagb_excerpt":"Julho, 2019 &#8211; Com o lema \u201cMargaridas na luta por um Brasil com Soberania Popular, Democracia, Justi\u00e7a, Igualdade e Livre de Viol\u00eancia\u201d, acontece nos dias 13 e 14 de agosto de 2019, em Bras\u00edlia\/DF, a maior a\u00e7\u00e3o organizada por mulheres do campo, da floresta e das \u00e1guas da Am\u00e9rica Latina: a Marcha das Margaridas 2019.&hellip;","_links":{"self":[{"href":"https:\/\/construcaocivil.siriusmarketingedesign.com.br\/index.php?rest_route=\/wp\/v2\/posts\/12144","targetHints":{"allow":["GET"]}}],"collection":[{"href":"https:\/\/construcaocivil.siriusmarketingedesign.com.br\/index.php?rest_route=\/wp\/v2\/posts"}],"about":[{"href":"https:\/\/construcaocivil.siriusmarketingedesign.com.br\/index.php?rest_route=\/wp\/v2\/types\/post"}],"author":[{"embeddable":true,"href":"https:\/\/construcaocivil.siriusmarketingedesign.com.br\/index.php?rest_route=\/wp\/v2\/users\/1"}],"replies":[{"embeddable":true,"href":"https:\/\/construcaocivil.siriusmarketingedesign.com.br\/index.php?rest_route=%2Fwp%2Fv2%2Fcomments&post=12144"}],"version-history":[{"count":0,"href":"https:\/\/construcaocivil.siriusmarketingedesign.com.br\/index.php?rest_route=\/wp\/v2\/posts\/12144\/revisions"}],"wp:featuredmedia":[{"embeddable":true,"href":"https:\/\/construcaocivil.siriusmarketingedesign.com.br\/index.php?rest_route=\/wp\/v2\/media\/12145"}],"wp:attachment":[{"href":"https:\/\/construcaocivil.siriusmarketingedesign.com.br\/index.php?rest_route=%2Fwp%2Fv2%2Fmedia&parent=12144"}],"wp:term":[{"taxonomy":"category","embeddable":true,"href":"https:\/\/construcaocivil.siriusmarketingedesign.com.br\/index.php?rest_route=%2Fwp%2Fv2%2Fcategories&post=12144"},{"taxonomy":"post_tag","embeddable":true,"href":"https:\/\/construcaocivil.siriusmarketingedesign.com.br\/index.php?rest_route=%2Fwp%2Fv2%2Ftags&post=12144"}],"curies":[{"name":"wp","href":"https:\/\/api.w.org\/{rel}","templated":true}]}}