{"id":12176,"date":"2019-07-19T14:28:07","date_gmt":"2019-07-19T17:28:07","guid":{"rendered":"https:\/\/www.jornaldaconstrucaocivil.com.br\/?p=12176"},"modified":"2019-07-19T14:28:07","modified_gmt":"2019-07-19T17:28:07","slug":"contagem-regressiva-de-um-ano-para-o-rio-2020-uia-o-rio-sedia-o-mundo","status":"publish","type":"post","link":"https:\/\/construcaocivil.siriusmarketingedesign.com.br\/?p=12176","title":{"rendered":"Contagem regressiva de um ano para o Rio 2020 UIA: o Rio sedia o mundo"},"content":{"rendered":"<p style=\"font-weight: 400; text-align: justify;\"><span style=\"color: #0000ff;\">Julho, 2019<\/span> &#8211; O RIO2020 UIA (<span style=\"text-decoration: underline;\"><span style=\"color: #0000ff;\"><a style=\"color: #0000ff; text-decoration: underline;\" href=\"https:\/\/www.uia2020rio.archi\/inscricoes_pt.asp\">https:\/\/www.uia2020rio.archi<\/a><\/span><\/span>) entra nesta sexta-feira na contagem regressiva de um ano para o evento que dar\u00e1 ao Rio de Janeiro o protagonismo mundial no debate sobre cidades. O Brasil sedia pela primeira vez o Congresso Mundial de Arquitetos, em sua 27\u00aa edi\u00e7\u00e3o, de 19 a 23 de julho de 2020.<\/p>\n<p style=\"font-weight: 400; text-align: justify;\">O Congresso Mundial \u00e9 promovido pela Uni\u00e3o Internacional dos Arquitetos (UIA) e ocorre a cada tr\u00eas anos, reunindo mais de 20 mil pessoas. A organiza\u00e7\u00e3o in\u00e9dita no Brasil \u00e9 gerida pelo Instituto de Arquitetos do Brasil (IAB). Inscreva-se agora e aproveite o desconto: <span style=\"text-decoration: underline;\"><a href=\"https:\/\/www.uia2020rio.archi\/\"><span style=\"color: #0000ff; text-decoration: underline;\">site<\/span> <\/a><\/span>oficial (<span style=\"text-decoration: underline;\"><span style=\"color: #0000ff;\"><a style=\"color: #0000ff; text-decoration: underline;\" href=\"https:\/\/www.uia2020rio.archi\/\">https:\/\/www.uia2020rio.archi\/<\/a><\/span><\/span>).<\/p>\n<p style=\"font-weight: 400; text-align: justify;\">O RIO2020 UIA \u00e9 o principal evento global de arquitetura e urbanismo, com o objetivo de promover o interc\u00e2mbio de ideias e experi\u00eancias entre arquitetos, urbanistas, estudantes, pensadores da cidade, agentes p\u00fablicos e demais interessados, fomentando debates e propostas.<\/p>\n<p style=\"font-weight: 400; text-align: justify;\">Sob o tema &#8220;Todos os mundos, um s\u00f3 mundo, Arquitetura 21&#8221;, tratar\u00e1 de quest\u00f5es sens\u00edveis \u00e0s grandes cidades: infraestrutura, constru\u00e7\u00e3o, habita\u00e7\u00e3o, mobilidade, cultura, planejamento urbano. A intensa agenda de atividades do programa se desenvolver\u00e1 prioritariamente no Centro do Rio.<\/p>\n<p style=\"font-weight: 400; text-align: justify;\">Instala\u00e7\u00f5es e equipamentos culturais, como museus, galerias, pra\u00e7as e espa\u00e7os de eventos da regi\u00e3o, se tornar\u00e3o endere\u00e7o de debates e exposi\u00e7\u00f5es durante o pr\u00f3ximo ano. Foram firmadas parcerias com mais de 40 institui\u00e7\u00f5es para exposi\u00e7\u00f5es, f\u00f3runs, feiras de neg\u00f3cios, palestras, workshops, semin\u00e1rios, concursos, projetos, encontros sociais e festas populares.<\/p>\n<p style=\"font-weight: 400; text-align: justify;\">Antes do Congresso Mundial, nos dias 17 e 18 de julho de 2020, o F\u00f3rum Mundial de Cidades abre a programa\u00e7\u00e3o oficial com a presen\u00e7a de lideran\u00e7as pol\u00edticas, empresariais, culturais e da sociedade civil de todo o planeta.<\/p>\n<p style=\"font-weight: 400; text-align: justify;\">Apoiam o evento todas as entidades brasileiras da arquitetura, do urbanismo e do paisagismo, a Federa\u00e7\u00e3o PanAmericana de Associa\u00e7\u00f5es de Arquitetos (FPAA) e o Conselho Internacional de Arquitetos de L\u00edngua Portuguesa (CIALP).<\/p>\n<p style=\"font-weight: 400; text-align: justify;\">Al\u00e9m as inscri\u00e7\u00f5es abertas, o site cont\u00e9m chamadas para papers acad\u00eamicos e projetos profissionais.<\/p>\n<p>Fonte: Imprensa\/ Rio2020UIA<\/p>\n<h2 class=\"subject\"><\/h2>\n","protected":false},"excerpt":{"rendered":"<p>Julho, 2019 &#8211; O RIO2020 UIA (https:\/\/www.uia2020rio.archi) entra nesta sexta-feira na contagem regressiva de um ano para o evento que dar\u00e1 ao Rio de Janeiro o protagonismo mundial no debate sobre cidades. O Brasil sedia pela primeira vez o Congresso Mundial de Arquitetos, em sua 27\u00aa edi\u00e7\u00e3o, de 19 a 23 de julho de 2020. [&hellip;]<\/p>\n","protected":false},"author":1,"featured_media":12177,"comment_status":"open","ping_status":"open","sticky":false,"template":"","format":"standard","meta":{"_uag_custom_page_level_css":"","footnotes":""},"categories":[27],"tags":[16941,16940,16934,16936,16935,13750,16938,9560,10375,16933,16939,16937],"class_list":["post-12176","post","type-post","status-publish","format-standard","has-post-thumbnail","hentry","category-acontece","tag-cidades-e-cidadania","tag-cidades-planejadas","tag-congresso-mundial-de-arquitetura-e-urbanismo","tag-de-arquitetura-e-urbanismo","tag-federacao-panamericana-de-associacoes-de-arquitetos-fpaa","tag-palacio-gustavo-capanema","tag-predios-e-edificacoes-tombadas-pela-unesco","tag-profissionais-e-estudantes","tag-rio-de-janeiro","tag-rio2020-uia","tag-rio2020uia-inscricoes-abertas","tag-uniao-internacional-dos-arquitetos-uia"],"blocksy_meta":[],"spectra_blocks_featured_image_url":{"thumbnail":{"url":"https:\/\/construcaocivil.siriusmarketingedesign.com.br\/wp-content\/uploads\/2019\/07\/Logo-Congresso-final-PORTUGUES.jpeg-150x150.png","width":150,"height":150},"medium":{"url":"https:\/\/construcaocivil.siriusmarketingedesign.com.br\/wp-content\/uploads\/2019\/07\/Logo-Congresso-final-PORTUGUES.jpeg-300x122.png","width":300,"height":122},"medium_large":{"url":"https:\/\/construcaocivil.siriusmarketingedesign.com.br\/wp-content\/uploads\/2019\/07\/Logo-Congresso-final-PORTUGUES.jpeg-768x312.png","width":768,"height":312},"large":{"url":"https:\/\/construcaocivil.siriusmarketingedesign.com.br\/wp-content\/uploads\/2019\/07\/Logo-Congresso-final-PORTUGUES.jpeg-1024x415.png","width":1024,"height":415},"full":{"url":"https:\/\/construcaocivil.siriusmarketingedesign.com.br\/wp-content\/uploads\/2019\/07\/Logo-Congresso-final-PORTUGUES.jpeg.png","width":2771,"height":1124}},"spectra_blocks_author_info":{"display_name":"Jornal da Constru\u00e7\u00e3o Civil","avatar_url":"https:\/\/secure.gravatar.com\/avatar\/973c9774fd44ddaceb026973c4962faa70fc512bc4c9da68e8ebb40fecee6540?s=96&d=mm&r=g","author_link":"https:\/\/construcaocivil.siriusmarketingedesign.com.br\/?author=1","description":"Desde de 2013, levando muitas informa\u00e7\u00f5es, lan\u00e7amentos e produtos de qualidade para toda cadeia produtiva da constru\u00e7\u00e3o. O Futuro da constru\u00e7\u00e3o passa por aqui,"},"uagb_featured_image_src":{"full":["https:\/\/construcaocivil.siriusmarketingedesign.com.br\/wp-content\/uploads\/2019\/07\/Logo-Congresso-final-PORTUGUES.jpeg.png",2771,1124,false],"thumbnail":["https:\/\/construcaocivil.siriusmarketingedesign.com.br\/wp-content\/uploads\/2019\/07\/Logo-Congresso-final-PORTUGUES.jpeg-150x150.png",150,150,true],"medium":["https:\/\/construcaocivil.siriusmarketingedesign.com.br\/wp-content\/uploads\/2019\/07\/Logo-Congresso-final-PORTUGUES.jpeg-300x122.png",300,122,true],"medium_large":["https:\/\/construcaocivil.siriusmarketingedesign.com.br\/wp-content\/uploads\/2019\/07\/Logo-Congresso-final-PORTUGUES.jpeg-768x312.png",768,312,true],"large":["https:\/\/construcaocivil.siriusmarketingedesign.com.br\/wp-content\/uploads\/2019\/07\/Logo-Congresso-final-PORTUGUES.jpeg-1024x415.png",1024,415,true],"1536x1536":["https:\/\/construcaocivil.siriusmarketingedesign.com.br\/wp-content\/uploads\/2019\/07\/Logo-Congresso-final-PORTUGUES.jpeg.png",1536,623,false],"2048x2048":["https:\/\/construcaocivil.siriusmarketingedesign.com.br\/wp-content\/uploads\/2019\/07\/Logo-Congresso-final-PORTUGUES.jpeg.png",2048,831,false]},"uagb_author_info":{"display_name":"Jornal da Constru\u00e7\u00e3o Civil","author_link":"https:\/\/construcaocivil.siriusmarketingedesign.com.br\/?author=1"},"uagb_comment_info":0,"uagb_excerpt":"Julho, 2019 &#8211; O RIO2020 UIA (https:\/\/www.uia2020rio.archi) entra nesta sexta-feira na contagem regressiva de um ano para o evento que dar\u00e1 ao Rio de Janeiro o protagonismo mundial no debate sobre cidades. O Brasil sedia pela primeira vez o Congresso Mundial de Arquitetos, em sua 27\u00aa edi\u00e7\u00e3o, de 19 a 23 de julho de 2020.&hellip;","_links":{"self":[{"href":"https:\/\/construcaocivil.siriusmarketingedesign.com.br\/index.php?rest_route=\/wp\/v2\/posts\/12176","targetHints":{"allow":["GET"]}}],"collection":[{"href":"https:\/\/construcaocivil.siriusmarketingedesign.com.br\/index.php?rest_route=\/wp\/v2\/posts"}],"about":[{"href":"https:\/\/construcaocivil.siriusmarketingedesign.com.br\/index.php?rest_route=\/wp\/v2\/types\/post"}],"author":[{"embeddable":true,"href":"https:\/\/construcaocivil.siriusmarketingedesign.com.br\/index.php?rest_route=\/wp\/v2\/users\/1"}],"replies":[{"embeddable":true,"href":"https:\/\/construcaocivil.siriusmarketingedesign.com.br\/index.php?rest_route=%2Fwp%2Fv2%2Fcomments&post=12176"}],"version-history":[{"count":0,"href":"https:\/\/construcaocivil.siriusmarketingedesign.com.br\/index.php?rest_route=\/wp\/v2\/posts\/12176\/revisions"}],"wp:featuredmedia":[{"embeddable":true,"href":"https:\/\/construcaocivil.siriusmarketingedesign.com.br\/index.php?rest_route=\/wp\/v2\/media\/12177"}],"wp:attachment":[{"href":"https:\/\/construcaocivil.siriusmarketingedesign.com.br\/index.php?rest_route=%2Fwp%2Fv2%2Fmedia&parent=12176"}],"wp:term":[{"taxonomy":"category","embeddable":true,"href":"https:\/\/construcaocivil.siriusmarketingedesign.com.br\/index.php?rest_route=%2Fwp%2Fv2%2Fcategories&post=12176"},{"taxonomy":"post_tag","embeddable":true,"href":"https:\/\/construcaocivil.siriusmarketingedesign.com.br\/index.php?rest_route=%2Fwp%2Fv2%2Ftags&post=12176"}],"curies":[{"name":"wp","href":"https:\/\/api.w.org\/{rel}","templated":true}]}}