{"id":12185,"date":"2019-07-22T14:03:32","date_gmt":"2019-07-22T17:03:32","guid":{"rendered":"https:\/\/www.jornaldaconstrucaocivil.com.br\/?p=12185"},"modified":"2019-07-22T14:03:32","modified_gmt":"2019-07-22T17:03:32","slug":"economia-ita-gasoil-aposta-no-potencial-do-setor-do-gas-e-promove-seu-primeiro-encontro","status":"publish","type":"post","link":"https:\/\/construcaocivil.siriusmarketingedesign.com.br\/?p=12185","title":{"rendered":"Economia: Ita Gas&#038;Oil aposta no potencial do setor do g\u00e1s e promove seu primeiro encontro"},"content":{"rendered":"<p style=\"text-align: justify;\"><span style=\"color: #993300;\">Julho, 2019<\/span> &#8211; Respons\u00e1vel por 16% do PIB estadual, o setor de g\u00e1s e \u00f3leo destaca-se como protagonista para o desenvolvimento socioecon\u00f4mico do Leste Fluminense.\u00a0 Para fortalecer e consolidar a voca\u00e7\u00e3o regional, pela primeira vez, acontece o maior encontro do setor j\u00e1 realizado no Pa\u00eds, em Itabora\u00ed, o Ita Gas&amp;Oil, reunindo autoridades nacionais e internacionais, al\u00e9m de especialistas de toda a cadeia produtiva, nos dias 24 e 25 de julho, no audit\u00f3rio do Col\u00e9gio Adventista Brasileiro, Centro de Itabora\u00ed.<\/p>\n<p>A abertura oficial do Ita Gas&amp;Oil ser\u00e1 feita pelo Governador do Estado do Rio de Janeiro, Wilson Witzel, que vem refor\u00e7ando o potencial do segmento e oportunidades de investimentos. Nessa linha, est\u00e3o previstas tr\u00eas\u00a0rodadas de partilha do pr\u00e9-sal e de regimes de concess\u00f5es de explora\u00e7\u00e3o,\u00a0o leil\u00e3o do excedente da cess\u00e3o onerosa,\u00a0que, junto a outras iniciativas, poder\u00e3o gerar cerca de 30 mil empregos at\u00e9 2025. E, a expectativa \u00e9 dobrar a produ\u00e7\u00e3o de \u00f3leo e g\u00e1s nos pr\u00f3ximos dez anos.<\/p>\n<figure id=\"attachment_12187\" aria-describedby=\"caption-attachment-12187\" style=\"width: 300px\" class=\"wp-caption alignleft\"><img loading=\"lazy\" decoding=\"async\" class=\"size-medium wp-image-12187\" src=\"https:\/\/www.jornaldaconstrucaocivil.com.br\/wp-content\/uploads\/2019\/07\/BB-ITA-300x225.jpg\" alt=\"\" width=\"300\" height=\"225\" srcset=\"https:\/\/construcaocivil.siriusmarketingedesign.com.br\/wp-content\/uploads\/2019\/07\/BB-ITA-300x225.jpg 300w, https:\/\/construcaocivil.siriusmarketingedesign.com.br\/wp-content\/uploads\/2019\/07\/BB-ITA-768x576.jpg 768w, https:\/\/construcaocivil.siriusmarketingedesign.com.br\/wp-content\/uploads\/2019\/07\/BB-ITA.jpg 1024w, https:\/\/construcaocivil.siriusmarketingedesign.com.br\/wp-content\/uploads\/2019\/07\/BB-ITA-86x64.jpg 86w\" sizes=\"auto, (max-width: 300px) 100vw, 300px\" \/><figcaption id=\"caption-attachment-12187\" class=\"wp-caption-text\">Ita Gas&amp;Oil 2019. Divulga\u00e7\u00e3o<\/figcaption><\/figure>\n<p style=\"text-align: justify;\">O idealizador do Ita Gas&amp;Oil, Jo\u00e3o Leal, diretor-geral do Conleste\u00a0(Cons\u00f3rcio Intermunicipal de Desenvolvimento do Leste Fluminense), n\u00e3o tem d\u00favidas sobre o promissor<strong>\u00a0<\/strong><strong>setor<\/strong>: \u00a0\u201cEstamos no momento do g\u00e1s. Criamos um encontro com os mais renomados especialistas, representantes do poder p\u00fablico e da iniciativa privada para propiciar conhecimentos, tra\u00e7armos cen\u00e1rios, perspectivas e impulsionarmos neg\u00f3cios\u201d, afirma Leal.<\/p>\n<p>Entre os conferencistas est\u00e3o o<strong>\u00a0<\/strong>C\u00f4nsul da China, Xu Yuansheng, o Secret\u00e1rio de Estado de Desenvolvimento Econ\u00f4mico, Emprego e Rela\u00e7\u00f5es Internacionais, Lucas Trist\u00e3o, a Subsecret\u00e1ria de \u00d3leo, G\u00e1s e Energia, Cristina Pinho, a Superintendente Estadual de \u00d3leo, G\u00e1s, Energia e Ind\u00fastria, Meg Montana, o Superintendente de Participa\u00e7\u00f5es Governamentais da ANP, Rubens Freitas, o Gerente de Tecnologia e Inova\u00e7\u00e3o da FIRJAN\/SENAI, Mauricio Ogawa.<\/p>\n<p>Estima-se mais de 2 mil pessoas no evento, que contar\u00e1 com\u00a0tr\u00eas ambientes: a \u00c1rea de Conhecimento, a \u00c1rea de Ambiente de Neg\u00f3cios e a \u00c1rea dos Expositores reservada aos stands das\u00a0empresas participantes.<\/p>\n<p>A \u00c1rea de Conhecimento oferecer\u00e1 oito ricos pain\u00e9is sobre os desafios, as possibilidades, os avan\u00e7os, o futuro e a import\u00e2ncia do g\u00e1s natural como vetor de crescimento econ\u00f4mico. Todos abertos ao p\u00fablico, sujeitos a lota\u00e7\u00e3o.<\/p>\n<p>J\u00e1 a \u00c1rea de Ambiente de Neg\u00f3cios promover\u00e1\u00a0a integra\u00e7\u00e3o entre empres\u00e1rios da ind\u00fastria e com\u00e9rcio de petr\u00f3leo e g\u00e1s da Regi\u00e3o do Conleste com os principais EPCistas da Petrobras.<\/p>\n<p>Na \u00c1rea dos Expositores, haver\u00e1 a presen\u00e7a das principais empresas do setor do g\u00e1s do Leste Fluminense: Petrobras,\u00a0\u00a0Kerui\/Metodo e Concremat\/Encalso. Destaca-se ainda a presen\u00e7a da americana McDermott. Todas fazem parte das obras referentes ao Gasoduto Rota 3, que perpassa os munic\u00edpios de Maric\u00e1 e Itabora\u00ed, ou da Unidade de Processamento de G\u00e1s Natural (UPGN) que est\u00e1 sendo constru\u00edda no Complexo Petroqu\u00edmico do Estado do Rio de Janeiro (Comperj), em Itabora\u00ed.<\/p>\n<p style=\"text-align: justify;\">Programa\u00e7\u00e3o: <a href=\"http:\/\/www.itagaseoil.com.br\/programacao\/\"><span style=\"color: #0000ff;\">http:\/\/www.itagaseoil.com.br\/programacao\/<\/span><\/a><\/p>\n<p><strong>Ita Gas&amp;Oil<\/strong><br \/>\nQuando: 24 e 25 de julho (quarta e quinta-feira)<br \/>\nHor\u00e1rio: das 10h \u00e0s 18h<br \/>\nLocal: Col\u00e9gio Adventista de Itabora\u00ed<br \/>\nEndere\u00e7o:\u00a0Rua Desembargador Ferreira Pinto, 721\u00a0Centro, Itabora\u00ed (RJ)<br \/>\n<span style=\"color: #0000ff;\">contato@itagaseoil.com.br<\/span> |<span style=\"color: #0000ff;\">\u00a0<a style=\"color: #0000ff;\" href=\"http:\/\/www.itagaseoil.com.br\/\">www.itagaseoil.com.br<\/a><\/span><\/p>\n","protected":false},"excerpt":{"rendered":"<p>Julho, 2019 &#8211; Respons\u00e1vel por 16% do PIB estadual, o setor de g\u00e1s e \u00f3leo destaca-se como protagonista para o desenvolvimento socioecon\u00f4mico do Leste Fluminense.\u00a0 Para fortalecer e consolidar a voca\u00e7\u00e3o regional, pela primeira vez, acontece o maior encontro do setor j\u00e1 realizado no Pa\u00eds, em Itabora\u00ed, o Ita Gas&amp;Oil, reunindo autoridades nacionais e internacionais, [&hellip;]<\/p>\n","protected":false},"author":1,"featured_media":12186,"comment_status":"open","ping_status":"open","sticky":false,"template":"","format":"standard","meta":{"_uag_custom_page_level_css":"","footnotes":""},"categories":[33],"tags":[16956,16952,15346,16960,16957,4136,16953,16955,5338,16954,5552,16951,16846,6421,15266,7295,8422,8859,16959,16958],"class_list":["post-12185","post","type-post","status-publish","format-standard","has-post-thumbnail","hentry","category-mercado","tag-comperj-solucoes-e-novos-caminhos","tag-concremat-encalso","tag-conleste","tag-construcao-petroleo-e-gas","tag-consul-da-china","tag-empreendimentos-comerciais","tag-empregos-desenvolvimento-e-meio-ambiente","tag-energia-e-industria","tag-gas","tag-gasoduto-rota-3","tag-governo-do-rio","tag-ita-gasoil","tag-ita-gasoil-2019","tag-itaborai-rj","tag-kerui-metodo","tag-marica-rj","tag-oleo","tag-petrobras","tag-saneamento-em-itaborai-rj","tag-xu-yuansheng"],"blocksy_meta":[],"spectra_blocks_featured_image_url":{"thumbnail":{"url":"https:\/\/construcaocivil.siriusmarketingedesign.com.br\/wp-content\/uploads\/2019\/07\/COMPERJ-150x150.jpg","width":150,"height":150},"medium":{"url":"https:\/\/construcaocivil.siriusmarketingedesign.com.br\/wp-content\/uploads\/2019\/07\/COMPERJ-300x169.jpg","width":300,"height":169},"medium_large":{"url":"https:\/\/construcaocivil.siriusmarketingedesign.com.br\/wp-content\/uploads\/2019\/07\/COMPERJ-768x432.jpg","width":768,"height":432},"large":{"url":"https:\/\/construcaocivil.siriusmarketingedesign.com.br\/wp-content\/uploads\/2019\/07\/COMPERJ-1024x576.jpg","width":1024,"height":576},"full":{"url":"https:\/\/construcaocivil.siriusmarketingedesign.com.br\/wp-content\/uploads\/2019\/07\/COMPERJ.jpg","width":1280,"height":720}},"spectra_blocks_author_info":{"display_name":"Jornal da Constru\u00e7\u00e3o Civil","avatar_url":"https:\/\/secure.gravatar.com\/avatar\/973c9774fd44ddaceb026973c4962faa70fc512bc4c9da68e8ebb40fecee6540?s=96&d=mm&r=g","author_link":"https:\/\/construcaocivil.siriusmarketingedesign.com.br\/?author=1","description":"Desde de 2013, levando muitas informa\u00e7\u00f5es, lan\u00e7amentos e produtos de qualidade para toda cadeia produtiva da constru\u00e7\u00e3o. O Futuro da constru\u00e7\u00e3o passa por aqui,"},"uagb_featured_image_src":{"full":["https:\/\/construcaocivil.siriusmarketingedesign.com.br\/wp-content\/uploads\/2019\/07\/COMPERJ.jpg",1280,720,false],"thumbnail":["https:\/\/construcaocivil.siriusmarketingedesign.com.br\/wp-content\/uploads\/2019\/07\/COMPERJ-150x150.jpg",150,150,true],"medium":["https:\/\/construcaocivil.siriusmarketingedesign.com.br\/wp-content\/uploads\/2019\/07\/COMPERJ-300x169.jpg",300,169,true],"medium_large":["https:\/\/construcaocivil.siriusmarketingedesign.com.br\/wp-content\/uploads\/2019\/07\/COMPERJ-768x432.jpg",768,432,true],"large":["https:\/\/construcaocivil.siriusmarketingedesign.com.br\/wp-content\/uploads\/2019\/07\/COMPERJ-1024x576.jpg",1024,576,true],"1536x1536":["https:\/\/construcaocivil.siriusmarketingedesign.com.br\/wp-content\/uploads\/2019\/07\/COMPERJ.jpg",1280,720,false],"2048x2048":["https:\/\/construcaocivil.siriusmarketingedesign.com.br\/wp-content\/uploads\/2019\/07\/COMPERJ.jpg",1280,720,false]},"uagb_author_info":{"display_name":"Jornal da Constru\u00e7\u00e3o Civil","author_link":"https:\/\/construcaocivil.siriusmarketingedesign.com.br\/?author=1"},"uagb_comment_info":0,"uagb_excerpt":"Julho, 2019 &#8211; Respons\u00e1vel por 16% do PIB estadual, o setor de g\u00e1s e \u00f3leo destaca-se como protagonista para o desenvolvimento socioecon\u00f4mico do Leste Fluminense.\u00a0 Para fortalecer e consolidar a voca\u00e7\u00e3o regional, pela primeira vez, acontece o maior encontro do setor j\u00e1 realizado no Pa\u00eds, em Itabora\u00ed, o Ita Gas&amp;Oil, reunindo autoridades nacionais e internacionais,&hellip;","_links":{"self":[{"href":"https:\/\/construcaocivil.siriusmarketingedesign.com.br\/index.php?rest_route=\/wp\/v2\/posts\/12185","targetHints":{"allow":["GET"]}}],"collection":[{"href":"https:\/\/construcaocivil.siriusmarketingedesign.com.br\/index.php?rest_route=\/wp\/v2\/posts"}],"about":[{"href":"https:\/\/construcaocivil.siriusmarketingedesign.com.br\/index.php?rest_route=\/wp\/v2\/types\/post"}],"author":[{"embeddable":true,"href":"https:\/\/construcaocivil.siriusmarketingedesign.com.br\/index.php?rest_route=\/wp\/v2\/users\/1"}],"replies":[{"embeddable":true,"href":"https:\/\/construcaocivil.siriusmarketingedesign.com.br\/index.php?rest_route=%2Fwp%2Fv2%2Fcomments&post=12185"}],"version-history":[{"count":0,"href":"https:\/\/construcaocivil.siriusmarketingedesign.com.br\/index.php?rest_route=\/wp\/v2\/posts\/12185\/revisions"}],"wp:featuredmedia":[{"embeddable":true,"href":"https:\/\/construcaocivil.siriusmarketingedesign.com.br\/index.php?rest_route=\/wp\/v2\/media\/12186"}],"wp:attachment":[{"href":"https:\/\/construcaocivil.siriusmarketingedesign.com.br\/index.php?rest_route=%2Fwp%2Fv2%2Fmedia&parent=12185"}],"wp:term":[{"taxonomy":"category","embeddable":true,"href":"https:\/\/construcaocivil.siriusmarketingedesign.com.br\/index.php?rest_route=%2Fwp%2Fv2%2Fcategories&post=12185"},{"taxonomy":"post_tag","embeddable":true,"href":"https:\/\/construcaocivil.siriusmarketingedesign.com.br\/index.php?rest_route=%2Fwp%2Fv2%2Ftags&post=12185"}],"curies":[{"name":"wp","href":"https:\/\/api.w.org\/{rel}","templated":true}]}}