{"id":12193,"date":"2019-07-24T12:09:14","date_gmt":"2019-07-24T15:09:14","guid":{"rendered":"https:\/\/www.jornaldaconstrucaocivil.com.br\/?p=12193"},"modified":"2019-07-24T12:09:14","modified_gmt":"2019-07-24T15:09:14","slug":"saiba-como-e-por-que-revestir-as-escadas-com-piso-vinilico","status":"publish","type":"post","link":"https:\/\/construcaocivil.siriusmarketingedesign.com.br\/?p=12193","title":{"rendered":"Saiba como e por que revestir as escadas com piso vin\u00edlico"},"content":{"rendered":"<p style=\"text-align: justify;\"><span style=\"color: #993300;\">Julho,2019<\/span> &#8211; Mais do que parte da circula\u00e7\u00e3o de um andar para o outro, as escadas podem compor a decora\u00e7\u00e3o proporcionando unidade entre os espa\u00e7os interligados. A escolha do material para revestir depende da decora\u00e7\u00e3o e do tipo de material com que foi feita. Seu acabamento merece aten\u00e7\u00e3o especial.<\/p>\n<p style=\"text-align: justify;\">Em rela\u00e7\u00e3o \u00e0 ambienta\u00e7\u00e3o, os degraus podem ser uma continua\u00e7\u00e3o do piso inferior ou superior, gerando assim maior integra\u00e7\u00e3o. Quando se usa o piso vin\u00edlico tamb\u00e9m \u00e9 poss\u00edvel utilizar este mesmo revestimento na escada. Essa op\u00e7\u00e3o costuma ficar ainda melhor quando o andar de baixo e o de cima s\u00e3o iguais e proporciona a mesma eleg\u00e2ncia da madeira. As linhas da\u00a0<span style=\"color: #0000ff;\"><a style=\"color: #0000ff;\" href=\"https:\/\/ydigeatreedtequtibeawge.i-mpr.com\/link.php?code=bDpodHRwJTNBJTJGJTJGd3d3LmVwaXNvLmNvbS5iciUyRjozNzQ2MTQ2MTA0OnJlZGFjYW9Aam9ybmFsZGFjb25zdHJ1Y2FvY2l2aWwuY29tLmJyOmQzMmQ4NQ==\" target=\"_blank\" rel=\"noopener noreferrer\"><strong>ePiso<\/strong><\/a>\u00a0<\/span>s\u00e3o pr\u00e1ticas, antiderrapantes e f\u00e1ceis de instalar.<\/p>\n<figure id=\"attachment_12195\" aria-describedby=\"caption-attachment-12195\" style=\"width: 300px\" class=\"wp-caption alignleft\"><img loading=\"lazy\" decoding=\"async\" class=\"size-medium wp-image-12195\" src=\"https:\/\/www.jornaldaconstrucaocivil.com.br\/wp-content\/uploads\/2019\/07\/ePiso-AB-300x225.jpg\" alt=\"\" width=\"300\" height=\"225\" srcset=\"https:\/\/construcaocivil.siriusmarketingedesign.com.br\/wp-content\/uploads\/2019\/07\/ePiso-AB-300x225.jpg 300w, https:\/\/construcaocivil.siriusmarketingedesign.com.br\/wp-content\/uploads\/2019\/07\/ePiso-AB-768x576.jpg 768w, https:\/\/construcaocivil.siriusmarketingedesign.com.br\/wp-content\/uploads\/2019\/07\/ePiso-AB-86x64.jpg 86w, https:\/\/construcaocivil.siriusmarketingedesign.com.br\/wp-content\/uploads\/2019\/07\/ePiso-AB.jpg 800w\" sizes=\"auto, (max-width: 300px) 100vw, 300px\" \/><figcaption id=\"caption-attachment-12195\" class=\"wp-caption-text\">Divulga\u00e7\u00e3o &#8211; ePiso<\/figcaption><\/figure>\n<p style=\"text-align: justify;\">Assim como nos demais ambientes, \u00e9 preciso que o contrapiso esteja nivelado, limpo, liso e seco. \u00c9 poss\u00edvel instalar as linhas da<span style=\"color: #0000ff;\">\u00a0<a style=\"color: #0000ff;\" href=\"https:\/\/ydigeatreedtequtibeawge.i-mpr.com\/link.php?code=bDpodHRwJTNBJTJGJTJGd3d3LmVwaXNvLmNvbS5iciUyRjozNzQ2MTQ2MTA0OnJlZGFjYW9Aam9ybmFsZGFjb25zdHJ1Y2FvY2l2aWwuY29tLmJyOmQzMmQ4NQ==\" target=\"_blank\" rel=\"noopener noreferrer\">ePiso<\/a><\/span>sobre outro tipo de piso, desde que esteja bem nivelado e curado. No caso da madeira \u00e9 recomendado remov\u00ea-la e ap\u00f3s a devida avalia\u00e7\u00e3o t\u00e9cnica aplicar sobre o substrato existente se necess\u00e1rio. &#8220;\u00c9 importante observar os materiais existentes da escada, se tiver estrutura met\u00e1lica \u00e9 necess\u00e1rio que esteja protegida contra ferrugem e pintada a antes de revestir&#8221;, explica o Eng. Wallace Ortiz.<\/p>\n<p style=\"text-align: justify;\">Os revestimentos da<span style=\"color: #0000ff;\">\u00a0<a style=\"color: #0000ff;\" href=\"https:\/\/ydigeatreedtequtibeawge.i-mpr.com\/link.php?code=bDpodHRwJTNBJTJGJTJGd3d3LmVwaXNvLmNvbS5iciUyRjozNzQ2MTQ2MTA0OnJlZGFjYW9Aam9ybmFsZGFjb25zdHJ1Y2FvY2l2aWwuY29tLmJyOmQzMmQ4NQ==\" target=\"_blank\" rel=\"noopener noreferrer\"><strong>ePiso<\/strong><\/a><\/span>\u00a0s\u00e3o feitos para \u00e1reas internas e evitam o ac\u00famulo de sujeira, pois sua superf\u00edcie \u00e9 simples de limpar basta apenas um pano \u00famido. Al\u00e9m disso, s\u00e3o compostos com material sint\u00e9tico e 100% ecol\u00f3gico e t\u00eam alta durabilidade.<\/p>\n<p>Site: <span style=\"color: #0000ff;\">\u00a0<a style=\"color: #0000ff;\" href=\"https:\/\/ydigeatreedtequtibeawge.i-mpr.com\/link.php?code=bDpodHRwJTNBJTJGJTJGd3d3LmVwaXNvLmNvbS5iciUyRjozNzQ2MTQ2MTA0OnJlZGFjYW9Aam9ybmFsZGFjb25zdHJ1Y2FvY2l2aWwuY29tLmJyOmQzMmQ4NQ==\" target=\"_blank\" rel=\"noopener noreferrer\">www.ePiso.com.br<\/a> \/ <a style=\"color: #0000ff;\" href=\"https:\/\/ydigeatreedtequtibeawge.i-mpr.com\/link.php?code=bDpodHRwJTNBJTJGJTJGd3d3LmZhY2Vib29rLmNvbSUyRkVwaXNvOjM3NDYxNDYxMDQ6cmVkYWNhb0Bqb3JuYWxkYWNvbnN0cnVjYW9jaXZpbC5jb20uYnI6YzczOWFi\" target=\"_blank\" rel=\"noopener noreferrer\">www.facebook.com\/Episo<\/a><\/span><\/p>\n<p>Fonte: Imprensa\/ePiso<\/p>\n","protected":false},"excerpt":{"rendered":"<p>Julho,2019 &#8211; Mais do que parte da circula\u00e7\u00e3o de um andar para o outro, as escadas podem compor a decora\u00e7\u00e3o proporcionando unidade entre os espa\u00e7os interligados. A escolha do material para revestir depende da decora\u00e7\u00e3o e do tipo de material com que foi feita. Seu acabamento merece aten\u00e7\u00e3o especial. Em rela\u00e7\u00e3o \u00e0 ambienta\u00e7\u00e3o, os degraus [&hellip;]<\/p>\n","protected":false},"author":1,"featured_media":12194,"comment_status":"open","ping_status":"open","sticky":false,"template":"","format":"standard","meta":{"_uag_custom_page_level_css":"","footnotes":""},"categories":[28],"tags":[16962,16969,16965,16963,16964,16967,16970,16968,10375,16966,10631,13643,13541],"class_list":["post-12193","post","type-post","status-publish","format-standard","has-post-thumbnail","hentry","category-arquitetura","tag-casa-e-decoracao-pisos-vinilicos","tag-conforto-e-seguranca-pisos-vinilicos","tag-decoracao-pisos-para-escadas","tag-dicas-de-piso-para-sua-casa","tag-episo","tag-episo-escadas","tag-itajai-sc","tag-pisos-antialergenicas-e-antibacteriologicas","tag-rio-de-janeiro","tag-sala-e-corredor","tag-santo-andre-sp","tag-vendas-de-material-de-acabamento","tag-vendas-de-pisos"],"blocksy_meta":[],"spectra_blocks_featured_image_url":{"thumbnail":{"url":"https:\/\/construcaocivil.siriusmarketingedesign.com.br\/wp-content\/uploads\/2019\/07\/EPISO-150x150.jpg","width":150,"height":150},"medium":{"url":"https:\/\/construcaocivil.siriusmarketingedesign.com.br\/wp-content\/uploads\/2019\/07\/EPISO-300x225.jpg","width":300,"height":225},"medium_large":{"url":"https:\/\/construcaocivil.siriusmarketingedesign.com.br\/wp-content\/uploads\/2019\/07\/EPISO-768x576.jpg","width":768,"height":576},"large":{"url":"https:\/\/construcaocivil.siriusmarketingedesign.com.br\/wp-content\/uploads\/2019\/07\/EPISO-1024x768.jpg","width":1024,"height":768},"full":{"url":"https:\/\/construcaocivil.siriusmarketingedesign.com.br\/wp-content\/uploads\/2019\/07\/EPISO.jpg","width":1575,"height":1181}},"spectra_blocks_author_info":{"display_name":"Jornal da Constru\u00e7\u00e3o Civil","avatar_url":"https:\/\/secure.gravatar.com\/avatar\/973c9774fd44ddaceb026973c4962faa70fc512bc4c9da68e8ebb40fecee6540?s=96&d=mm&r=g","author_link":"https:\/\/construcaocivil.siriusmarketingedesign.com.br\/?author=1","description":"Desde de 2013, levando muitas informa\u00e7\u00f5es, lan\u00e7amentos e produtos de qualidade para toda cadeia produtiva da constru\u00e7\u00e3o. O Futuro da constru\u00e7\u00e3o passa por aqui,"},"uagb_featured_image_src":{"full":["https:\/\/construcaocivil.siriusmarketingedesign.com.br\/wp-content\/uploads\/2019\/07\/EPISO.jpg",1575,1181,false],"thumbnail":["https:\/\/construcaocivil.siriusmarketingedesign.com.br\/wp-content\/uploads\/2019\/07\/EPISO-150x150.jpg",150,150,true],"medium":["https:\/\/construcaocivil.siriusmarketingedesign.com.br\/wp-content\/uploads\/2019\/07\/EPISO-300x225.jpg",300,225,true],"medium_large":["https:\/\/construcaocivil.siriusmarketingedesign.com.br\/wp-content\/uploads\/2019\/07\/EPISO-768x576.jpg",768,576,true],"large":["https:\/\/construcaocivil.siriusmarketingedesign.com.br\/wp-content\/uploads\/2019\/07\/EPISO-1024x768.jpg",1024,768,true],"1536x1536":["https:\/\/construcaocivil.siriusmarketingedesign.com.br\/wp-content\/uploads\/2019\/07\/EPISO.jpg",1536,1152,false],"2048x2048":["https:\/\/construcaocivil.siriusmarketingedesign.com.br\/wp-content\/uploads\/2019\/07\/EPISO.jpg",1575,1181,false]},"uagb_author_info":{"display_name":"Jornal da Constru\u00e7\u00e3o Civil","author_link":"https:\/\/construcaocivil.siriusmarketingedesign.com.br\/?author=1"},"uagb_comment_info":0,"uagb_excerpt":"Julho,2019 &#8211; Mais do que parte da circula\u00e7\u00e3o de um andar para o outro, as escadas podem compor a decora\u00e7\u00e3o proporcionando unidade entre os espa\u00e7os interligados. A escolha do material para revestir depende da decora\u00e7\u00e3o e do tipo de material com que foi feita. Seu acabamento merece aten\u00e7\u00e3o especial. Em rela\u00e7\u00e3o \u00e0 ambienta\u00e7\u00e3o, os degraus&hellip;","_links":{"self":[{"href":"https:\/\/construcaocivil.siriusmarketingedesign.com.br\/index.php?rest_route=\/wp\/v2\/posts\/12193","targetHints":{"allow":["GET"]}}],"collection":[{"href":"https:\/\/construcaocivil.siriusmarketingedesign.com.br\/index.php?rest_route=\/wp\/v2\/posts"}],"about":[{"href":"https:\/\/construcaocivil.siriusmarketingedesign.com.br\/index.php?rest_route=\/wp\/v2\/types\/post"}],"author":[{"embeddable":true,"href":"https:\/\/construcaocivil.siriusmarketingedesign.com.br\/index.php?rest_route=\/wp\/v2\/users\/1"}],"replies":[{"embeddable":true,"href":"https:\/\/construcaocivil.siriusmarketingedesign.com.br\/index.php?rest_route=%2Fwp%2Fv2%2Fcomments&post=12193"}],"version-history":[{"count":0,"href":"https:\/\/construcaocivil.siriusmarketingedesign.com.br\/index.php?rest_route=\/wp\/v2\/posts\/12193\/revisions"}],"wp:featuredmedia":[{"embeddable":true,"href":"https:\/\/construcaocivil.siriusmarketingedesign.com.br\/index.php?rest_route=\/wp\/v2\/media\/12194"}],"wp:attachment":[{"href":"https:\/\/construcaocivil.siriusmarketingedesign.com.br\/index.php?rest_route=%2Fwp%2Fv2%2Fmedia&parent=12193"}],"wp:term":[{"taxonomy":"category","embeddable":true,"href":"https:\/\/construcaocivil.siriusmarketingedesign.com.br\/index.php?rest_route=%2Fwp%2Fv2%2Fcategories&post=12193"},{"taxonomy":"post_tag","embeddable":true,"href":"https:\/\/construcaocivil.siriusmarketingedesign.com.br\/index.php?rest_route=%2Fwp%2Fv2%2Ftags&post=12193"}],"curies":[{"name":"wp","href":"https:\/\/api.w.org\/{rel}","templated":true}]}}