{"id":12224,"date":"2019-07-30T12:15:19","date_gmt":"2019-07-30T15:15:19","guid":{"rendered":"https:\/\/www.jornaldaconstrucaocivil.com.br\/?p=12224"},"modified":"2019-07-30T12:17:52","modified_gmt":"2019-07-30T15:17:52","slug":"inscricoes-para-o-dia-nacional-da-construcao-social-vao-ate-5-de-agosto","status":"publish","type":"post","link":"https:\/\/construcaocivil.siriusmarketingedesign.com.br\/?p=12224","title":{"rendered":"Inscri\u00e7\u00f5es para o &#8220;Dia Nacional da Constru\u00e7\u00e3o Social&#8221; v\u00e3o at\u00e9 5 de agosto"},"content":{"rendered":"<p dir=\"ltr\" style=\"text-align: justify;\"><span style=\"color: #993300;\">Julho, 2019<\/span> &#8211; Empresas associadas ao Sindicato da Ind\u00fastria da Constru\u00e7\u00e3o Civil no Estado de Minas Gerais (Sinduscon-MG) e ao Servi\u00e7o Social da Ind\u00fastria da Constru\u00e7\u00e3o Civil no Estado de Minas Gerais (Seconci-MG) podem inscrever os trabalhadores de suas obras, assim como seus familiares, para a edi\u00e7\u00e3o de 2019 do Dia Nacional da Constru\u00e7\u00e3o Social (DNCS). O evento ser\u00e1 realizado no dia 17 de agosto (s\u00e1bado).<\/p>\n<p dir=\"ltr\" style=\"text-align: justify;\">Promovida pela C\u00e2mara Brasileira da Ind\u00fastria da Constru\u00e7\u00e3o (CBIC), por meio da Comiss\u00e3o de Responsabilidade Social (CRS), e pelo Sesi Nacional, com apoio especial do Seconci Brasil, a a\u00e7\u00e3o voltada \u00e0 execu\u00e7\u00e3o da responsabilidade empresarial mais uma vez reunir\u00e1 empresas, entidades, l\u00edderes setoriais, trabalhadores e seus familiares em um grande evento que promove a qualidade de vida por meio de a\u00e7\u00f5es em sa\u00fade, educa\u00e7\u00e3o, lazer e cidadania. Com o tema &#8220;O mundo est\u00e1 mudando, e voc\u00ea?&#8221;, o evento ser\u00e1 realizado em diferentes cidades do Brasil. A a\u00e7\u00e3o deste ano trabalhar\u00e1 as mudan\u00e7as no mercado de trabalho, impactos e import\u00e2ncia da tecnologia e da atualiza\u00e7\u00e3o dos trabalhadores para permanecerem no mercado.<\/p>\n<figure id=\"attachment_12226\" aria-describedby=\"caption-attachment-12226\" style=\"width: 300px\" class=\"wp-caption alignleft\"><img loading=\"lazy\" decoding=\"async\" class=\"size-medium wp-image-12226\" src=\"https:\/\/www.jornaldaconstrucaocivil.com.br\/wp-content\/uploads\/2019\/07\/Dia-Nacional-da-Constru\u00e7\u00e3o-Social-2017-Cr\u00e9dito-Sinduscon-MG-3-300x225.jpg\" alt=\"\" width=\"300\" height=\"225\" srcset=\"https:\/\/construcaocivil.siriusmarketingedesign.com.br\/wp-content\/uploads\/2019\/07\/Dia-Nacional-da-Constru\u00e7\u00e3o-Social-2017-Cr\u00e9dito-Sinduscon-MG-3-300x225.jpg 300w, https:\/\/construcaocivil.siriusmarketingedesign.com.br\/wp-content\/uploads\/2019\/07\/Dia-Nacional-da-Constru\u00e7\u00e3o-Social-2017-Cr\u00e9dito-Sinduscon-MG-3-768x576.jpg 768w, https:\/\/construcaocivil.siriusmarketingedesign.com.br\/wp-content\/uploads\/2019\/07\/Dia-Nacional-da-Constru\u00e7\u00e3o-Social-2017-Cr\u00e9dito-Sinduscon-MG-3-1024x768.jpg 1024w, https:\/\/construcaocivil.siriusmarketingedesign.com.br\/wp-content\/uploads\/2019\/07\/Dia-Nacional-da-Constru\u00e7\u00e3o-Social-2017-Cr\u00e9dito-Sinduscon-MG-3-86x64.jpg 86w, https:\/\/construcaocivil.siriusmarketingedesign.com.br\/wp-content\/uploads\/2019\/07\/Dia-Nacional-da-Constru\u00e7\u00e3o-Social-2017-Cr\u00e9dito-Sinduscon-MG-3.jpg 2048w\" sizes=\"auto, (max-width: 300px) 100vw, 300px\" \/><figcaption id=\"caption-attachment-12226\" class=\"wp-caption-text\">Dia Nacional da Constru\u00e7\u00e3o Social 2017 &#8211; Cr\u00e9dito Sinduscon-MG<\/figcaption><\/figure>\n<p dir=\"ltr\" style=\"text-align: justify;\">Em Minas Gerais, o DNCS \u00e9 organizado pelo Sinduscon-MG e o Seconci-MG e conta com o apoio do Sesi-Minas. A iniciativa que, mais uma vez, acontecer\u00e1 no Clube Sesi Betim vai oferecer aos trabalhadores da constru\u00e7\u00e3o civil e seus familiares uma estrutura com piscinas, quadras de futebol, al\u00e9m de atividades variadas que v\u00e3o desde recrea\u00e7\u00e3o a espa\u00e7os para cuidados com a sa\u00fade e beleza. Empresas associadas \u00e0s duas entidades (Sinduscon-MG e Seconci-MG) que quiserem inscrever seus colaboradores e familiares deles, devem fazer a inscri\u00e7\u00e3o pelo link <span style=\"text-decoration: underline;\"><span style=\"color: #0000ff; text-decoration: underline;\"><a style=\"color: #0000ff; text-decoration: underline;\" href=\"http:\/\/bit.ly\/dncs2019inscricoes\" target=\"_blank\" rel=\"noopener noreferrer\">http:\/\/bit.ly\/dncs2019inscricoes<\/a>,<\/span><\/span> at\u00e9 o dia 5 de agosto.<\/p>\n<p dir=\"ltr\" style=\"text-align: justify;\">Cada associada tem direito a 50 vagas (incluindo colaboradores e seus familiares). Construtoras interessadas em mais vagas, devem informar no formul\u00e1rio de inscri\u00e7\u00e3o quantas vagas adicionais desejam obter. Ao final do processo de inscri\u00e7\u00e3o, ser\u00e3o informadas sobre a disponibilidade.<\/p>\n<p dir=\"ltr\" style=\"text-align: justify;\"><strong><span style=\"color: #0000ff;\">A\u00e7\u00e3o social<\/span><\/strong><\/p>\n<p dir=\"ltr\" style=\"text-align: justify;\">O Dia Nacional da Constru\u00e7\u00e3o Social tamb\u00e9m vai contar com uma biblioteca para doa\u00e7\u00e3o de livros aos participantes do evento. Para enriquecer esta a\u00e7\u00e3o de incentivo \u00e0 leitura, o Seconci-MG e o Sinduscon-MG est\u00e3o promovendo uma campanha para arrecada\u00e7\u00e3o de livros de literatura e gibis em bom estado de conserva\u00e7\u00e3o. Assim os trabalhadores e seus familiares ter\u00e3o acesso a uma quantidade maior e mais variada de t\u00edtulos, de diferentes temas e autores, para escolher entre aqueles que levar\u00e3o para casa.<\/p>\n<p dir=\"ltr\" style=\"text-align: justify;\">A campanha tamb\u00e9m est\u00e1 arrecadando arma\u00e7\u00f5es de \u00f3culos usadas para serem doadas \u00e0s pessoas de baixa renda. Contribui\u00e7\u00f5es podem ser encaminhadas ao Departamento de Servi\u00e7o Social do Seconci-MG (Rua Diamantina, 285 \u2013 1\u00ba andar. Lagoinha) ou ao Sinduscon-MG (Rua Mar\u00edlia de Dirceu, 226 \u2013 3\u00ba andar. Lourdes) nos hor\u00e1rios de 08h \u00e0s 12h e de 14h \u00e0s 18h.<\/p>\n<p dir=\"ltr\"><strong><span style=\"color: #0000ff;\">Sobre o Dia Nacional da Constru\u00e7\u00e3o Social em Minas<\/span><\/strong><\/p>\n<p dir=\"ltr\">Dia: 17 de agosto \u2013 s\u00e1bado<\/p>\n<p dir=\"ltr\">Hor\u00e1rio: 09h \u00e0s 14h<\/p>\n<p dir=\"ltr\">Local: Clube do Trabalhador \u2013 SESI\/ Betim (R. Bela Vista, 220 \u2013 Ch\u00e1caras, Betim-MG)<\/p>\n<p dir=\"ltr\">Inscreva-se no link abaixo at\u00e9 o dia 05 de agosto<\/p>\n<p dir=\"ltr\"><span style=\"color: #0000ff;\"><a style=\"color: #0000ff;\" href=\"http:\/\/bit.ly\/dncs2019inscricoes\" target=\"_blank\" rel=\"noopener noreferrer\">http:\/\/bit.ly\/dncs2019inscricoes<\/a><\/span><\/p>\n<p dir=\"ltr\">Fonte; imprensa\/ Sinduscon-MG<\/p>\n","protected":false},"excerpt":{"rendered":"<p>Julho, 2019 &#8211; Empresas associadas ao Sindicato da Ind\u00fastria da Constru\u00e7\u00e3o Civil no Estado de Minas Gerais (Sinduscon-MG) e ao Servi\u00e7o Social da Ind\u00fastria da Constru\u00e7\u00e3o Civil no Estado de Minas Gerais (Seconci-MG) podem inscrever os trabalhadores de suas obras, assim como seus familiares, para a edi\u00e7\u00e3o de 2019 do Dia Nacional da Constru\u00e7\u00e3o Social [&hellip;]<\/p>\n","protected":false},"author":1,"featured_media":12225,"comment_status":"open","ping_status":"open","sticky":false,"template":"","format":"standard","meta":{"_uag_custom_page_level_css":"","footnotes":""},"categories":[27],"tags":[1340,1360,16995,16999,16997,16998,17001,17000,10693,17002,17003,16996,11157,11845],"class_list":["post-12224","post","type-post","status-publish","format-standard","has-post-thumbnail","hentry","category-acontece","tag-belo-horizonte-mg","tag-betim-mg","tag-chacaras","tag-cidadania-e-lazer","tag-dia-nacional-da-construcao-social-em-minas","tag-dia-nacional-da-construcao-social-no-brasil","tag-familias-e-criancas","tag-inscricoes-para-empresas-construtoras-e-construtores","tag-saude","tag-saude-exames-de-vista","tag-servicos-medicos","tag-sesi-betim","tag-sinduscon-mg","tag-trabalhadores-da-construcao-civil"],"blocksy_meta":[],"spectra_blocks_featured_image_url":{"thumbnail":{"url":"https:\/\/construcaocivil.siriusmarketingedesign.com.br\/wp-content\/uploads\/2019\/07\/DNCS-150x150.jpeg","width":150,"height":150},"medium":{"url":"https:\/\/construcaocivil.siriusmarketingedesign.com.br\/wp-content\/uploads\/2019\/07\/DNCS-300x149.jpeg","width":300,"height":149},"medium_large":{"url":"https:\/\/construcaocivil.siriusmarketingedesign.com.br\/wp-content\/uploads\/2019\/07\/DNCS-768x382.jpeg","width":768,"height":382},"large":{"url":"https:\/\/construcaocivil.siriusmarketingedesign.com.br\/wp-content\/uploads\/2019\/07\/DNCS-1024x510.jpeg","width":1024,"height":510},"full":{"url":"https:\/\/construcaocivil.siriusmarketingedesign.com.br\/wp-content\/uploads\/2019\/07\/DNCS.jpeg","width":1280,"height":637}},"spectra_blocks_author_info":{"display_name":"Jornal da Constru\u00e7\u00e3o Civil","avatar_url":"https:\/\/secure.gravatar.com\/avatar\/973c9774fd44ddaceb026973c4962faa70fc512bc4c9da68e8ebb40fecee6540?s=96&d=mm&r=g","author_link":"https:\/\/construcaocivil.siriusmarketingedesign.com.br\/?author=1","description":"Desde de 2013, levando muitas informa\u00e7\u00f5es, lan\u00e7amentos e produtos de qualidade para toda cadeia produtiva da constru\u00e7\u00e3o. O Futuro da constru\u00e7\u00e3o passa por aqui,"},"uagb_featured_image_src":{"full":["https:\/\/construcaocivil.siriusmarketingedesign.com.br\/wp-content\/uploads\/2019\/07\/DNCS.jpeg",1280,637,false],"thumbnail":["https:\/\/construcaocivil.siriusmarketingedesign.com.br\/wp-content\/uploads\/2019\/07\/DNCS-150x150.jpeg",150,150,true],"medium":["https:\/\/construcaocivil.siriusmarketingedesign.com.br\/wp-content\/uploads\/2019\/07\/DNCS-300x149.jpeg",300,149,true],"medium_large":["https:\/\/construcaocivil.siriusmarketingedesign.com.br\/wp-content\/uploads\/2019\/07\/DNCS-768x382.jpeg",768,382,true],"large":["https:\/\/construcaocivil.siriusmarketingedesign.com.br\/wp-content\/uploads\/2019\/07\/DNCS-1024x510.jpeg",1024,510,true],"1536x1536":["https:\/\/construcaocivil.siriusmarketingedesign.com.br\/wp-content\/uploads\/2019\/07\/DNCS.jpeg",1280,637,false],"2048x2048":["https:\/\/construcaocivil.siriusmarketingedesign.com.br\/wp-content\/uploads\/2019\/07\/DNCS.jpeg",1280,637,false]},"uagb_author_info":{"display_name":"Jornal da Constru\u00e7\u00e3o Civil","author_link":"https:\/\/construcaocivil.siriusmarketingedesign.com.br\/?author=1"},"uagb_comment_info":0,"uagb_excerpt":"Julho, 2019 &#8211; Empresas associadas ao Sindicato da Ind\u00fastria da Constru\u00e7\u00e3o Civil no Estado de Minas Gerais (Sinduscon-MG) e ao Servi\u00e7o Social da Ind\u00fastria da Constru\u00e7\u00e3o Civil no Estado de Minas Gerais (Seconci-MG) podem inscrever os trabalhadores de suas obras, assim como seus familiares, para a edi\u00e7\u00e3o de 2019 do Dia Nacional da Constru\u00e7\u00e3o Social&hellip;","_links":{"self":[{"href":"https:\/\/construcaocivil.siriusmarketingedesign.com.br\/index.php?rest_route=\/wp\/v2\/posts\/12224","targetHints":{"allow":["GET"]}}],"collection":[{"href":"https:\/\/construcaocivil.siriusmarketingedesign.com.br\/index.php?rest_route=\/wp\/v2\/posts"}],"about":[{"href":"https:\/\/construcaocivil.siriusmarketingedesign.com.br\/index.php?rest_route=\/wp\/v2\/types\/post"}],"author":[{"embeddable":true,"href":"https:\/\/construcaocivil.siriusmarketingedesign.com.br\/index.php?rest_route=\/wp\/v2\/users\/1"}],"replies":[{"embeddable":true,"href":"https:\/\/construcaocivil.siriusmarketingedesign.com.br\/index.php?rest_route=%2Fwp%2Fv2%2Fcomments&post=12224"}],"version-history":[{"count":0,"href":"https:\/\/construcaocivil.siriusmarketingedesign.com.br\/index.php?rest_route=\/wp\/v2\/posts\/12224\/revisions"}],"wp:featuredmedia":[{"embeddable":true,"href":"https:\/\/construcaocivil.siriusmarketingedesign.com.br\/index.php?rest_route=\/wp\/v2\/media\/12225"}],"wp:attachment":[{"href":"https:\/\/construcaocivil.siriusmarketingedesign.com.br\/index.php?rest_route=%2Fwp%2Fv2%2Fmedia&parent=12224"}],"wp:term":[{"taxonomy":"category","embeddable":true,"href":"https:\/\/construcaocivil.siriusmarketingedesign.com.br\/index.php?rest_route=%2Fwp%2Fv2%2Fcategories&post=12224"},{"taxonomy":"post_tag","embeddable":true,"href":"https:\/\/construcaocivil.siriusmarketingedesign.com.br\/index.php?rest_route=%2Fwp%2Fv2%2Ftags&post=12224"}],"curies":[{"name":"wp","href":"https:\/\/api.w.org\/{rel}","templated":true}]}}