{"id":12235,"date":"2019-07-31T12:56:19","date_gmt":"2019-07-31T15:56:19","guid":{"rendered":"https:\/\/www.jornaldaconstrucaocivil.com.br\/?p=12235"},"modified":"2019-07-31T12:56:19","modified_gmt":"2019-07-31T15:56:19","slug":"conforto-tecnologia-e-futuro-sao-os-pilares-do-arq-smart-construction","status":"publish","type":"post","link":"https:\/\/construcaocivil.siriusmarketingedesign.com.br\/?p=12235","title":{"rendered":"Conforto, tecnologia e futuro s\u00e3o os pilares do ARQ+ Smart Construction"},"content":{"rendered":"<p style=\"text-align: justify;\"><span style=\"color: #993300;\">Julho, 2019<\/span> &#8211; O ARQ+ Smart Construction \u00e9 um espa\u00e7o para os profissionais de arquitetura e constru\u00e7\u00e3o estarem em contato com novos produtos e materiais, conhecer as inova\u00e7\u00f5es mais recentes do setor e ainda se atualizar, fazer networking e realizar neg\u00f3cios.<br \/>\nA ideia do evento \u00e9 a de conectar esses profissionais, oferecendo conte\u00fado, neg\u00f3cios e relacionamento sob os pilares:<\/p>\n<p style=\"text-align: justify;\"><span style=\"color: #0000ff;\"><strong>FUTURO:<\/strong><\/span>\u00a0Produtos e sistemas para acessibilidade e longevidade. Materiais sustent\u00e1veis.<br \/>\n<span style=\"color: #0000ff;\"><strong>CONFORTO:<\/strong><\/span>\u00a0Solu\u00e7\u00f5es ac\u00fasticas, t\u00e9rmicas, lum\u00ednicas e vedac\u00f5es.<br \/>\n<span style=\"color: #0000ff;\"><strong>TECNOLOGIA:<\/strong>\u00a0<\/span>Software, hardware e Soluc\u00f5es em TI.<\/p>\n<p style=\"text-align: justify;\">Em sua estreia no ano passado, o ARQ+ contou com o apoio da Pr\u00f3 Ac\u00fastica Associa\u00e7\u00e3o Brasileira para a Qualidade Ac\u00fastica para criar a Ilha ProAc\u00fastica. No espa\u00e7o, empresas associadas apresentaram as solu\u00e7\u00f5es do mercado ac\u00fastico.<br \/>\nO evento nasceu ap\u00f3s estudos e an\u00e1lises do mercado de arquitetura e constru\u00e7\u00e3o feitos pelo idealizador do evento, Lauro Andrade, no per\u00edodo de 2004 at\u00e9 os dias de hoje.<\/p>\n<p style=\"text-align: justify;\">ARQ+ Smart Construction 2018 | Ao todo, foram 12 talks gratuitos em 3 dias de feira. A implanta\u00e7\u00e3o do BIM (Building Information Model) foi tema apresenta\u00e7\u00e3o do arquiteto Jos\u00e9 Rocha.<\/p>\n<p style=\"text-align: justify;\">A edi\u00e7\u00e3o de 2019 conta com a renova\u00e7\u00e3o da parceria com a Pr\u00f3 Ac\u00fastica Associa\u00e7\u00e3o Brasileira para a Qualidade Ac\u00fastica e ganha tamb\u00e9m o apoio da Associa\u00e7\u00e3o Brasileira dos Fabricantes de Sistemas, Perfis e Componentes para Esquadrias de PVC, a ASPEC PVC.<\/p>\n<p style=\"text-align: justify;\">A programa\u00e7\u00e3o de talks fica por conta da revista Projeto, sob dire\u00e7\u00e3o de Fernando Mungioli, com temas como acessibilidade, sustentabilidade, mobilidade, longevidade, sustentabilidade, conforto ac\u00fastico e luminoso, BIM,RA e RV, por exemplo.<\/p>\n<p style=\"text-align: justify;\">O ARQ+ Smart Construction acontece de 21 a 23 de agosto no S\u00e3o Paulo Expo e \u00e9 um evento simult\u00e2neo \u00e0 High Design.<br \/>\nA programa\u00e7\u00e3o completa, feita em parceria e curadoria da revista PROJETO, ser\u00e1 divulgada em breve.<\/p>\n<p>Mais informa\u00e7\u00f5es est\u00e3o dispon\u00edveis em:<span style=\"text-decoration: underline;\"> <a href=\"http:\/\/arqsmartconstruction.com\"><span style=\"color: #0000ff; text-decoration: underline;\">arqsmartconstruction.com<\/span><\/a><\/span><\/p>\n<p><span style=\"color: #0000ff;\"><strong>Servi\u00e7o<\/strong><\/span><\/p>\n<p><span style=\"color: #0000ff;\"><strong>High Design Expo<\/strong><\/span><\/p>\n<p><strong>Data:<\/strong>\u00a021,22 e 23 de agosto de 2019<\/p>\n<p><span style=\"color: #0000ff;\"><a style=\"color: #0000ff;\" href=\"https:\/\/ydigeatrequmaesinawsoxe.i-mpr.com\/link.php?code=bDpodHRwJTNBJTJGJTJGd3d3LmhpZ2hkZXNpZ25leHBvLmNvbSUyRjoyMzk5Mzk2MTIyOnJlZGFjYW9Aam9ybmFsZGFjb25zdHJ1Y2FvY2l2aWwuY29tLmJyOmJiZTQwZQ==\" target=\"_blank\" rel=\"noopener noreferrer\">highdesignexpo.com<\/a><\/span><\/p>\n<p>Fonte: imprensa\/High Design Expo 2019<\/p>\n","protected":false},"excerpt":{"rendered":"<p>Julho, 2019 &#8211; O ARQ+ Smart Construction \u00e9 um espa\u00e7o para os profissionais de arquitetura e constru\u00e7\u00e3o estarem em contato com novos produtos e materiais, conhecer as inova\u00e7\u00f5es mais recentes do setor e ainda se atualizar, fazer networking e realizar neg\u00f3cios. A ideia do evento \u00e9 a de conectar esses profissionais, oferecendo conte\u00fado, neg\u00f3cios e [&hellip;]<\/p>\n","protected":false},"author":1,"featured_media":12236,"comment_status":"open","ping_status":"open","sticky":false,"template":"","format":"standard","meta":{"_uag_custom_page_level_css":"","footnotes":""},"categories":[28],"tags":[17019,911,17023,14904,17026,2963,3538,17022,17024,17027,17020,7019,17021,17025,10455,10675,10679],"class_list":["post-12235","post","type-post","status-publish","format-standard","has-post-thumbnail","hentry","category-arquitetura","tag-arq-smart-construction","tag-arquitetura","tag-arquitetura-e-construcao-software","tag-bim-projetos-aec","tag-compradores-e-investidores","tag-construtoras","tag-design-de-interiores","tag-esquadrias-de-pvc","tag-hardware-e-solucoes-em-ti","tag-high-design-novos-negocios-para-arq-construcao","tag-high-design-2019","tag-lojistas","tag-mercado-de-material-revestimento-e-acabamento","tag-networking-para-profissionais","tag-rodada-de-negocios","tag-sao-paulo-expo","tag-sao-paulo-sp"],"blocksy_meta":[],"spectra_blocks_featured_image_url":{"thumbnail":{"url":"https:\/\/construcaocivil.siriusmarketingedesign.com.br\/wp-content\/uploads\/2019\/07\/ABB-d788f42bed3956bed8228920a0568915-150x150.jpg","width":150,"height":150},"medium":{"url":"https:\/\/construcaocivil.siriusmarketingedesign.com.br\/wp-content\/uploads\/2019\/07\/ABB-d788f42bed3956bed8228920a0568915-300x200.jpg","width":300,"height":200},"medium_large":{"url":"https:\/\/construcaocivil.siriusmarketingedesign.com.br\/wp-content\/uploads\/2019\/07\/ABB-d788f42bed3956bed8228920a0568915-768x512.jpg","width":768,"height":512},"large":{"url":"https:\/\/construcaocivil.siriusmarketingedesign.com.br\/wp-content\/uploads\/2019\/07\/ABB-d788f42bed3956bed8228920a0568915-1024x683.jpg","width":1024,"height":683},"full":{"url":"https:\/\/construcaocivil.siriusmarketingedesign.com.br\/wp-content\/uploads\/2019\/07\/ABB-d788f42bed3956bed8228920a0568915.jpg","width":1024,"height":683}},"spectra_blocks_author_info":{"display_name":"Jornal da Constru\u00e7\u00e3o Civil","avatar_url":"https:\/\/secure.gravatar.com\/avatar\/973c9774fd44ddaceb026973c4962faa70fc512bc4c9da68e8ebb40fecee6540?s=96&d=mm&r=g","author_link":"https:\/\/construcaocivil.siriusmarketingedesign.com.br\/?author=1","description":"Desde de 2013, levando muitas informa\u00e7\u00f5es, lan\u00e7amentos e produtos de qualidade para toda cadeia produtiva da constru\u00e7\u00e3o. O Futuro da constru\u00e7\u00e3o passa por aqui,"},"uagb_featured_image_src":{"full":["https:\/\/construcaocivil.siriusmarketingedesign.com.br\/wp-content\/uploads\/2019\/07\/ABB-d788f42bed3956bed8228920a0568915.jpg",1024,683,false],"thumbnail":["https:\/\/construcaocivil.siriusmarketingedesign.com.br\/wp-content\/uploads\/2019\/07\/ABB-d788f42bed3956bed8228920a0568915-150x150.jpg",150,150,true],"medium":["https:\/\/construcaocivil.siriusmarketingedesign.com.br\/wp-content\/uploads\/2019\/07\/ABB-d788f42bed3956bed8228920a0568915-300x200.jpg",300,200,true],"medium_large":["https:\/\/construcaocivil.siriusmarketingedesign.com.br\/wp-content\/uploads\/2019\/07\/ABB-d788f42bed3956bed8228920a0568915-768x512.jpg",768,512,true],"large":["https:\/\/construcaocivil.siriusmarketingedesign.com.br\/wp-content\/uploads\/2019\/07\/ABB-d788f42bed3956bed8228920a0568915-1024x683.jpg",1024,683,true],"1536x1536":["https:\/\/construcaocivil.siriusmarketingedesign.com.br\/wp-content\/uploads\/2019\/07\/ABB-d788f42bed3956bed8228920a0568915.jpg",1024,683,false],"2048x2048":["https:\/\/construcaocivil.siriusmarketingedesign.com.br\/wp-content\/uploads\/2019\/07\/ABB-d788f42bed3956bed8228920a0568915.jpg",1024,683,false]},"uagb_author_info":{"display_name":"Jornal da Constru\u00e7\u00e3o Civil","author_link":"https:\/\/construcaocivil.siriusmarketingedesign.com.br\/?author=1"},"uagb_comment_info":0,"uagb_excerpt":"Julho, 2019 &#8211; O ARQ+ Smart Construction \u00e9 um espa\u00e7o para os profissionais de arquitetura e constru\u00e7\u00e3o estarem em contato com novos produtos e materiais, conhecer as inova\u00e7\u00f5es mais recentes do setor e ainda se atualizar, fazer networking e realizar neg\u00f3cios. A ideia do evento \u00e9 a de conectar esses profissionais, oferecendo conte\u00fado, neg\u00f3cios e&hellip;","_links":{"self":[{"href":"https:\/\/construcaocivil.siriusmarketingedesign.com.br\/index.php?rest_route=\/wp\/v2\/posts\/12235","targetHints":{"allow":["GET"]}}],"collection":[{"href":"https:\/\/construcaocivil.siriusmarketingedesign.com.br\/index.php?rest_route=\/wp\/v2\/posts"}],"about":[{"href":"https:\/\/construcaocivil.siriusmarketingedesign.com.br\/index.php?rest_route=\/wp\/v2\/types\/post"}],"author":[{"embeddable":true,"href":"https:\/\/construcaocivil.siriusmarketingedesign.com.br\/index.php?rest_route=\/wp\/v2\/users\/1"}],"replies":[{"embeddable":true,"href":"https:\/\/construcaocivil.siriusmarketingedesign.com.br\/index.php?rest_route=%2Fwp%2Fv2%2Fcomments&post=12235"}],"version-history":[{"count":0,"href":"https:\/\/construcaocivil.siriusmarketingedesign.com.br\/index.php?rest_route=\/wp\/v2\/posts\/12235\/revisions"}],"wp:featuredmedia":[{"embeddable":true,"href":"https:\/\/construcaocivil.siriusmarketingedesign.com.br\/index.php?rest_route=\/wp\/v2\/media\/12236"}],"wp:attachment":[{"href":"https:\/\/construcaocivil.siriusmarketingedesign.com.br\/index.php?rest_route=%2Fwp%2Fv2%2Fmedia&parent=12235"}],"wp:term":[{"taxonomy":"category","embeddable":true,"href":"https:\/\/construcaocivil.siriusmarketingedesign.com.br\/index.php?rest_route=%2Fwp%2Fv2%2Fcategories&post=12235"},{"taxonomy":"post_tag","embeddable":true,"href":"https:\/\/construcaocivil.siriusmarketingedesign.com.br\/index.php?rest_route=%2Fwp%2Fv2%2Ftags&post=12235"}],"curies":[{"name":"wp","href":"https:\/\/api.w.org\/{rel}","templated":true}]}}