{"id":12257,"date":"2019-08-02T13:58:09","date_gmt":"2019-08-02T16:58:09","guid":{"rendered":"https:\/\/www.jornaldaconstrucaocivil.com.br\/?p=12257"},"modified":"2019-08-02T13:58:09","modified_gmt":"2019-08-02T16:58:09","slug":"my-growler-celebra-3-anos-de-revolucao-cervejeira-com-grande-festa-na-my-growler-station","status":"publish","type":"post","link":"https:\/\/construcaocivil.siriusmarketingedesign.com.br\/?p=12257","title":{"rendered":"My Growler celebra 3 anos de revolu\u00e7\u00e3o cervejeira com grande festa na My Growler Station"},"content":{"rendered":"<p style=\"text-align: justify;\"><span style=\"color: #993300;\">Agosto, 2019<\/span> &#8211; Neste s\u00e1bado, estendendo o calend\u00e1rio de comemora\u00e7\u00e3o ao Dia Internacional da Cerveja, a My Growler, empresa especializada na comercializa\u00e7\u00e3o da embalagem retorn\u00e1vel para cerveja, comemora seu terceiro anivers\u00e1rio. A festa acontecer\u00e1 na My Growler Station, a partir das 13h, e contar\u00e1 com o melhor do universo growleiro.<\/p>\n<p style=\"text-align: justify;\">Em parceria com as institui\u00e7\u00f5es Pequena Casa da Crian\u00e7a e Patas Dadas, de Porto Alegre, haver\u00e1 uma a\u00e7\u00e3o social com doa\u00e7\u00e3o de 1 agasalho, 1 kg de alimentos n\u00e3o perec\u00edveis e\/ou ra\u00e7\u00e3o. Quem trouxer uma dessas op\u00e7\u00f5es, ganha um pint da estrela da casa. Al\u00e9m das torneiras com as melhores variedades, inclusive da Cervejaria Oito, ter\u00e3o outros drinks, como a kombucha e o gin t\u00f4nica para que todos possam aproveitar. A gastronomia est\u00e1 garantida com os hamb\u00fargueres de primeira da Vintage 82 Street Food.<\/p>\n<figure id=\"attachment_12259\" aria-describedby=\"caption-attachment-12259\" style=\"width: 300px\" class=\"wp-caption alignleft\"><img loading=\"lazy\" decoding=\"async\" class=\"size-medium wp-image-12259\" src=\"https:\/\/www.jornaldaconstrucaocivil.com.br\/wp-content\/uploads\/2019\/08\/AA-mygrowlingstation-1-OK-300x200.jpg\" alt=\"\" width=\"300\" height=\"200\" srcset=\"https:\/\/construcaocivil.siriusmarketingedesign.com.br\/wp-content\/uploads\/2019\/08\/AA-mygrowlingstation-1-OK-300x200.jpg 300w, https:\/\/construcaocivil.siriusmarketingedesign.com.br\/wp-content\/uploads\/2019\/08\/AA-mygrowlingstation-1-OK.jpg 410w\" sizes=\"auto, (max-width: 300px) 100vw, 300px\" \/><figcaption id=\"caption-attachment-12259\" class=\"wp-caption-text\">A festa acontece na My Growler Station!<br \/>Divulga\u00e7\u00e3o<\/figcaption><\/figure>\n<p style=\"text-align: justify;\">O dia come\u00e7a com a brassagem supervisionada pelas meninas da Ceva das Minas, que ensinar\u00e3o os principais segredos para o passo a passo da fabrica\u00e7\u00e3o de uma bebida com qualidade. Sabendo da import\u00e2ncia do bem-estar na alimenta\u00e7\u00e3o, a empresa convidou a Feirita para a festa, com a comercializa\u00e7\u00e3o \u00e0 granel de seus produtos org\u00e2nicos e sustent\u00e1veis. Os participantes tamb\u00e9m poder\u00e3o dan\u00e7ar e curtir ao som da voz e viol\u00e3o do cantor Vinny Lacerda e os hits do momento durante a apresenta\u00e7\u00e3o da DJ Carol F. E, claro, n\u00e3o pode faltar promo\u00e7\u00e3o! Aproveite a oportunidade para encher os seus growlers com 20% OFF e comprar os produtos My Growler com condi\u00e7\u00f5es especiais.<\/p>\n<p style=\"text-align: justify;\">\u201cEstamos muito felizes com o trabalho realizado ao longo destes anos. Nossa meta \u00e9 fazer com que a cultura do growler fa\u00e7a parte da rotina dos brasileiros, que eles pensem em encher suas embalagens ao inv\u00e9s de comprar as descart\u00e1veis. Consumo sustent\u00e1vel, liberdade de escolha, incentivo ao mercado local, s\u00e3o muitas as vantagens. Se voc\u00ea ainda n\u00e3o descobriu este mundo, venha participar da festa e embarcar nesta revolu\u00e7\u00e3o\u201d, convida Rodrigo Fernandes, CEO da My Growler.<\/p>\n<p><strong><u>Servi\u00e7o<\/u><\/strong><strong>:<\/strong><\/p>\n<p><span style=\"color: #993300;\">Anivers\u00e1rio My Growler<\/span><\/p>\n<p><span style=\"color: #993300;\">Data: 03 de agosto<\/span><\/p>\n<p><span style=\"color: #993300;\">Hor\u00e1rio: 13h \u00e0s 18h<\/span><\/p>\n<p><span style=\"color: #993300;\">Local: My Growler Station &#8211; Rua J\u00falio Verre, 69 \u2013 Santa Maria Goretti<\/span><\/p>\n<p><span style=\"color: #993300;\">Entrada gratuita \u2013 Doa\u00e7\u00e3o de agasalho, 1kg de alimento n\u00e3o perec\u00edvel e\/ou ra\u00e7\u00e3o<\/span><\/p>\n<p>Fonte: Imprensa\/My Growler<\/p>\n<p>&nbsp;<\/p>\n","protected":false},"excerpt":{"rendered":"<p>Agosto, 2019 &#8211; Neste s\u00e1bado, estendendo o calend\u00e1rio de comemora\u00e7\u00e3o ao Dia Internacional da Cerveja, a My Growler, empresa especializada na comercializa\u00e7\u00e3o da embalagem retorn\u00e1vel para cerveja, comemora seu terceiro anivers\u00e1rio. A festa acontecer\u00e1 na My Growler Station, a partir das 13h, e contar\u00e1 com o melhor do universo growleiro. Em parceria com as institui\u00e7\u00f5es [&hellip;]<\/p>\n","protected":false},"author":1,"featured_media":12258,"comment_status":"open","ping_status":"open","sticky":false,"template":"","format":"standard","meta":{"_uag_custom_page_level_css":"","footnotes":""},"categories":[27],"tags":[17062,17059,17065,17058,14485,17061,17064,17060,17057,17063,14115],"class_list":["post-12257","post","type-post","status-publish","format-standard","has-post-thumbnail","hentry","category-acontece","tag-acao-social-instituicoes-pequena-casa-da-crianca","tag-bairro-santa-maria-goretti","tag-ceva-das-minas","tag-dia-internacional-da-cerveja","tag-doacao-de-alimentos","tag-embalagem-retornavel-para-cerveja","tag-fabricacao-de-uma-bebida","tag-my-growler-station","tag-my-growler-cerveja-boa","tag-patas-dadas-porto-alegre","tag-sao-paulosp"],"blocksy_meta":[],"spectra_blocks_featured_image_url":{"thumbnail":{"url":"https:\/\/construcaocivil.siriusmarketingedesign.com.br\/wp-content\/uploads\/2019\/08\/AA-foto-63@my-growler-fev19-OK-150x150.jpg","width":150,"height":150},"medium":{"url":"https:\/\/construcaocivil.siriusmarketingedesign.com.br\/wp-content\/uploads\/2019\/08\/AA-foto-63@my-growler-fev19-OK-300x200.jpg","width":300,"height":200},"medium_large":{"url":"https:\/\/construcaocivil.siriusmarketingedesign.com.br\/wp-content\/uploads\/2019\/08\/AA-foto-63@my-growler-fev19-OK-768x512.jpg","width":768,"height":512},"large":{"url":"https:\/\/construcaocivil.siriusmarketingedesign.com.br\/wp-content\/uploads\/2019\/08\/AA-foto-63@my-growler-fev19-OK-1024x683.jpg","width":1024,"height":683},"full":{"url":"https:\/\/construcaocivil.siriusmarketingedesign.com.br\/wp-content\/uploads\/2019\/08\/AA-foto-63@my-growler-fev19-OK.jpg","width":1344,"height":896}},"spectra_blocks_author_info":{"display_name":"Jornal da Constru\u00e7\u00e3o Civil","avatar_url":"https:\/\/secure.gravatar.com\/avatar\/973c9774fd44ddaceb026973c4962faa70fc512bc4c9da68e8ebb40fecee6540?s=96&d=mm&r=g","author_link":"https:\/\/construcaocivil.siriusmarketingedesign.com.br\/?author=1","description":"Desde de 2013, levando muitas informa\u00e7\u00f5es, lan\u00e7amentos e produtos de qualidade para toda cadeia produtiva da constru\u00e7\u00e3o. O Futuro da constru\u00e7\u00e3o passa por aqui,"},"uagb_featured_image_src":{"full":["https:\/\/construcaocivil.siriusmarketingedesign.com.br\/wp-content\/uploads\/2019\/08\/AA-foto-63@my-growler-fev19-OK.jpg",1344,896,false],"thumbnail":["https:\/\/construcaocivil.siriusmarketingedesign.com.br\/wp-content\/uploads\/2019\/08\/AA-foto-63@my-growler-fev19-OK-150x150.jpg",150,150,true],"medium":["https:\/\/construcaocivil.siriusmarketingedesign.com.br\/wp-content\/uploads\/2019\/08\/AA-foto-63@my-growler-fev19-OK-300x200.jpg",300,200,true],"medium_large":["https:\/\/construcaocivil.siriusmarketingedesign.com.br\/wp-content\/uploads\/2019\/08\/AA-foto-63@my-growler-fev19-OK-768x512.jpg",768,512,true],"large":["https:\/\/construcaocivil.siriusmarketingedesign.com.br\/wp-content\/uploads\/2019\/08\/AA-foto-63@my-growler-fev19-OK-1024x683.jpg",1024,683,true],"1536x1536":["https:\/\/construcaocivil.siriusmarketingedesign.com.br\/wp-content\/uploads\/2019\/08\/AA-foto-63@my-growler-fev19-OK.jpg",1344,896,false],"2048x2048":["https:\/\/construcaocivil.siriusmarketingedesign.com.br\/wp-content\/uploads\/2019\/08\/AA-foto-63@my-growler-fev19-OK.jpg",1344,896,false]},"uagb_author_info":{"display_name":"Jornal da Constru\u00e7\u00e3o Civil","author_link":"https:\/\/construcaocivil.siriusmarketingedesign.com.br\/?author=1"},"uagb_comment_info":0,"uagb_excerpt":"Agosto, 2019 &#8211; Neste s\u00e1bado, estendendo o calend\u00e1rio de comemora\u00e7\u00e3o ao Dia Internacional da Cerveja, a My Growler, empresa especializada na comercializa\u00e7\u00e3o da embalagem retorn\u00e1vel para cerveja, comemora seu terceiro anivers\u00e1rio. A festa acontecer\u00e1 na My Growler Station, a partir das 13h, e contar\u00e1 com o melhor do universo growleiro. Em parceria com as institui\u00e7\u00f5es&hellip;","_links":{"self":[{"href":"https:\/\/construcaocivil.siriusmarketingedesign.com.br\/index.php?rest_route=\/wp\/v2\/posts\/12257","targetHints":{"allow":["GET"]}}],"collection":[{"href":"https:\/\/construcaocivil.siriusmarketingedesign.com.br\/index.php?rest_route=\/wp\/v2\/posts"}],"about":[{"href":"https:\/\/construcaocivil.siriusmarketingedesign.com.br\/index.php?rest_route=\/wp\/v2\/types\/post"}],"author":[{"embeddable":true,"href":"https:\/\/construcaocivil.siriusmarketingedesign.com.br\/index.php?rest_route=\/wp\/v2\/users\/1"}],"replies":[{"embeddable":true,"href":"https:\/\/construcaocivil.siriusmarketingedesign.com.br\/index.php?rest_route=%2Fwp%2Fv2%2Fcomments&post=12257"}],"version-history":[{"count":0,"href":"https:\/\/construcaocivil.siriusmarketingedesign.com.br\/index.php?rest_route=\/wp\/v2\/posts\/12257\/revisions"}],"wp:featuredmedia":[{"embeddable":true,"href":"https:\/\/construcaocivil.siriusmarketingedesign.com.br\/index.php?rest_route=\/wp\/v2\/media\/12258"}],"wp:attachment":[{"href":"https:\/\/construcaocivil.siriusmarketingedesign.com.br\/index.php?rest_route=%2Fwp%2Fv2%2Fmedia&parent=12257"}],"wp:term":[{"taxonomy":"category","embeddable":true,"href":"https:\/\/construcaocivil.siriusmarketingedesign.com.br\/index.php?rest_route=%2Fwp%2Fv2%2Fcategories&post=12257"},{"taxonomy":"post_tag","embeddable":true,"href":"https:\/\/construcaocivil.siriusmarketingedesign.com.br\/index.php?rest_route=%2Fwp%2Fv2%2Ftags&post=12257"}],"curies":[{"name":"wp","href":"https:\/\/api.w.org\/{rel}","templated":true}]}}