{"id":12261,"date":"2019-08-02T14:39:55","date_gmt":"2019-08-02T17:39:55","guid":{"rendered":"https:\/\/www.jornaldaconstrucaocivil.com.br\/?p=12261"},"modified":"2019-08-02T14:45:36","modified_gmt":"2019-08-02T17:45:36","slug":"congresso-aco-brasil-2019-debate-o-futuro-do-setor","status":"publish","type":"post","link":"https:\/\/construcaocivil.siriusmarketingedesign.com.br\/?p=12261","title":{"rendered":"Congresso A\u00e7o Brasil 2019 debate o futuro do setor"},"content":{"rendered":"<p style=\"text-align: justify;\"><span style=\"color: #993300;\">Agosto, 2019 <\/span>&#8211; O Congresso A\u00e7o Brasil 2019 ir\u00e1 reunir os principais produtores de a\u00e7o, executivos da ind\u00fastria de transforma\u00e7\u00e3o, autoridades federais, especialistas brasileiros e estrangeiros, al\u00e9m de empres\u00e1rios para debater os rumos do setor e a retomada do crescimento econ\u00f4mico do Pa\u00eds. O evento ocorrer\u00e1 nos dias 20 e 21 de agosto, em Bras\u00edlia, no Centro Internacional de Conven\u00e7\u00f5es do Brasil (CICB). O credenciamento de imprensa dever\u00e1 ser feito at\u00e9 o dia 19\/08, pelo link: <span style=\"color: #0000ff;\"><a style=\"color: #0000ff;\" href=\"https:\/\/yvegeenenrexeteleince.i-mpr.com\/link.php?code=bDpodHRwJTNBJTJGJTJGd3d3LmFjb2JyYXNpbC5vcmcuYnIlMkZjb25ncmVzc29hY29icmFzaWwlMkYyMDE4JTJGaW1wcmVuc2E6MTgxMzE2NTkwOndlYm9icmFzQGdtYWlsLmNvbTpiNjk4ODI=\" target=\"_blank\" rel=\"noopener noreferrer\" data-saferedirecturl=\"https:\/\/www.google.com\/url?q=https:\/\/yvegeenenrexeteleince.i-mpr.com\/link.php?code%3DbDpodHRwJTNBJTJGJTJGd3d3LmFjb2JyYXNpbC5vcmcuYnIlMkZjb25ncmVzc29hY29icmFzaWwlMkYyMDE4JTJGaW1wcmVuc2E6MTgxMzE2NTkwOndlYm9icmFzQGdtYWlsLmNvbTpiNjk4ODI%3D&amp;source=gmail&amp;ust=1564852395807000&amp;usg=AFQjCNE6op8DYVONNzIpswQxl-hjDlMqyA\">www.acobrasil.org.br\/<wbr \/>congressoacobrasil\/2018\/<wbr \/>imprensa<\/a><\/span><\/p>\n<p style=\"text-align: justify;\">Nomes importantes da pol\u00edtica e do meio empresarial foram convidados, entre os quais, o Ministro de Minas e Energia, Bento Albuquerque, que confirmou presen\u00e7a.<\/p>\n<p style=\"text-align: justify;\">O primeiro dia (20) ser\u00e1 dedicado \u00e0 cerim\u00f4nia de abertura, a partir das 18h. No segundo dia, ocorrer\u00e1 a Confer\u00eancia Inaugural com o empres\u00e1rio Andr\u00e9 B. Gerdau Johannpeter, Chairman da Worldsteel Association. O executivo vai apresentar a &#8220;Situa\u00e7\u00e3o e perspectivas da ind\u00fastria mundial do a\u00e7o&#8221;.<\/p>\n<p style=\"text-align: justify;\">O primeiro painel ir\u00e1 abrir espa\u00e7o para debates sobre o tema &#8220;Competitividade e abertura comercial&#8221;. O setor defende que as eventuais medidas relacionadas \u00e0 abertura sejam precedidas de pol\u00edticas corretoras das assimetrias competitivas, que prejudicam a ind\u00fastria nacional em rela\u00e7\u00e3o \u00e0 concorr\u00eancia estrangeira. Exemplo \u00e9 a cumulatividade de impostos nas exporta\u00e7\u00f5es.<\/p>\n<p style=\"text-align: justify;\">O segundo painel &#8220;A ind\u00fastria de transforma\u00e7\u00e3o \u00e9 estrat\u00e9gica para o Pa\u00eds?&#8221; ir\u00e1 tratar da import\u00e2ncia estrat\u00e9gica da ind\u00fastria de transforma\u00e7\u00e3o. Na avalia\u00e7\u00e3o do Instituto A\u00e7o Brasil, sem ind\u00fastria de transforma\u00e7\u00e3o s\u00f3lida n\u00e3o h\u00e1 pa\u00eds forte. Participar\u00e3o, entre outros, o Conselheiro do A\u00e7o Brasil e Presidente da ArcelorMittal Brasil, Benjamin Mario Baptista Filho, executivos dos setores automotivo, qu\u00edmico, entre outros, al\u00e9m de autoridades federais. O Diretor Executivo do Centro de Seguran\u00e7a de Processos Qu\u00edmicos \u2013 CCPS, Shakeel H. Kadri, apresentar\u00e1 a confer\u00eancia &#8220;Import\u00e2ncia da gest\u00e3o operacional de risco&#8221;, na qual mostrar\u00e1 que a ind\u00fastria brasileira do a\u00e7o tem investido no desenvolvimento deste conceito.<\/p>\n<p style=\"text-align: justify;\">O terceiro painel evidenciar\u00e1 o tema &#8220;<span style=\"color: #993300;\">Crescimento Econ\u00f4mico &#8211; drivers de consumo&#8221;,<\/span> com a participa\u00e7\u00e3o de conselheiros do Instituto A\u00e7o Brasil e autoridades federais. Ser\u00e3o abordados argumentos relacionados \u00e0 necessidade de se fortalecer os setores produtivos que consomem a\u00e7o para que o Brasil efetivamente vislumbre a retomada do crescimento econ\u00f4mico.<\/p>\n<p style=\"text-align: justify;\">Logo ap\u00f3s o painel 3 ser\u00e1 apresentada a confer\u00eancia &#8220;Capitalismo Consciente, o modelo econ\u00f4mico para o s\u00e9culo XXI&#8221;, por Thomas Eckschmidt, coautor do livro Fundamentos do Capitalismo Consciente e cofundador do capitalismo consciente no Brasil.<\/p>\n<p style=\"text-align: justify;\">O painel seguinte, <span style=\"color: #993300;\">&#8220;Futuro da Ind\u00fastria Brasileira do A\u00e7o \u2013 A vis\u00e3o dos CEOs&#8221;<\/span> trar\u00e1 a vis\u00e3o dos CEOs sobre o futuro da ind\u00fastria brasileira do a\u00e7o, com executivos das empresas, dirigentes e conselheiros do A\u00e7o Brasil. Entre os temas a serem apresentados e debatidos estar\u00e3o: aten\u00e7\u00e3o \u00e0s pr\u00e1ticas predat\u00f3rias de mercado\/efic\u00e1cia de defesa comercial; corre\u00e7\u00e3o das assimetrias competitivas; regulariza\u00e7\u00e3o\/previsibilidade de abastecimento de min\u00e9rio de ferro e pelotas; retomada da constru\u00e7\u00e3o civil e infraestrutura; participa\u00e7\u00e3o da ind\u00fastria brasileira do a\u00e7o na expans\u00e3o do setor de \u00f3leo e g\u00e1s.<\/p>\n<p style=\"text-align: justify;\"><strong><span style=\"color: #993300;\">Brasil do a\u00e7o<\/span><\/strong><\/p>\n<p style=\"text-align: justify;\">O Brasil \u00e9 o 9\u00ba maior produtor do mundo (produ\u00e7\u00e3o de 2018 chegou a 35,4 milh\u00f5es de toneladas). H\u00e1 32 usinas que produzem a\u00e7o no territ\u00f3rio brasileiro. Al\u00e9m disso, a capacidade instalada \u00e9 capaz de gerar 51,5 milh\u00f5es de toneladas de a\u00e7o por ano. O \u00faltimo levantamento do Instituto A\u00e7o Brasil mostrou que o faturamento total do setor no Brasil foi de R$ 99,2 bilh\u00f5es, al\u00e9m dos R$ 17,7 bilh\u00f5es de impostos pagos. De 2008 a 2018, a ind\u00fastria brasileira de a\u00e7o investiu US$ 26,6 bilh\u00f5es.<\/p>\n<p style=\"text-align: justify;\">Mesmo com um resultado aqu\u00e9m do esperado para o primeiro semestre, o setor enxerga o futuro com esperan\u00e7a. &#8220;A primeira metade do ano foi muito ruim e tivemos que rever nossas expectativas para o setor. Mas, estamos otimistas com o segundo semestre&#8221;, afirma o presidente executivo do Instituto A\u00e7o Brasil, Marco Polo de Mello Lopes.<\/p>\n<p style=\"text-align: justify;\">Dados do A\u00e7o Brasil mostram que de janeiro at\u00e9 junho de 2019 foram vendidos internamente um total de 9,2 milh\u00f5es de toneladas, contabilizando produtos laminados e semiacabados. No mercado externo, considerando as duas categorias, o valor exportado chegou a 6,7 milh\u00f5es toneladas, no mesmo intervalo de tempo.<\/p>\n<p style=\"text-align: justify;\">O Instituto prev\u00ea aumento de vendas internas de a\u00e7o para 2019 em 2,5%, totalizando volume de 19,4 milh\u00f5es de toneladas. A produ\u00e7\u00e3o de a\u00e7o deve ter leve aumento de 0,4%, com 35,6 milh\u00f5es de toneladas. Por sua vez, as exporta\u00e7\u00f5es devem cair 7,3% este ano em compara\u00e7\u00e3o com 2018, devido \u00e0s barreiras encontradas no mercado internacional. O consumo aparente de a\u00e7o deve subir 2,1% em 2019.<\/p>\n<p>Programa completo e mais informa\u00e7\u00f5es no site do evento:<span style=\"color: #0000ff;\">\u00a0<a style=\"color: #0000ff;\" href=\"http:\/\/www.congressoacobrasil.org.br\">http:\/\/www.congressoacobrasil.org.br<\/a><\/span><\/p>\n<p>Fonte: Imprensa\/Instituto A\u00e7o Brasil<\/p>\n<p style=\"text-align: justify;\">\n","protected":false},"excerpt":{"rendered":"<p>Agosto, 2019 &#8211; O Congresso A\u00e7o Brasil 2019 ir\u00e1 reunir os principais produtores de a\u00e7o, executivos da ind\u00fastria de transforma\u00e7\u00e3o, autoridades federais, especialistas brasileiros e estrangeiros, al\u00e9m de empres\u00e1rios para debater os rumos do setor e a retomada do crescimento econ\u00f4mico do Pa\u00eds. O evento ocorrer\u00e1 nos dias 20 e 21 de agosto, em Bras\u00edlia, [&hellip;]<\/p>\n","protected":false},"author":1,"featured_media":12264,"comment_status":"open","ping_status":"open","sticky":false,"template":"","format":"standard","meta":{"_uag_custom_page_level_css":"","footnotes":""},"categories":[33],"tags":[17066,17074,17072,17073,17070,1574,17067,17071,17069,17068,5418,6203,17075,7579,14752],"class_list":["post-12261","post","type-post","status-publish","format-standard","has-post-thumbnail","hentry","category-mercado","tag-acos-para-construcao","tag-aco-para-exportacao","tag-acos-planos-e-linha-branca","tag-arcelormittal-brasil","tag-brasil-do-aco","tag-brasilia-df","tag-congresso-aco-brasil-2019","tag-construcoes-metalicas","tag-crescimento-economico-drivers-de-consumo","tag-futuro-da-industria-brasileira-do-aco","tag-gerdau","tag-instituto-aco-brasil","tag-marco-polo-presidente-executivo-do-instituto-aco-brasil","tag-mercado-interno","tag-vendas-de-aco"],"blocksy_meta":[],"spectra_blocks_featured_image_url":{"thumbnail":{"url":"https:\/\/construcaocivil.siriusmarketingedesign.com.br\/wp-content\/uploads\/2019\/08\/EXPORTACAO-150x150.jpg","width":150,"height":150},"medium":{"url":"https:\/\/construcaocivil.siriusmarketingedesign.com.br\/wp-content\/uploads\/2019\/08\/EXPORTACAO-300x178.jpg","width":300,"height":178},"medium_large":{"url":"https:\/\/construcaocivil.siriusmarketingedesign.com.br\/wp-content\/uploads\/2019\/08\/EXPORTACAO-768x456.jpg","width":768,"height":456},"large":{"url":"https:\/\/construcaocivil.siriusmarketingedesign.com.br\/wp-content\/uploads\/2019\/08\/EXPORTACAO.jpg","width":800,"height":475},"full":{"url":"https:\/\/construcaocivil.siriusmarketingedesign.com.br\/wp-content\/uploads\/2019\/08\/EXPORTACAO.jpg","width":800,"height":475}},"spectra_blocks_author_info":{"display_name":"Jornal da Constru\u00e7\u00e3o Civil","avatar_url":"https:\/\/secure.gravatar.com\/avatar\/973c9774fd44ddaceb026973c4962faa70fc512bc4c9da68e8ebb40fecee6540?s=96&d=mm&r=g","author_link":"https:\/\/construcaocivil.siriusmarketingedesign.com.br\/?author=1","description":"Desde de 2013, levando muitas informa\u00e7\u00f5es, lan\u00e7amentos e produtos de qualidade para toda cadeia produtiva da constru\u00e7\u00e3o. O Futuro da constru\u00e7\u00e3o passa por aqui,"},"uagb_featured_image_src":{"full":["https:\/\/construcaocivil.siriusmarketingedesign.com.br\/wp-content\/uploads\/2019\/08\/EXPORTACAO.jpg",800,475,false],"thumbnail":["https:\/\/construcaocivil.siriusmarketingedesign.com.br\/wp-content\/uploads\/2019\/08\/EXPORTACAO-150x150.jpg",150,150,true],"medium":["https:\/\/construcaocivil.siriusmarketingedesign.com.br\/wp-content\/uploads\/2019\/08\/EXPORTACAO-300x178.jpg",300,178,true],"medium_large":["https:\/\/construcaocivil.siriusmarketingedesign.com.br\/wp-content\/uploads\/2019\/08\/EXPORTACAO-768x456.jpg",768,456,true],"large":["https:\/\/construcaocivil.siriusmarketingedesign.com.br\/wp-content\/uploads\/2019\/08\/EXPORTACAO.jpg",800,475,false],"1536x1536":["https:\/\/construcaocivil.siriusmarketingedesign.com.br\/wp-content\/uploads\/2019\/08\/EXPORTACAO.jpg",800,475,false],"2048x2048":["https:\/\/construcaocivil.siriusmarketingedesign.com.br\/wp-content\/uploads\/2019\/08\/EXPORTACAO.jpg",800,475,false]},"uagb_author_info":{"display_name":"Jornal da Constru\u00e7\u00e3o Civil","author_link":"https:\/\/construcaocivil.siriusmarketingedesign.com.br\/?author=1"},"uagb_comment_info":0,"uagb_excerpt":"Agosto, 2019 &#8211; O Congresso A\u00e7o Brasil 2019 ir\u00e1 reunir os principais produtores de a\u00e7o, executivos da ind\u00fastria de transforma\u00e7\u00e3o, autoridades federais, especialistas brasileiros e estrangeiros, al\u00e9m de empres\u00e1rios para debater os rumos do setor e a retomada do crescimento econ\u00f4mico do Pa\u00eds. O evento ocorrer\u00e1 nos dias 20 e 21 de agosto, em Bras\u00edlia,&hellip;","_links":{"self":[{"href":"https:\/\/construcaocivil.siriusmarketingedesign.com.br\/index.php?rest_route=\/wp\/v2\/posts\/12261","targetHints":{"allow":["GET"]}}],"collection":[{"href":"https:\/\/construcaocivil.siriusmarketingedesign.com.br\/index.php?rest_route=\/wp\/v2\/posts"}],"about":[{"href":"https:\/\/construcaocivil.siriusmarketingedesign.com.br\/index.php?rest_route=\/wp\/v2\/types\/post"}],"author":[{"embeddable":true,"href":"https:\/\/construcaocivil.siriusmarketingedesign.com.br\/index.php?rest_route=\/wp\/v2\/users\/1"}],"replies":[{"embeddable":true,"href":"https:\/\/construcaocivil.siriusmarketingedesign.com.br\/index.php?rest_route=%2Fwp%2Fv2%2Fcomments&post=12261"}],"version-history":[{"count":0,"href":"https:\/\/construcaocivil.siriusmarketingedesign.com.br\/index.php?rest_route=\/wp\/v2\/posts\/12261\/revisions"}],"wp:featuredmedia":[{"embeddable":true,"href":"https:\/\/construcaocivil.siriusmarketingedesign.com.br\/index.php?rest_route=\/wp\/v2\/media\/12264"}],"wp:attachment":[{"href":"https:\/\/construcaocivil.siriusmarketingedesign.com.br\/index.php?rest_route=%2Fwp%2Fv2%2Fmedia&parent=12261"}],"wp:term":[{"taxonomy":"category","embeddable":true,"href":"https:\/\/construcaocivil.siriusmarketingedesign.com.br\/index.php?rest_route=%2Fwp%2Fv2%2Fcategories&post=12261"},{"taxonomy":"post_tag","embeddable":true,"href":"https:\/\/construcaocivil.siriusmarketingedesign.com.br\/index.php?rest_route=%2Fwp%2Fv2%2Ftags&post=12261"}],"curies":[{"name":"wp","href":"https:\/\/api.w.org\/{rel}","templated":true}]}}