{"id":12265,"date":"2019-08-03T12:08:06","date_gmt":"2019-08-03T15:08:06","guid":{"rendered":"https:\/\/www.jornaldaconstrucaocivil.com.br\/?p=12265"},"modified":"2019-08-03T12:08:06","modified_gmt":"2019-08-03T15:08:06","slug":"air-liquide-abre-inscricoes-para-programa-de-estagio-2019","status":"publish","type":"post","link":"https:\/\/construcaocivil.siriusmarketingedesign.com.br\/?p=12265","title":{"rendered":"Air Liquide abre inscri\u00e7\u00f5es para Programa de Est\u00e1gio 2019"},"content":{"rendered":"<p style=\"text-align: justify;\"><span style=\"color: #993300;\">Agosto, 2019<\/span> &#8211; A Air Liquide, l\u00edder mundial em gases, tecnologias e servi\u00e7os para a ind\u00fastria e sa\u00fade, abre inscri\u00e7\u00f5es para o Programa de Est\u00e1gio 2019. Podem participar da sele\u00e7\u00e3o tanto estudantes universit\u00e1rios quanto alunos de cursos t\u00e9cnicos, de diferentes \u00e1reas de forma\u00e7\u00e3o (<strong>confira a rela\u00e7\u00e3o completa dos cursos adiante<\/strong>). Interessados de todas as regi\u00f5es do Pa\u00eds podem se inscrever\u00a0<strong>at\u00e9 31 de agosto<\/strong>, pelo site:<\/p>\n<p dir=\"ltr\" style=\"text-align: justify;\"><span style=\"color: #0000ff;\"><a style=\"color: #0000ff;\" href=\"https:\/\/ydigeatrerezagearin.i-mpr.com\/link.php?code=bDpodHRwJTNBJTJGJTJGd3d3LmFpcmxpcXVpZGUuY29tJTJGcHQtYnIlMkZicmFzaWwlMkZwcm9ncmFtYS1lc3RhZ2lvOjEzODEzODA2OnJlZGFjYW9Aam9ybmFsZGFjb25zdHJ1Y2FvY2l2aWwuY29tLmJyOjA2Y2E3OA==\" target=\"_blank\" rel=\"noopener noreferrer\">www.airliquide.com\/pt-br\/brasil\/programa-estagio<\/a><\/span><\/p>\n<p style=\"text-align: justify;\">O Programa de Est\u00e1gio da Air Liquide ter\u00e1 dura\u00e7\u00e3o de at\u00e9 dois anos e se destaca pela abrang\u00eancia, possibilitando ao participante conhecer diferentes \u00e1reas da empresa. A forma\u00e7\u00e3o personalizada \u00e9 outro diferencial: cada estagi\u00e1rio ser\u00e1 acompanhado por um tutor\/orientador e ter\u00e1 um plano de est\u00e1gio individualizado, preparado especialmente para favorecer o desenvolvimento de suas compet\u00eancias e habilidades.<\/p>\n<p style=\"text-align: justify;\">O processo seletivo para o Programa de Est\u00e1gio 2019 da Air Liquide ser\u00e1 composto por entrevista ou din\u00e2mica com a \u00e1rea de Recursos Humanos (presencial ou remoto); entrevista ou din\u00e2mica presencial com gestores; e entrevista final, tamb\u00e9m presencial. O in\u00edcio do est\u00e1gio est\u00e1 previsto para outubro.<\/p>\n<p dir=\"ltr\" style=\"text-align: justify;\">Outro diferencial do Programa da Air Liquide \u00e9 a possibilidade de que o estudante participe de viv\u00eancias em unidades da empresa no exterior, por meio de iniciativas como o Summer School ou o Programa Internacional de Est\u00e1gio. Conclu\u00eddo o per\u00edodo de est\u00e1gio, h\u00e1 a oportunidade de efetiva\u00e7\u00e3o ou ingresso no Programa de Trainee da empresa, dependendo do desempenho do participante e oportunidades locais.<\/p>\n<p dir=\"ltr\"><span style=\"color: #993300;\"><strong>Saiba mais sobre o Programa de Est\u00e1gio Air Liquide Brasil 2019:<\/strong><\/span><\/p>\n<p dir=\"ltr\"><strong>Cursos participantes<\/strong><\/p>\n<ul>\n<li dir=\"ltr\">\n<p dir=\"ltr\"><strong>N\u00edvel Superior*:<\/strong>\u00a0Administra\u00e7\u00e3o, Ci\u00eancias Cont\u00e1beis, Ci\u00eancia de Dados, Ci\u00eancias Econ\u00f4micas, Direito, Engenharias (Automa\u00e7\u00e3o, El\u00e9trica, Instrumenta\u00e7\u00e3o, Materiais, Mec\u00e2nica, Mecatr\u00f4nica, Produ\u00e7\u00e3o, Qu\u00edmica), Estat\u00edstica, Fisioterapia, Matem\u00e1tica, Pedagogia e Psicologia;<\/p>\n<\/li>\n<\/ul>\n<ul>\n<li dir=\"ltr\">\n<p dir=\"ltr\"><strong>N\u00edvel T\u00e9cnico:<\/strong>\u00a0Automa\u00e7\u00e3o, El\u00e9trica, Instrumenta\u00e7\u00e3o, Mec\u00e2nica, Mecatr\u00f4nica, Qu\u00edmica.<\/p>\n<\/li>\n<\/ul>\n<p dir=\"ltr\"><strong>Ano de conclus\u00e3o do curso<\/strong><\/p>\n<ul>\n<li dir=\"ltr\">\n<p dir=\"ltr\"><strong>N\u00edvel Superior:<\/strong>\u00a0entre dezembro\/2020 e julho\/2021;<\/p>\n<\/li>\n<li><strong>N\u00edvel T\u00e9cnico:<\/strong>\u00a0entre junho\/2020 e julho\/2021.<\/li>\n<\/ul>\n<p><strong>Benef\u00edcios<\/strong><\/p>\n<ul>\n<li dir=\"ltr\">\n<p dir=\"ltr\">Assist\u00eancia m\u00e9dica e odontol\u00f3gica;<\/p>\n<\/li>\n<li dir=\"ltr\">\n<p dir=\"ltr\">Aux\u00edlio transporte;<\/p>\n<\/li>\n<li dir=\"ltr\">\n<p dir=\"ltr\">Seguro de vida;<\/p>\n<\/li>\n<li dir=\"ltr\">\n<p dir=\"ltr\">Vale-refei\u00e7\u00e3o.<\/p>\n<\/li>\n<\/ul>\n<p dir=\"ltr\"><strong>Link de inscri\u00e7\u00e3o:\u00a0<\/strong>os candidatos poder\u00e3o se candidatar acessando a p\u00e1gina de carreiras da empresa, pelo link:\u00a0<span style=\"text-decoration: underline;\"><span style=\"color: #0000ff;\"><a style=\"color: #0000ff; text-decoration: underline;\" href=\"https:\/\/ydigeatrerezagearin.i-mpr.com\/link.php?code=bDpodHRwJTNBJTJGJTJGd3d3LmFpcmxpcXVpZGUuY29tJTJGcHQtYnIlMkZicmFzaWwlMkZwcm9ncmFtYS1lc3RhZ2lvOjEzODEzODA2OnJlZGFjYW9Aam9ybmFsZGFjb25zdHJ1Y2FvY2l2aWwuY29tLmJyOjA2Y2E3OA==\" target=\"_blank\" rel=\"noopener noreferrer\">www.airliquide.com\/pt-br\/brasil\/programa-estagio<\/a><\/span><\/span><\/p>\n<p><strong>*Para estudantes de cursos superiores, tamb\u00e9m \u00e9 necess\u00e1rio possuir Ingl\u00eas avan\u00e7ado.<\/strong><\/p>\n<p>Fonte: imprensa\/ Air Liquide<\/p>\n","protected":false},"excerpt":{"rendered":"<p>Agosto, 2019 &#8211; A Air Liquide, l\u00edder mundial em gases, tecnologias e servi\u00e7os para a ind\u00fastria e sa\u00fade, abre inscri\u00e7\u00f5es para o Programa de Est\u00e1gio 2019. Podem participar da sele\u00e7\u00e3o tanto estudantes universit\u00e1rios quanto alunos de cursos t\u00e9cnicos, de diferentes \u00e1reas de forma\u00e7\u00e3o (confira a rela\u00e7\u00e3o completa dos cursos adiante). Interessados de todas as regi\u00f5es [&hellip;]<\/p>\n","protected":false},"author":1,"featured_media":12266,"comment_status":"open","ping_status":"open","sticky":false,"template":"","format":"standard","meta":{"_uag_custom_page_level_css":"","footnotes":""},"categories":[27],"tags":[17076,17078,17081,17080,17079,17077,10109,10375,10679],"class_list":["post-12265","post","type-post","status-publish","format-standard","has-post-thumbnail","hentry","category-acontece","tag-air-liquide-gases-tecnologias-e-servicos-para-a-industria-e-saude","tag-diversas-vagas-nivel-superior","tag-empregos-e-oportunidades","tag-estudantes-de-todo-o-brasil","tag-nivel-tecnico","tag-programa-de-estagio-2019","tag-regiao-nordeste","tag-rio-de-janeiro","tag-sao-paulo-sp"],"blocksy_meta":[],"spectra_blocks_featured_image_url":{"thumbnail":{"url":"https:\/\/construcaocivil.siriusmarketingedesign.com.br\/wp-content\/uploads\/2019\/08\/AIR-LIQUIDI-OK-150x150.jpg","width":150,"height":150},"medium":{"url":"https:\/\/construcaocivil.siriusmarketingedesign.com.br\/wp-content\/uploads\/2019\/08\/AIR-LIQUIDI-OK-300x114.jpg","width":300,"height":114},"medium_large":{"url":"https:\/\/construcaocivil.siriusmarketingedesign.com.br\/wp-content\/uploads\/2019\/08\/AIR-LIQUIDI-OK-768x293.jpg","width":768,"height":293},"large":{"url":"https:\/\/construcaocivil.siriusmarketingedesign.com.br\/wp-content\/uploads\/2019\/08\/AIR-LIQUIDI-OK.jpg","width":800,"height":305},"full":{"url":"https:\/\/construcaocivil.siriusmarketingedesign.com.br\/wp-content\/uploads\/2019\/08\/AIR-LIQUIDI-OK.jpg","width":800,"height":305}},"spectra_blocks_author_info":{"display_name":"Jornal da Constru\u00e7\u00e3o Civil","avatar_url":"https:\/\/secure.gravatar.com\/avatar\/973c9774fd44ddaceb026973c4962faa70fc512bc4c9da68e8ebb40fecee6540?s=96&d=mm&r=g","author_link":"https:\/\/construcaocivil.siriusmarketingedesign.com.br\/?author=1","description":"Desde de 2013, levando muitas informa\u00e7\u00f5es, lan\u00e7amentos e produtos de qualidade para toda cadeia produtiva da constru\u00e7\u00e3o. O Futuro da constru\u00e7\u00e3o passa por aqui,"},"uagb_featured_image_src":{"full":["https:\/\/construcaocivil.siriusmarketingedesign.com.br\/wp-content\/uploads\/2019\/08\/AIR-LIQUIDI-OK.jpg",800,305,false],"thumbnail":["https:\/\/construcaocivil.siriusmarketingedesign.com.br\/wp-content\/uploads\/2019\/08\/AIR-LIQUIDI-OK-150x150.jpg",150,150,true],"medium":["https:\/\/construcaocivil.siriusmarketingedesign.com.br\/wp-content\/uploads\/2019\/08\/AIR-LIQUIDI-OK-300x114.jpg",300,114,true],"medium_large":["https:\/\/construcaocivil.siriusmarketingedesign.com.br\/wp-content\/uploads\/2019\/08\/AIR-LIQUIDI-OK-768x293.jpg",768,293,true],"large":["https:\/\/construcaocivil.siriusmarketingedesign.com.br\/wp-content\/uploads\/2019\/08\/AIR-LIQUIDI-OK.jpg",800,305,false],"1536x1536":["https:\/\/construcaocivil.siriusmarketingedesign.com.br\/wp-content\/uploads\/2019\/08\/AIR-LIQUIDI-OK.jpg",800,305,false],"2048x2048":["https:\/\/construcaocivil.siriusmarketingedesign.com.br\/wp-content\/uploads\/2019\/08\/AIR-LIQUIDI-OK.jpg",800,305,false]},"uagb_author_info":{"display_name":"Jornal da Constru\u00e7\u00e3o Civil","author_link":"https:\/\/construcaocivil.siriusmarketingedesign.com.br\/?author=1"},"uagb_comment_info":0,"uagb_excerpt":"Agosto, 2019 &#8211; A Air Liquide, l\u00edder mundial em gases, tecnologias e servi\u00e7os para a ind\u00fastria e sa\u00fade, abre inscri\u00e7\u00f5es para o Programa de Est\u00e1gio 2019. Podem participar da sele\u00e7\u00e3o tanto estudantes universit\u00e1rios quanto alunos de cursos t\u00e9cnicos, de diferentes \u00e1reas de forma\u00e7\u00e3o (confira a rela\u00e7\u00e3o completa dos cursos adiante). Interessados de todas as regi\u00f5es&hellip;","_links":{"self":[{"href":"https:\/\/construcaocivil.siriusmarketingedesign.com.br\/index.php?rest_route=\/wp\/v2\/posts\/12265","targetHints":{"allow":["GET"]}}],"collection":[{"href":"https:\/\/construcaocivil.siriusmarketingedesign.com.br\/index.php?rest_route=\/wp\/v2\/posts"}],"about":[{"href":"https:\/\/construcaocivil.siriusmarketingedesign.com.br\/index.php?rest_route=\/wp\/v2\/types\/post"}],"author":[{"embeddable":true,"href":"https:\/\/construcaocivil.siriusmarketingedesign.com.br\/index.php?rest_route=\/wp\/v2\/users\/1"}],"replies":[{"embeddable":true,"href":"https:\/\/construcaocivil.siriusmarketingedesign.com.br\/index.php?rest_route=%2Fwp%2Fv2%2Fcomments&post=12265"}],"version-history":[{"count":0,"href":"https:\/\/construcaocivil.siriusmarketingedesign.com.br\/index.php?rest_route=\/wp\/v2\/posts\/12265\/revisions"}],"wp:featuredmedia":[{"embeddable":true,"href":"https:\/\/construcaocivil.siriusmarketingedesign.com.br\/index.php?rest_route=\/wp\/v2\/media\/12266"}],"wp:attachment":[{"href":"https:\/\/construcaocivil.siriusmarketingedesign.com.br\/index.php?rest_route=%2Fwp%2Fv2%2Fmedia&parent=12265"}],"wp:term":[{"taxonomy":"category","embeddable":true,"href":"https:\/\/construcaocivil.siriusmarketingedesign.com.br\/index.php?rest_route=%2Fwp%2Fv2%2Fcategories&post=12265"},{"taxonomy":"post_tag","embeddable":true,"href":"https:\/\/construcaocivil.siriusmarketingedesign.com.br\/index.php?rest_route=%2Fwp%2Fv2%2Ftags&post=12265"}],"curies":[{"name":"wp","href":"https:\/\/api.w.org\/{rel}","templated":true}]}}