{"id":12303,"date":"2019-08-08T13:32:09","date_gmt":"2019-08-08T16:32:09","guid":{"rendered":"https:\/\/www.jornaldaconstrucaocivil.com.br\/?p=12303"},"modified":"2019-08-08T13:32:09","modified_gmt":"2019-08-08T16:32:09","slug":"acessibilidade-e-cidadania-futebol-em-cadeira-de-rodas-recebe-acao-do-bike-sem-barreiras","status":"publish","type":"post","link":"https:\/\/construcaocivil.siriusmarketingedesign.com.br\/?p=12303","title":{"rendered":"Acessibilidade e cidadania: Futebol em cadeira de rodas recebe a\u00e7\u00e3o do bike sem barreiras"},"content":{"rendered":"<div style=\"text-align: justify;\"><span style=\"color: #993300;\">Agosto, 2019<\/span> &#8211; Visando proporcionar lazer ao p\u00fablico e tamb\u00e9m aos atletas antes, durante e ap\u00f3s as competi\u00e7\u00f5es, a UNIVERITAS \u2013 Centro Universit\u00e1rio Universus Veritas leva o projeto Bike Sem Barreiras \u00e0 final do Campeonato Americano de Futebol em Cadeira de Rodas. O evento, que acontece no pr\u00f3ximo s\u00e1bado (10) no Parque Ol\u00edmpico do Rio de Janeiro, vai trazer esportistas da Argentina, Uruguai, Estados Unidos, Canad\u00e1 e Brasil.<\/div>\n<div style=\"text-align: justify;\"><\/div>\n<div style=\"text-align: justify;\">A Associa\u00e7\u00e3o Brasileira de Futebol em Cadeira de Rodas (ABFC) tem a finalidade de consolidar a pr\u00e1tica desportiva entre pessoas com defici\u00eancia no Brasil. Para a diretora da UNIVERITAS, Adriana Garcia, fazer parte de uma atividade do g\u00eanero \u00e9 importante tanto para unir for\u00e7as e apoiar este p\u00fablico, quanto para o crescimento pessoal de cada envolvido.\u00a0\u201cN\u00f3s, enquanto Institui\u00e7\u00e3o de ensino, enxergamos a necessidade de inserir nosso aluno na realidade encontrada fora de sala, assim como dar suporte a essas pessoas e fazer com que elas se sintam pertencidas. Levar as bikes e a nossa equipe para a final do campeonato \u00e9 um modo delas perceberem que n\u00e3o est\u00e3o sozinhas na causa\u201d, explica a diretora.<\/div>\n<div style=\"text-align: justify;\"><\/div>\n<div style=\"text-align: justify;\">A competi\u00e7\u00e3o acontece das 9h \u00e0s 18h, no Vel\u00f3dromo do Parque Ol\u00edmpico, no Rio de Janeiro. A entrada \u00e9 franca. O Bike sem Barreiras estar\u00e1 no local das 9h \u00e0s 12h. Para conhecer mais o projeto Bike Sem Barreiras, acesse o link\u00a0<span style=\"text-decoration: underline;\"><span style=\"color: #0000ff; text-decoration: underline;\"><a style=\"color: #0000ff; text-decoration: underline;\" href=\"https:\/\/www.univeritas.com\/noticias\/chega-ao-rio-nova-opcao-de-lazer-para-cadeirantes\" target=\"_blank\" rel=\"noopener noreferrer\" data-saferedirecturl=\"https:\/\/www.google.com\/url?q=https:\/\/www.univeritas.com\/noticias\/chega-ao-rio-nova-opcao-de-lazer-para-cadeirantes&amp;source=gmail&amp;ust=1565366613338000&amp;usg=AFQjCNHupSTCoIesjJXsFOVXGuj2-ltRcQ\">https:\/\/www.univeritas.<wbr \/>com\/noticias\/chega-ao-rio-<wbr \/>nova-opcao-de-lazer-para-<wbr \/>cadeirantes<\/a>.<\/span><\/span><\/div>\n<p>&nbsp;<\/p>\n<p>Fonte: Imprensa\/ \u00a0UNIVERITAS<\/p>\n","protected":false},"excerpt":{"rendered":"<p>Agosto, 2019 &#8211; Visando proporcionar lazer ao p\u00fablico e tamb\u00e9m aos atletas antes, durante e ap\u00f3s as competi\u00e7\u00f5es, a UNIVERITAS \u2013 Centro Universit\u00e1rio Universus Veritas leva o projeto Bike Sem Barreiras \u00e0 final do Campeonato Americano de Futebol em Cadeira de Rodas. O evento, que acontece no pr\u00f3ximo s\u00e1bado (10) no Parque Ol\u00edmpico do Rio [&hellip;]<\/p>\n","protected":false},"author":1,"featured_media":12304,"comment_status":"open","ping_status":"open","sticky":false,"template":"","format":"standard","meta":{"_uag_custom_page_level_css":"","footnotes":""},"categories":[27],"tags":[879,17130,17127,17134,4592,17133,17126,17132,7773,17129,17131,17128,16748,12128],"class_list":["post-12303","post","type-post","status-publish","format-standard","has-post-thumbnail","hentry","category-acontece","tag-argentina","tag-associacao-brasileira-de-futebol-em-cadeira-de-rodas-abfc","tag-bike-sem-barreiras","tag-canada-brasil","tag-estados-unidos","tag-evento-internacional-futebol-em-cadeiras-de-rodas","tag-futebol-em-cadeira-de-rodas","tag-futebol-para-pessoas-com-deficiencia","tag-mobilidade-urbana","tag-parque-olimpico-do-rio-de-janeiro","tag-saude-esporte-e-lazer","tag-transporte-cidadao","tag-univeritas-centro-universitario-universus-veritas","tag-uruguai"],"blocksy_meta":[],"spectra_blocks_featured_image_url":{"thumbnail":{"url":"https:\/\/construcaocivil.siriusmarketingedesign.com.br\/wp-content\/uploads\/2019\/08\/Cadeiras-de-Rodas-150x150.jpg","width":150,"height":150},"medium":{"url":"https:\/\/construcaocivil.siriusmarketingedesign.com.br\/wp-content\/uploads\/2019\/08\/Cadeiras-de-Rodas-300x225.jpg","width":300,"height":225},"medium_large":{"url":"https:\/\/construcaocivil.siriusmarketingedesign.com.br\/wp-content\/uploads\/2019\/08\/Cadeiras-de-Rodas.jpg","width":400,"height":300},"large":{"url":"https:\/\/construcaocivil.siriusmarketingedesign.com.br\/wp-content\/uploads\/2019\/08\/Cadeiras-de-Rodas.jpg","width":400,"height":300},"full":{"url":"https:\/\/construcaocivil.siriusmarketingedesign.com.br\/wp-content\/uploads\/2019\/08\/Cadeiras-de-Rodas.jpg","width":400,"height":300}},"spectra_blocks_author_info":{"display_name":"Jornal da Constru\u00e7\u00e3o Civil","avatar_url":"https:\/\/secure.gravatar.com\/avatar\/973c9774fd44ddaceb026973c4962faa70fc512bc4c9da68e8ebb40fecee6540?s=96&d=mm&r=g","author_link":"https:\/\/construcaocivil.siriusmarketingedesign.com.br\/?author=1","description":"Desde de 2013, levando muitas informa\u00e7\u00f5es, lan\u00e7amentos e produtos de qualidade para toda cadeia produtiva da constru\u00e7\u00e3o. O Futuro da constru\u00e7\u00e3o passa por aqui,"},"uagb_featured_image_src":{"full":["https:\/\/construcaocivil.siriusmarketingedesign.com.br\/wp-content\/uploads\/2019\/08\/Cadeiras-de-Rodas.jpg",400,300,false],"thumbnail":["https:\/\/construcaocivil.siriusmarketingedesign.com.br\/wp-content\/uploads\/2019\/08\/Cadeiras-de-Rodas-150x150.jpg",150,150,true],"medium":["https:\/\/construcaocivil.siriusmarketingedesign.com.br\/wp-content\/uploads\/2019\/08\/Cadeiras-de-Rodas-300x225.jpg",300,225,true],"medium_large":["https:\/\/construcaocivil.siriusmarketingedesign.com.br\/wp-content\/uploads\/2019\/08\/Cadeiras-de-Rodas.jpg",400,300,false],"large":["https:\/\/construcaocivil.siriusmarketingedesign.com.br\/wp-content\/uploads\/2019\/08\/Cadeiras-de-Rodas.jpg",400,300,false],"1536x1536":["https:\/\/construcaocivil.siriusmarketingedesign.com.br\/wp-content\/uploads\/2019\/08\/Cadeiras-de-Rodas.jpg",400,300,false],"2048x2048":["https:\/\/construcaocivil.siriusmarketingedesign.com.br\/wp-content\/uploads\/2019\/08\/Cadeiras-de-Rodas.jpg",400,300,false]},"uagb_author_info":{"display_name":"Jornal da Constru\u00e7\u00e3o Civil","author_link":"https:\/\/construcaocivil.siriusmarketingedesign.com.br\/?author=1"},"uagb_comment_info":0,"uagb_excerpt":"Agosto, 2019 &#8211; Visando proporcionar lazer ao p\u00fablico e tamb\u00e9m aos atletas antes, durante e ap\u00f3s as competi\u00e7\u00f5es, a UNIVERITAS \u2013 Centro Universit\u00e1rio Universus Veritas leva o projeto Bike Sem Barreiras \u00e0 final do Campeonato Americano de Futebol em Cadeira de Rodas. O evento, que acontece no pr\u00f3ximo s\u00e1bado (10) no Parque Ol\u00edmpico do Rio&hellip;","_links":{"self":[{"href":"https:\/\/construcaocivil.siriusmarketingedesign.com.br\/index.php?rest_route=\/wp\/v2\/posts\/12303","targetHints":{"allow":["GET"]}}],"collection":[{"href":"https:\/\/construcaocivil.siriusmarketingedesign.com.br\/index.php?rest_route=\/wp\/v2\/posts"}],"about":[{"href":"https:\/\/construcaocivil.siriusmarketingedesign.com.br\/index.php?rest_route=\/wp\/v2\/types\/post"}],"author":[{"embeddable":true,"href":"https:\/\/construcaocivil.siriusmarketingedesign.com.br\/index.php?rest_route=\/wp\/v2\/users\/1"}],"replies":[{"embeddable":true,"href":"https:\/\/construcaocivil.siriusmarketingedesign.com.br\/index.php?rest_route=%2Fwp%2Fv2%2Fcomments&post=12303"}],"version-history":[{"count":0,"href":"https:\/\/construcaocivil.siriusmarketingedesign.com.br\/index.php?rest_route=\/wp\/v2\/posts\/12303\/revisions"}],"wp:featuredmedia":[{"embeddable":true,"href":"https:\/\/construcaocivil.siriusmarketingedesign.com.br\/index.php?rest_route=\/wp\/v2\/media\/12304"}],"wp:attachment":[{"href":"https:\/\/construcaocivil.siriusmarketingedesign.com.br\/index.php?rest_route=%2Fwp%2Fv2%2Fmedia&parent=12303"}],"wp:term":[{"taxonomy":"category","embeddable":true,"href":"https:\/\/construcaocivil.siriusmarketingedesign.com.br\/index.php?rest_route=%2Fwp%2Fv2%2Fcategories&post=12303"},{"taxonomy":"post_tag","embeddable":true,"href":"https:\/\/construcaocivil.siriusmarketingedesign.com.br\/index.php?rest_route=%2Fwp%2Fv2%2Ftags&post=12303"}],"curies":[{"name":"wp","href":"https:\/\/api.w.org\/{rel}","templated":true}]}}