{"id":12306,"date":"2019-08-08T14:11:04","date_gmt":"2019-08-08T17:11:04","guid":{"rendered":"https:\/\/www.jornaldaconstrucaocivil.com.br\/?p=12306"},"modified":"2019-08-08T14:11:04","modified_gmt":"2019-08-08T17:11:04","slug":"abcp-expoe-projetos-de-arquitetura-durante-a-concrete-show","status":"publish","type":"post","link":"https:\/\/construcaocivil.siriusmarketingedesign.com.br\/?p=12306","title":{"rendered":"ABCP exp\u00f5e projetos de arquitetura durante a Concrete Show"},"content":{"rendered":"<p style=\"text-align: justify;\"><span style=\"color: #993300;\"><em>Agosto de 2019<\/em>\u00a0<\/span>\u2013 A Associa\u00e7\u00e3o Brasileira de Cimento Portland (ABCP) realizar\u00e1, durante a 12\u00aa Concrete Show South America 2019, a exposi\u00e7\u00e3o de oito projetos dos estudantes de arquitetura finalistas do 5\u00ba Pr\u00eamio Solu\u00e7\u00f5es para Cidades\/ 2\u00ba Concurso Concrete Show\/ 32\u00ba Concurso do Portal Projetar.org.<\/p>\n<p style=\"text-align: justify;\">O Concurso, uma parceria da ABCP com o portal Projetar.Org e a Concrete Show South America, desafiou os estudantes e jovens profissionais a imaginar como ser\u00e1 a rua do futuro, contemplando em suas propostas um dos materiais de maior protagonismo na constru\u00e7\u00e3o civil brasileira, o concreto.<\/p>\n<p style=\"text-align: justify;\">Os vencedores ser\u00e3o revelados ao final do Semin\u00e1rio &#8220;Solu\u00e7\u00f5es para Cidades: Ruas do Futuro&#8221;, que ser\u00e1 realizado no dia 15 de agosto, na Concrete Show, no Expo S\u00e3o Paulo e simultaneamente pelo portal Projetar.org. O j\u00fari da premia\u00e7\u00e3o \u00e9 composto pelos os arquitetos Benedito Abbud, Leticia Sabino, Lucia Porto, Lula Gouveia e Meli Malatesta.<\/p>\n<p style=\"text-align: justify;\">Al\u00e9m da exposi\u00e7\u00e3o dos projetos no evento, os tr\u00eas primeiros colocados ter\u00e3o os trabalhos publicados em ve\u00edculos de comunica\u00e7\u00e3o parceiros, receber\u00e3o um certificado de participa\u00e7\u00e3o e pr\u00eamios em dinheiro.<\/p>\n<p style=\"text-align: justify;\">O Concrete Show \u00e9 reconhecido como um dos mais importantes pontos de encontro da constru\u00e7\u00e3o civil na Am\u00e9rica do Sul e acontece nos dias 14, 15 e 16 de agosto, no S\u00e3o Paulo Expo, em S\u00e3o Paulo \u2013 SP <span style=\"text-decoration: underline;\"><span style=\"color: #0000ff; text-decoration: underline;\">(<a style=\"color: #0000ff; text-decoration: underline;\" href=\"https:\/\/yvegeenenedonsomaarer.i-mpr.com\/link.php?code=bDpodHRwJTNBJTJGJTJGd3d3LmNvbmNyZXRlc2hvdy5jb20uYnIlMkY6NTQ4NjI1MzA0OndlYm9icmFzQGdtYWlsLmNvbTozNTg0MzI=\" target=\"_blank\" rel=\"noopener noreferrer\" data-saferedirecturl=\"https:\/\/www.google.com\/url?q=https:\/\/yvegeenenedonsomaarer.i-mpr.com\/link.php?code%3DbDpodHRwJTNBJTJGJTJGd3d3LmNvbmNyZXRlc2hvdy5jb20uYnIlMkY6NTQ4NjI1MzA0OndlYm9icmFzQGdtYWlsLmNvbTozNTg0MzI%3D&amp;source=gmail&amp;ust=1565367683791000&amp;usg=AFQjCNGPMBggL_JKbHHnVi_9M0yuaur2rg\">www.concreteshow.com.br<\/a>).<\/span><\/span><\/p>\n<p style=\"text-align: justify;\"><strong>Conhe\u00e7am os finalistas:<\/strong><\/p>\n<p style=\"text-align: justify;\">Equipe Universidade Cat\u00f3lica de Santos (UNISANTOS) &#8211; Santos\/SP, formada pelas alunas Stefanie Camargo Pac\u00edfico, Cinthya Yukari Tawata, Gabriela da Silva Pinto, Nadia Marques Mendon\u00e7a e N\u00e1jla Victoria Isaias Pires.<\/p>\n<figure id=\"attachment_12307\" aria-describedby=\"caption-attachment-12307\" style=\"width: 300px\" class=\"wp-caption alignnone\"><img loading=\"lazy\" decoding=\"async\" class=\"size-medium wp-image-12307\" src=\"https:\/\/www.jornaldaconstrucaocivil.com.br\/wp-content\/uploads\/2019\/08\/Santos-300x300.jpg\" alt=\"\" width=\"300\" height=\"300\" srcset=\"https:\/\/construcaocivil.siriusmarketingedesign.com.br\/wp-content\/uploads\/2019\/08\/Santos-300x300.jpg 300w, https:\/\/construcaocivil.siriusmarketingedesign.com.br\/wp-content\/uploads\/2019\/08\/Santos-150x150.jpg 150w, https:\/\/construcaocivil.siriusmarketingedesign.com.br\/wp-content\/uploads\/2019\/08\/Santos-768x768.jpg 768w, https:\/\/construcaocivil.siriusmarketingedesign.com.br\/wp-content\/uploads\/2019\/08\/Santos-100x100.jpg 100w, https:\/\/construcaocivil.siriusmarketingedesign.com.br\/wp-content\/uploads\/2019\/08\/Santos.jpg 820w\" sizes=\"auto, (max-width: 300px) 100vw, 300px\" \/><figcaption id=\"caption-attachment-12307\" class=\"wp-caption-text\">Equipe Universidade Cat\u00f3lica de Santos (UNISANTOS)<\/figcaption><\/figure>\n<p>Equipe Centro Universit\u00e1rio Maur\u00edcio de Nassau &#8211; Uninassau &#8211; \/PE, formada pelas alunas Rackel Talita Dornelas Costa e J\u00falia Marques de Oliveira Fons\u00eaca.<\/p>\n<figure id=\"attachment_12308\" aria-describedby=\"caption-attachment-12308\" style=\"width: 300px\" class=\"wp-caption aligncenter\"><img loading=\"lazy\" decoding=\"async\" class=\"size-medium wp-image-12308\" src=\"https:\/\/www.jornaldaconstrucaocivil.com.br\/wp-content\/uploads\/2019\/08\/Recife-PE-300x300.jpg\" alt=\"\" width=\"300\" height=\"300\" srcset=\"https:\/\/construcaocivil.siriusmarketingedesign.com.br\/wp-content\/uploads\/2019\/08\/Recife-PE-300x300.jpg 300w, https:\/\/construcaocivil.siriusmarketingedesign.com.br\/wp-content\/uploads\/2019\/08\/Recife-PE-150x150.jpg 150w, https:\/\/construcaocivil.siriusmarketingedesign.com.br\/wp-content\/uploads\/2019\/08\/Recife-PE-768x768.jpg 768w, https:\/\/construcaocivil.siriusmarketingedesign.com.br\/wp-content\/uploads\/2019\/08\/Recife-PE-100x100.jpg 100w, https:\/\/construcaocivil.siriusmarketingedesign.com.br\/wp-content\/uploads\/2019\/08\/Recife-PE.jpg 858w\" sizes=\"auto, (max-width: 300px) 100vw, 300px\" \/><figcaption id=\"caption-attachment-12308\" class=\"wp-caption-text\">Equipe Centro Universit\u00e1rio Maur\u00edcio de Nassau &#8211; Uninassau &#8211; \/PE<\/figcaption><\/figure>\n<p>Equipe Universidade Estadual de Maring\u00e1 &#8211; UEM &#8211; Maring\u00e1\/PR, composta pelo arquiteto rec\u00e9m-formado Gustavo Bondezan Cardoso.<\/p>\n<figure id=\"attachment_12309\" aria-describedby=\"caption-attachment-12309\" style=\"width: 300px\" class=\"wp-caption alignnone\"><img loading=\"lazy\" decoding=\"async\" class=\"size-medium wp-image-12309\" src=\"https:\/\/www.jornaldaconstrucaocivil.com.br\/wp-content\/uploads\/2019\/08\/Projeto-III-300x300.jpg\" alt=\"\" width=\"300\" height=\"300\" srcset=\"https:\/\/construcaocivil.siriusmarketingedesign.com.br\/wp-content\/uploads\/2019\/08\/Projeto-III-300x300.jpg 300w, https:\/\/construcaocivil.siriusmarketingedesign.com.br\/wp-content\/uploads\/2019\/08\/Projeto-III-150x150.jpg 150w, https:\/\/construcaocivil.siriusmarketingedesign.com.br\/wp-content\/uploads\/2019\/08\/Projeto-III-768x768.jpg 768w, https:\/\/construcaocivil.siriusmarketingedesign.com.br\/wp-content\/uploads\/2019\/08\/Projeto-III-100x100.jpg 100w, https:\/\/construcaocivil.siriusmarketingedesign.com.br\/wp-content\/uploads\/2019\/08\/Projeto-III.jpg 946w\" sizes=\"auto, (max-width: 300px) 100vw, 300px\" \/><figcaption id=\"caption-attachment-12309\" class=\"wp-caption-text\">Equipe Universidade Estadual de Maring\u00e1 &#8211; UEM &#8211; Maring\u00e1\/PR<\/figcaption><\/figure>\n<p>Equipe Centro Universit\u00e1rio Belas Artes de S\u00e3o Paulo &#8211; FEBASP &#8211; S\u00e3o Paulo\/SP, formado pela arquiteta rec\u00e9m-formada Tatiane dos Santos Vidal e aluna Fernanda Ruggeri Savietto.<\/p>\n<figure id=\"attachment_12310\" aria-describedby=\"caption-attachment-12310\" style=\"width: 300px\" class=\"wp-caption alignnone\"><img loading=\"lazy\" decoding=\"async\" class=\"size-medium wp-image-12310\" src=\"https:\/\/www.jornaldaconstrucaocivil.com.br\/wp-content\/uploads\/2019\/08\/SAMPA-300x300.jpg\" alt=\"\" width=\"300\" height=\"300\" srcset=\"https:\/\/construcaocivil.siriusmarketingedesign.com.br\/wp-content\/uploads\/2019\/08\/SAMPA-300x300.jpg 300w, https:\/\/construcaocivil.siriusmarketingedesign.com.br\/wp-content\/uploads\/2019\/08\/SAMPA-150x150.jpg 150w, https:\/\/construcaocivil.siriusmarketingedesign.com.br\/wp-content\/uploads\/2019\/08\/SAMPA-768x768.jpg 768w, https:\/\/construcaocivil.siriusmarketingedesign.com.br\/wp-content\/uploads\/2019\/08\/SAMPA-100x100.jpg 100w, https:\/\/construcaocivil.siriusmarketingedesign.com.br\/wp-content\/uploads\/2019\/08\/SAMPA.jpg 815w\" sizes=\"auto, (max-width: 300px) 100vw, 300px\" \/><figcaption id=\"caption-attachment-12310\" class=\"wp-caption-text\">Equipe Centro Universit\u00e1rio Belas Artes de S\u00e3o Paulo &#8211; FEBASP &#8211; S\u00e3o Paulo\/SP<\/figcaption><\/figure>\n<p>Equipe Pontif\u00edcia Universidade Cat\u00f3lica de Campinas &#8211; PUC CAMPINAS &#8211; Campinas\/SP, formada pelos alunos Adriano Bueno de Godoy Junior, Gabriel Tam Chen e Victoria Oliveira Furlan.<\/p>\n<figure id=\"attachment_12311\" aria-describedby=\"caption-attachment-12311\" style=\"width: 300px\" class=\"wp-caption aligncenter\"><img loading=\"lazy\" decoding=\"async\" class=\"size-medium wp-image-12311\" src=\"https:\/\/www.jornaldaconstrucaocivil.com.br\/wp-content\/uploads\/2019\/08\/PUC-CAMPINAS-300x234.jpg\" alt=\"\" width=\"300\" height=\"234\" srcset=\"https:\/\/construcaocivil.siriusmarketingedesign.com.br\/wp-content\/uploads\/2019\/08\/PUC-CAMPINAS-300x234.jpg 300w, https:\/\/construcaocivil.siriusmarketingedesign.com.br\/wp-content\/uploads\/2019\/08\/PUC-CAMPINAS-768x598.jpg 768w, https:\/\/construcaocivil.siriusmarketingedesign.com.br\/wp-content\/uploads\/2019\/08\/PUC-CAMPINAS.jpg 867w\" sizes=\"auto, (max-width: 300px) 100vw, 300px\" \/><figcaption id=\"caption-attachment-12311\" class=\"wp-caption-text\">Equipe Pontif\u00edcia Universidade Cat\u00f3lica de Campinas &#8211; PUC CAMPINAS &#8211; Campinas\/SP<\/figcaption><\/figure>\n<p>Equipe Universidade de Caxias do Sul &#8211; UCS &#8211; Caxias do Sul\/RS, formada pelos alunos Jo\u00e3o Vitor Hartmann, Vit\u00f3ria Maggioni, Marco Ant\u00f4nio Roxo, Marcos Vin\u00edcius Longhi e Henrique Zuchetto.<\/p>\n<figure id=\"attachment_12312\" aria-describedby=\"caption-attachment-12312\" style=\"width: 300px\" class=\"wp-caption alignnone\"><img loading=\"lazy\" decoding=\"async\" class=\"size-medium wp-image-12312\" src=\"https:\/\/www.jornaldaconstrucaocivil.com.br\/wp-content\/uploads\/2019\/08\/UCS-300x300.jpg\" alt=\"\" width=\"300\" height=\"300\" srcset=\"https:\/\/construcaocivil.siriusmarketingedesign.com.br\/wp-content\/uploads\/2019\/08\/UCS-300x300.jpg 300w, https:\/\/construcaocivil.siriusmarketingedesign.com.br\/wp-content\/uploads\/2019\/08\/UCS-150x150.jpg 150w, https:\/\/construcaocivil.siriusmarketingedesign.com.br\/wp-content\/uploads\/2019\/08\/UCS-100x100.jpg 100w, https:\/\/construcaocivil.siriusmarketingedesign.com.br\/wp-content\/uploads\/2019\/08\/UCS.jpg 748w\" sizes=\"auto, (max-width: 300px) 100vw, 300px\" \/><figcaption id=\"caption-attachment-12312\" class=\"wp-caption-text\">Equipe Universidade de Caxias do Sul &#8211; UCS &#8211; Caxias do Sul\/RS<\/figcaption><\/figure>\n<p>Equipe Pontif\u00edcia Universidade Cat\u00f3lica do Paran\u00e1 &#8211; PUCPR &#8211; Curitiba\/PR, formada pelos alunos Jo\u00e3o Ricardo Mac Knight Lemberg, Alessandro Carlos Knabben, Frank de Lucca Pineda Lopes e pelo arquiteto rec\u00e9m-formado Richard Apolin\u00e1rio Viana Pires.<\/p>\n<figure id=\"attachment_12313\" aria-describedby=\"caption-attachment-12313\" style=\"width: 300px\" class=\"wp-caption aligncenter\"><img loading=\"lazy\" decoding=\"async\" class=\"size-medium wp-image-12313\" src=\"https:\/\/www.jornaldaconstrucaocivil.com.br\/wp-content\/uploads\/2019\/08\/PARANA-300x300.jpg\" alt=\"\" width=\"300\" height=\"300\" srcset=\"https:\/\/construcaocivil.siriusmarketingedesign.com.br\/wp-content\/uploads\/2019\/08\/PARANA-300x300.jpg 300w, https:\/\/construcaocivil.siriusmarketingedesign.com.br\/wp-content\/uploads\/2019\/08\/PARANA-150x150.jpg 150w, https:\/\/construcaocivil.siriusmarketingedesign.com.br\/wp-content\/uploads\/2019\/08\/PARANA-100x100.jpg 100w, https:\/\/construcaocivil.siriusmarketingedesign.com.br\/wp-content\/uploads\/2019\/08\/PARANA.jpg 742w\" sizes=\"auto, (max-width: 300px) 100vw, 300px\" \/><figcaption id=\"caption-attachment-12313\" class=\"wp-caption-text\">Equipe Pontif\u00edcia Universidade Cat\u00f3lica do Paran\u00e1 &#8211; PUCPR<\/figcaption><\/figure>\n<p>Equipe Centro Universit\u00e1rio Belas Artes de S\u00e3o Paulo &#8211; FEBASP &#8211; S\u00e3o Paulo\/SP, formada pelos alunos Victor Muniz Nascimento, Pedro Victor Gois Soares, Julia Nogueira da Silva e B\u00e1rbara Catta Preta Lima.<\/p>\n<figure id=\"attachment_12314\" aria-describedby=\"caption-attachment-12314\" style=\"width: 300px\" class=\"wp-caption alignnone\"><img loading=\"lazy\" decoding=\"async\" class=\"size-medium wp-image-12314\" src=\"https:\/\/www.jornaldaconstrucaocivil.com.br\/wp-content\/uploads\/2019\/08\/ARTES_SP-300x300.jpg\" alt=\"\" width=\"300\" height=\"300\" srcset=\"https:\/\/construcaocivil.siriusmarketingedesign.com.br\/wp-content\/uploads\/2019\/08\/ARTES_SP-300x300.jpg 300w, https:\/\/construcaocivil.siriusmarketingedesign.com.br\/wp-content\/uploads\/2019\/08\/ARTES_SP-150x150.jpg 150w, https:\/\/construcaocivil.siriusmarketingedesign.com.br\/wp-content\/uploads\/2019\/08\/ARTES_SP-100x100.jpg 100w, https:\/\/construcaocivil.siriusmarketingedesign.com.br\/wp-content\/uploads\/2019\/08\/ARTES_SP.jpg 726w\" sizes=\"auto, (max-width: 300px) 100vw, 300px\" \/><figcaption id=\"caption-attachment-12314\" class=\"wp-caption-text\">Equipe Centro Universit\u00e1rio Belas Artes de S\u00e3o Paulo &#8211; FEBASP<\/figcaption><\/figure>\n<p>Fonte: <strong>ABCP\u00a0<\/strong><\/p>\n<p>Visite o Portal<span style=\"text-decoration: underline;\"><span style=\"color: #0000ff;\"><a style=\"color: #0000ff; text-decoration: underline;\" href=\"https:\/\/yvegeenenedonsomaarer.i-mpr.com\/link.php?code=bDpodHRwJTNBJTJGJTJGJTI1MjB3d3cuYWJjcC5vcmcuYnIlMkY6NTQ4NjI1MzA0OndlYm9icmFzQGdtYWlsLmNvbToyNWY2N2Q=\" target=\"_blank\" rel=\"noopener noreferrer\" data-saferedirecturl=\"https:\/\/www.google.com\/url?q=https:\/\/yvegeenenedonsomaarer.i-mpr.com\/link.php?code%3DbDpodHRwJTNBJTJGJTJGJTI1MjB3d3cuYWJjcC5vcmcuYnIlMkY6NTQ4NjI1MzA0OndlYm9icmFzQGdtYWlsLmNvbToyNWY2N2Q%3D&amp;source=gmail&amp;ust=1565367683792000&amp;usg=AFQjCNGU-m6fnoShH-FoORKA-tP9hVHOJQ\">www.abcp.org.br<\/a><\/span><\/span><\/p>\n","protected":false},"excerpt":{"rendered":"<p>Agosto de 2019\u00a0\u2013 A Associa\u00e7\u00e3o Brasileira de Cimento Portland (ABCP) realizar\u00e1, durante a 12\u00aa Concrete Show South America 2019, a exposi\u00e7\u00e3o de oito projetos dos estudantes de arquitetura finalistas do 5\u00ba Pr\u00eamio Solu\u00e7\u00f5es para Cidades\/ 2\u00ba Concurso Concrete Show\/ 32\u00ba Concurso do Portal Projetar.org. O Concurso, uma parceria da ABCP com o portal Projetar.Org e [&hellip;]<\/p>\n","protected":false},"author":1,"featured_media":12314,"comment_status":"open","ping_status":"open","sticky":false,"template":"","format":"standard","meta":{"_uag_custom_page_level_css":"","footnotes":""},"categories":[28],"tags":[17136,989,17139,17135,16266,2903,17138,17141,17142,9270,9658,10109,17140,17137],"class_list":["post-12306","post","type-post","status-publish","format-standard","has-post-thumbnail","hentry","category-arquitetura","tag-5o-premio-solucoes-para-cidades","tag-associacao-brasileira-de-cimento-portland-abcp","tag-centro-universitario-belas-artes-de-sao-paulo-febasp","tag-centro-universitario-mauricio-de-nassau-uninassau-pe","tag-concrete-show-2019","tag-construcao-verde","tag-estudantes-e-profissionais-de-arquitetura","tag-pontificia-universidade-catolica-de-campinas-puc-campinas","tag-pontificia-universidade-catolica-do-parana-pucpr","tag-predios-sustentaveis","tag-projetar-org","tag-regiao-nordeste","tag-universidade-de-caxias-do-sul-ucs-caxias-do-sul-rs","tag-universidade-estadual-de-maringa-uem"],"blocksy_meta":[],"spectra_blocks_featured_image_url":{"thumbnail":{"url":"https:\/\/construcaocivil.siriusmarketingedesign.com.br\/wp-content\/uploads\/2019\/08\/ARTES_SP-150x150.jpg","width":150,"height":150},"medium":{"url":"https:\/\/construcaocivil.siriusmarketingedesign.com.br\/wp-content\/uploads\/2019\/08\/ARTES_SP-300x300.jpg","width":300,"height":300},"medium_large":{"url":"https:\/\/construcaocivil.siriusmarketingedesign.com.br\/wp-content\/uploads\/2019\/08\/ARTES_SP.jpg","width":726,"height":726},"large":{"url":"https:\/\/construcaocivil.siriusmarketingedesign.com.br\/wp-content\/uploads\/2019\/08\/ARTES_SP.jpg","width":726,"height":726},"full":{"url":"https:\/\/construcaocivil.siriusmarketingedesign.com.br\/wp-content\/uploads\/2019\/08\/ARTES_SP.jpg","width":726,"height":726}},"spectra_blocks_author_info":{"display_name":"Jornal da Constru\u00e7\u00e3o Civil","avatar_url":"https:\/\/secure.gravatar.com\/avatar\/973c9774fd44ddaceb026973c4962faa70fc512bc4c9da68e8ebb40fecee6540?s=96&d=mm&r=g","author_link":"https:\/\/construcaocivil.siriusmarketingedesign.com.br\/?author=1","description":"Desde de 2013, levando muitas informa\u00e7\u00f5es, lan\u00e7amentos e produtos de qualidade para toda cadeia produtiva da constru\u00e7\u00e3o. O Futuro da constru\u00e7\u00e3o passa por aqui,"},"uagb_featured_image_src":{"full":["https:\/\/construcaocivil.siriusmarketingedesign.com.br\/wp-content\/uploads\/2019\/08\/ARTES_SP.jpg",726,726,false],"thumbnail":["https:\/\/construcaocivil.siriusmarketingedesign.com.br\/wp-content\/uploads\/2019\/08\/ARTES_SP-150x150.jpg",150,150,true],"medium":["https:\/\/construcaocivil.siriusmarketingedesign.com.br\/wp-content\/uploads\/2019\/08\/ARTES_SP-300x300.jpg",300,300,true],"medium_large":["https:\/\/construcaocivil.siriusmarketingedesign.com.br\/wp-content\/uploads\/2019\/08\/ARTES_SP.jpg",726,726,false],"large":["https:\/\/construcaocivil.siriusmarketingedesign.com.br\/wp-content\/uploads\/2019\/08\/ARTES_SP.jpg",726,726,false],"1536x1536":["https:\/\/construcaocivil.siriusmarketingedesign.com.br\/wp-content\/uploads\/2019\/08\/ARTES_SP.jpg",726,726,false],"2048x2048":["https:\/\/construcaocivil.siriusmarketingedesign.com.br\/wp-content\/uploads\/2019\/08\/ARTES_SP.jpg",726,726,false]},"uagb_author_info":{"display_name":"Jornal da Constru\u00e7\u00e3o Civil","author_link":"https:\/\/construcaocivil.siriusmarketingedesign.com.br\/?author=1"},"uagb_comment_info":0,"uagb_excerpt":"Agosto de 2019\u00a0\u2013 A Associa\u00e7\u00e3o Brasileira de Cimento Portland (ABCP) realizar\u00e1, durante a 12\u00aa Concrete Show South America 2019, a exposi\u00e7\u00e3o de oito projetos dos estudantes de arquitetura finalistas do 5\u00ba Pr\u00eamio Solu\u00e7\u00f5es para Cidades\/ 2\u00ba Concurso Concrete Show\/ 32\u00ba Concurso do Portal Projetar.org. O Concurso, uma parceria da ABCP com o portal Projetar.Org e&hellip;","_links":{"self":[{"href":"https:\/\/construcaocivil.siriusmarketingedesign.com.br\/index.php?rest_route=\/wp\/v2\/posts\/12306","targetHints":{"allow":["GET"]}}],"collection":[{"href":"https:\/\/construcaocivil.siriusmarketingedesign.com.br\/index.php?rest_route=\/wp\/v2\/posts"}],"about":[{"href":"https:\/\/construcaocivil.siriusmarketingedesign.com.br\/index.php?rest_route=\/wp\/v2\/types\/post"}],"author":[{"embeddable":true,"href":"https:\/\/construcaocivil.siriusmarketingedesign.com.br\/index.php?rest_route=\/wp\/v2\/users\/1"}],"replies":[{"embeddable":true,"href":"https:\/\/construcaocivil.siriusmarketingedesign.com.br\/index.php?rest_route=%2Fwp%2Fv2%2Fcomments&post=12306"}],"version-history":[{"count":0,"href":"https:\/\/construcaocivil.siriusmarketingedesign.com.br\/index.php?rest_route=\/wp\/v2\/posts\/12306\/revisions"}],"wp:featuredmedia":[{"embeddable":true,"href":"https:\/\/construcaocivil.siriusmarketingedesign.com.br\/index.php?rest_route=\/wp\/v2\/media\/12314"}],"wp:attachment":[{"href":"https:\/\/construcaocivil.siriusmarketingedesign.com.br\/index.php?rest_route=%2Fwp%2Fv2%2Fmedia&parent=12306"}],"wp:term":[{"taxonomy":"category","embeddable":true,"href":"https:\/\/construcaocivil.siriusmarketingedesign.com.br\/index.php?rest_route=%2Fwp%2Fv2%2Fcategories&post=12306"},{"taxonomy":"post_tag","embeddable":true,"href":"https:\/\/construcaocivil.siriusmarketingedesign.com.br\/index.php?rest_route=%2Fwp%2Fv2%2Ftags&post=12306"}],"curies":[{"name":"wp","href":"https:\/\/api.w.org\/{rel}","templated":true}]}}