{"id":12324,"date":"2019-08-12T11:30:25","date_gmt":"2019-08-12T14:30:25","guid":{"rendered":"https:\/\/www.jornaldaconstrucaocivil.com.br\/?p=12324"},"modified":"2019-08-12T11:30:25","modified_gmt":"2019-08-12T14:30:25","slug":"casacor-minas-2019-anuncia-o-time-de-profissionais-que-estarao-presentes-na-25a-edicao","status":"publish","type":"post","link":"https:\/\/construcaocivil.siriusmarketingedesign.com.br\/?p=12324","title":{"rendered":"CASACOR Minas 2019 anuncia o time de profissionais que estar\u00e3o presentes na 25\u00aa edi\u00e7\u00e3o"},"content":{"rendered":"<p style=\"font-weight: 400; text-align: justify;\"><span style=\"color: #993300;\">Agosto, 2019<\/span> &#8211; Os preparativos da 25\u00aa edi\u00e7\u00e3o da CASACOR Minas, que ser\u00e1 realizada entre os dias 03 de setembro e 13 de outubro, no Pal\u00e1cio das Mangabeiras, seguem em ritmo acelerado. Prova disso, \u00e9 que as obras de montagem dos 52 ambientes, que ser\u00e3o assinados por 78 profissionais das \u00e1reas de arquitetura, design de interiores e paisagismo, foram iniciadas no m\u00eas de julho. A expectativa \u00e9 de que todos os ambientes estejam prontos para apresenta\u00e7\u00e3o exclusiva para a imprensa, no dia 29 de agosto.<\/p>\n<p style=\"font-weight: 400; text-align: justify;\">O tema que ser\u00e1 apresentado neste ano ser\u00e1 &#8220;<strong>PLANETA CASA<\/strong>&#8220;. A ideia por tr\u00e1s desse conceito \u00e9 fazer com que os frequentadores tenham uma reflex\u00e3o sobre como a nossa rela\u00e7\u00e3o com o mundo influencia o nosso jeito de morar. O local escolhido para sediar a maior mostra de arquitetura, design de interiores e paisagismo do estado foi o Pal\u00e1cio das Mangabeiras, im\u00f3vel tradicionalmente utilizado como resid\u00eancia pelos governadores de Minas. Outras novidades interessantes acontecer\u00e3o durante a mostra, como a abertura para visita\u00e7\u00e3o ao pal\u00e1cio do governo e o in\u00edcio do projeto de restaura\u00e7\u00e3o do Jardim de Burle Marx, que ser\u00e1 assinado por\u00a0<strong>Nana Guimar\u00e3es<\/strong>.<\/p>\n<p style=\"font-weight: 400; text-align: justify;\">&#8220;Estamos radiantes com a oportunidade de comemorar 25 anos da CASACOR Minas em uma das constru\u00e7\u00f5es mais emblem\u00e1ticas do estado. Esperamos receber um dos maiores p\u00fablicos da hist\u00f3ria&#8221;, destaca a diretora comercial Juliana Grillo, que aguarda um p\u00fablico de cerca de 70.000 visitantes ao longo dos 40 dias de visita\u00e7\u00e3o.<\/p>\n<figure id=\"attachment_12325\" aria-describedby=\"caption-attachment-12325\" style=\"width: 300px\" class=\"wp-caption alignleft\"><img loading=\"lazy\" decoding=\"async\" class=\"size-medium wp-image-12325\" src=\"https:\/\/www.jornaldaconstrucaocivil.com.br\/wp-content\/uploads\/2019\/08\/PAVILH\u00c3O-OFFICE-FERNANDA-VILLEFORT-4-300x169.jpg\" alt=\"\" width=\"300\" height=\"169\" srcset=\"https:\/\/construcaocivil.siriusmarketingedesign.com.br\/wp-content\/uploads\/2019\/08\/PAVILH\u00c3O-OFFICE-FERNANDA-VILLEFORT-4-300x169.jpg 300w, https:\/\/construcaocivil.siriusmarketingedesign.com.br\/wp-content\/uploads\/2019\/08\/PAVILH\u00c3O-OFFICE-FERNANDA-VILLEFORT-4-768x432.jpg 768w, https:\/\/construcaocivil.siriusmarketingedesign.com.br\/wp-content\/uploads\/2019\/08\/PAVILH\u00c3O-OFFICE-FERNANDA-VILLEFORT-4-1024x576.jpg 1024w, https:\/\/construcaocivil.siriusmarketingedesign.com.br\/wp-content\/uploads\/2019\/08\/PAVILH\u00c3O-OFFICE-FERNANDA-VILLEFORT-4.jpg 1920w\" sizes=\"auto, (max-width: 300px) 100vw, 300px\" \/><figcaption id=\"caption-attachment-12325\" class=\"wp-caption-text\">PAVILH\u00c3O OFFICE &#8211; FERNANDA VILLEFORT<\/figcaption><\/figure>\n<p style=\"font-weight: 400; text-align: justify;\">E para conseguir atrair milhares de visitantes, um time de peso formado por renomados profissionais e jovens talentos foi convocado para encantar os visitantes. Nomes como\u00a0<strong>Fl\u00e1vio Bahia,\u00a0<\/strong>que esteve na primeira edi\u00e7\u00e3o da mostra, em 1995, est\u00e1 garantido, assim como\u00a0<strong>Junior Piacesi, Estela Netto, Gustavo Penna e Pedro L\u00e1zaro<\/strong>. Outros expoentes com diversas participa\u00e7\u00f5es ao longo de suas carreiras e que tamb\u00e9m estar\u00e3o no time de 2019 s\u00e3o:<strong>\u00a0M\u00e1rio Caetano, \u00c2ngelo Coelho, Cristina Morethson, Estela Netto, Juliana Vasconcelos,<\/strong>\u00a0<strong>Ana Bahia\u00a0<\/strong>e\u00a0<strong>Val\u00e9ria Junqueira<\/strong>. Entre os paisagistas confirmados para esta edi\u00e7\u00e3o est\u00e3o nomes como\u00a0<strong>Vera Valenzuela e Wanderlan Pitangui, al\u00e9m de Nana Guimar\u00e3es.<\/strong><\/p>\n<p style=\"font-weight: 400; text-align: justify;\">Soma-se ao elenco\u00a0<strong>Rodrigo Aguiar, Will Lobato, Rodrigo Castro, Rodrigo Maakaroun, S\u00edlvia Carvalho, Luis Gustavo, Jo\u00e3o Lucas, Joana Hardy, Ant\u00f4nio Valadares, Tereza Valadares, Jo\u00e3o Diniz e Bel Diniz, Jos\u00e9 Louren\u00e7o, Fernanda Boratto, Nana Guimar\u00e3es, Lucas Lage, B\u00e1rbara Drummond, Carolina Melga\u00e7o, Cynthia Silva, Val\u00e9ria Junqueira, Gabriela Azeredo, Alex Roussef, Patr\u00edcia Pires, Tina Barbosa, J\u00falia Belisario, Carol Horta, Filipe Pederneiras, Katarina Polatscheck, \u00c9rika Steckellberg, Graziela Costa, K\u00edvia Costa, Mira Mundim, Renata Paranhos, Sheila Mundim, Juliana Couri, Maria Gabriela Nogueira, Felipe Soares, Natacha Nacif, \u00c9rika Viana, Fl\u00e1via Freitas, Fl\u00e1vio Lobato e Maria Luiza Amorim.<\/strong><\/p>\n<figure id=\"attachment_12327\" aria-describedby=\"caption-attachment-12327\" style=\"width: 300px\" class=\"wp-caption alignright\"><img loading=\"lazy\" decoding=\"async\" class=\"size-medium wp-image-12327\" src=\"https:\/\/www.jornaldaconstrucaocivil.com.br\/wp-content\/uploads\/2019\/08\/FLAVIA-ROSCOE-QUARTO-DO-GOVERNADOR-300x169.jpg\" alt=\"\" width=\"300\" height=\"169\" srcset=\"https:\/\/construcaocivil.siriusmarketingedesign.com.br\/wp-content\/uploads\/2019\/08\/FLAVIA-ROSCOE-QUARTO-DO-GOVERNADOR-300x169.jpg 300w, https:\/\/construcaocivil.siriusmarketingedesign.com.br\/wp-content\/uploads\/2019\/08\/FLAVIA-ROSCOE-QUARTO-DO-GOVERNADOR-768x432.jpg 768w, https:\/\/construcaocivil.siriusmarketingedesign.com.br\/wp-content\/uploads\/2019\/08\/FLAVIA-ROSCOE-QUARTO-DO-GOVERNADOR-1024x576.jpg 1024w, https:\/\/construcaocivil.siriusmarketingedesign.com.br\/wp-content\/uploads\/2019\/08\/FLAVIA-ROSCOE-QUARTO-DO-GOVERNADOR.jpg 1280w\" sizes=\"auto, (max-width: 300px) 100vw, 300px\" \/><figcaption id=\"caption-attachment-12327\" class=\"wp-caption-text\">FLAVIA ROSCOE &#8211; QUARTO DO GOVERNADOR<\/figcaption><\/figure>\n<p style=\"font-weight: 400; text-align: justify;\">Entre os nomes estreantes desta edi\u00e7\u00e3o est\u00e3o\u00a0<strong>Marina Diniz, Paula Guimar\u00e3es, N\u00eddia Duarte, Carla Cruz, Phelipe Pinheiro, Let\u00edcia Longuinho, Carolina Campos, Maria Clara, Igor Zanon, Daniel Tavares, Marcus Paschoalim, B\u00e1rbara Barbi, Murad Mohamad, J\u00e9ssica Martins, Felipe Costa, Atamar Lorrani, Francisco Mascarenhas, Carol Quinan, Andr\u00e9a Pinto Coelho, M\u00e1rio Caetano, Cristiano S\u00e1 Motta e Laura Penna.<\/strong><\/p>\n<p style=\"font-weight: 400; text-align: justify;\"><strong>Destaques<\/strong><\/p>\n<p style=\"font-weight: 400; text-align: justify;\">O projeto\u00a0<strong><em>Casa Min\u00e9rio<\/em><\/strong>, assinado pela experiente\u00a0<strong>\u00c2ngela Rold\u00e3o<\/strong>\u00a0em parceria com a Laminus Engenharia, apresentar\u00e1 uma estrutura modular feita 100% com rejeito de min\u00e9rio. A ideia surgiu ao observar a import\u00e2ncia desse tipo de constru\u00e7\u00e3o e do reaproveitamento deste material, principalmente, depois do\u00a0rompimento das barragens de Mariana e Brumadinho. Para isso, foi projetada uma casa onde o piso, paredes e cobertura s\u00e3o produzidas essencialmente com rejeitos de min\u00e9rio. O ambiente ficar\u00e1 na \u00e1rea externa do Pal\u00e1cio, onde antes era um campo de futebol.<\/p>\n<p style=\"font-weight: 400; text-align: justify;\">Presente pela primeira vez na mostra,\u00a0<strong>Jana\u00edna Pacheco<\/strong> \u00e9 a respons\u00e1vel pela arquitetura do projeto\u00a0<strong><em>Casa dos Eucaliptos.\u00a0<\/em><\/strong>O trabalho \u00e9 feito<em>\u00a0<\/em>em parceria com\u00a0<strong>Maur\u00edcio Bonfim<\/strong>, que assina todo o design de interiores e mobili\u00e1rio do local. O conceito da casa \u00e9 o de ser um ambiente totalmente integrado \u00e0 natureza, uma vez que o espa\u00e7o possui uma estrutura met\u00e1lica com panos de vidros cercado por uma pequena floresta de eucaliptos. Dentro do ambiente, ainda ser\u00e1 poss\u00edvel encontrar tr\u00eas modelos da esp\u00e9cie, que foram integradas ao projeto, al\u00e9m da oportunidade de contemplar a vista das montanhas. Espelhos ser\u00e3o colocados na natureza para fazer com que as pessoas olhem para si, em uma profunda liga\u00e7\u00e3o com o meio ambiente.<\/p>\n<figure id=\"attachment_12329\" aria-describedby=\"caption-attachment-12329\" style=\"width: 300px\" class=\"wp-caption alignleft\"><img loading=\"lazy\" decoding=\"async\" class=\"size-medium wp-image-12329\" src=\"https:\/\/www.jornaldaconstrucaocivil.com.br\/wp-content\/uploads\/2019\/08\/FL\u00c1VIA-ROSCOE-SALETA-DO-GOVERNADOR-300x169.jpg\" alt=\"\" width=\"300\" height=\"169\" srcset=\"https:\/\/construcaocivil.siriusmarketingedesign.com.br\/wp-content\/uploads\/2019\/08\/FL\u00c1VIA-ROSCOE-SALETA-DO-GOVERNADOR-300x169.jpg 300w, https:\/\/construcaocivil.siriusmarketingedesign.com.br\/wp-content\/uploads\/2019\/08\/FL\u00c1VIA-ROSCOE-SALETA-DO-GOVERNADOR-768x432.jpg 768w, https:\/\/construcaocivil.siriusmarketingedesign.com.br\/wp-content\/uploads\/2019\/08\/FL\u00c1VIA-ROSCOE-SALETA-DO-GOVERNADOR-1024x576.jpg 1024w, https:\/\/construcaocivil.siriusmarketingedesign.com.br\/wp-content\/uploads\/2019\/08\/FL\u00c1VIA-ROSCOE-SALETA-DO-GOVERNADOR.jpg 1280w\" sizes=\"auto, (max-width: 300px) 100vw, 300px\" \/><figcaption id=\"caption-attachment-12329\" class=\"wp-caption-text\">FL\u00c1VIA ROSCOE &#8211; SALETA DO GOVERNADOR<\/figcaption><\/figure>\n<p style=\"font-weight: 400; text-align: justify;\">Em sua quarta participa\u00e7\u00e3o na CASACOR,\u00a0<strong>Fl\u00e1via Roscoe<\/strong>\u00a0assina o projeto\u00a0<strong><em>Su\u00edte do Governador<\/em><\/strong>. O conceito da montagem do ambiente nasceu da seguinte reflex\u00e3o feita por ela: &#8220;O que \u00e9 ouro para voc\u00ea?&#8221;. Essa observa\u00e7\u00e3o tem como objetivo apontar as responsabilidades que os pol\u00edticos que ocuparam o local possu\u00edam, n\u00e3o no sentido material, mas no de valorizar o que \u00e9 do povo, no verdadeiro prop\u00f3sito de habitar aquele espa\u00e7o. Os visitantes encontrar\u00e3o, ao longo do ambiente, tons discretos em dourado, uma mesa de trabalho, uma poltrona de leitura de frente para uma bela vista, uma mesa para tomar o caf\u00e9 da manh\u00e3, um painel atr\u00e1s da cama que remete \u00e0 \u00e9poca da constru\u00e7\u00e3o da casa na d\u00e9cada de 1950, al\u00e9m de v\u00e1rias obras de arte. A ideia \u00e9 criar a sofistica\u00e7\u00e3o e a leveza do acolhimento em um mesmo local.<\/p>\n<p style=\"font-weight: 400; text-align: justify;\"><strong>Norah Fernandes e a estreante B\u00e1rbara Nobre<\/strong>\u00a0s\u00e3o as respons\u00e1veis pelo projeto\u00a0<strong><em>Gabinete.\u00a0<\/em><\/strong>Por meio de uma pesquisa realizada para entender como era o uso do local, al\u00e9m de valorizar os objetos originais da d\u00e9cada de 1950, as profissionais optaram por contar a hist\u00f3ria do lugar por meio da decora\u00e7\u00e3o. Pe\u00e7as como um painel e uma sanca de ilumina\u00e7\u00e3o de estrutura met\u00e1lica daquela \u00e9poca foram restauradas. Um sof\u00e1 do per\u00edodo tamb\u00e9m ser\u00e1 instalado no ambiente. Para trazer contemporaneidade, m\u00f3veis no estilo Hi-Tech, como cadeiras ergon\u00f4micas, ir\u00e3o compor a cena. O grande diferencial \u00e9 que o p\u00fablico encontrar\u00e1 um novo conceito de layout para escrit\u00f3rio.<\/p>\n<figure id=\"attachment_12328\" aria-describedby=\"caption-attachment-12328\" style=\"width: 300px\" class=\"wp-caption alignright\"><img loading=\"lazy\" decoding=\"async\" class=\"size-medium wp-image-12328\" src=\"https:\/\/www.jornaldaconstrucaocivil.com.br\/wp-content\/uploads\/2019\/08\/PAVILH\u00c3O-OFFICE-FERNANDA-VILLEFORT-1-Copia-2-300x169.jpg\" alt=\"\" width=\"300\" height=\"169\" srcset=\"https:\/\/construcaocivil.siriusmarketingedesign.com.br\/wp-content\/uploads\/2019\/08\/PAVILH\u00c3O-OFFICE-FERNANDA-VILLEFORT-1-Copia-2-300x169.jpg 300w, https:\/\/construcaocivil.siriusmarketingedesign.com.br\/wp-content\/uploads\/2019\/08\/PAVILH\u00c3O-OFFICE-FERNANDA-VILLEFORT-1-Copia-2-768x432.jpg 768w, https:\/\/construcaocivil.siriusmarketingedesign.com.br\/wp-content\/uploads\/2019\/08\/PAVILH\u00c3O-OFFICE-FERNANDA-VILLEFORT-1-Copia-2-1024x576.jpg 1024w, https:\/\/construcaocivil.siriusmarketingedesign.com.br\/wp-content\/uploads\/2019\/08\/PAVILH\u00c3O-OFFICE-FERNANDA-VILLEFORT-1-Copia-2.jpg 1920w\" sizes=\"auto, (max-width: 300px) 100vw, 300px\" \/><figcaption id=\"caption-attachment-12328\" class=\"wp-caption-text\">PAVILH\u00c3O OFFICE &#8211; FERNANDA VILLEFORT<\/figcaption><\/figure>\n<p style=\"font-weight: 400; text-align: justify;\">O\u00a0<strong><em>Pavilh\u00e3o Office<\/em><\/strong>, assinado por\u00a0<strong>Fernanda Villefort,<\/strong>\u00a0traz a concep\u00e7\u00e3o de espa\u00e7o corporativo onde a afetividade ganha espa\u00e7o e aproxima o usu\u00e1rio de elementos multissensoriais. O ambiente prop\u00f5e um percurso em forma de galeria para contempla\u00e7\u00e3o e comunica\u00e7\u00e3o com a arte, al\u00e9m de uma setoriza\u00e7\u00e3o integrada entre tr\u00eas esferas: BUSINESS (reuni\u00f5es\/conex\u00e3o com o outro) + MEETING (treinamento \/ palestras \/ conex\u00e3o com o mundo) + COWORKING (trabalho individual \/ conex\u00e3o consigo mesmo \/ foco). Uma grande bancada de apoio serve para oferecer desde o t\u00edpico cafezinho at\u00e9 o atual happy hour. J\u00e1 na parte da arquitetura, a proposta \u00e9 de trabalhar com materiais naturais e muita integra\u00e7\u00e3o entre o interior e o exterior. Para isso, foi criado um inv\u00f3lucro em a\u00e7o corten com faixas ritmadas e intercaladas com o vidro incolor para gerar sensa\u00e7\u00f5es e intensidades de luz tamb\u00e9m variadas. H\u00e1 ainda a presen\u00e7a de um jardim vertical natural que dialoga com o entorno e enfatiza a import\u00e2ncia da conex\u00e3o com a natureza.<\/p>\n<p style=\"font-weight: 400; text-align: justify;\">Um espa\u00e7o de pesquisa e de descobertas. Assim,\u00a0<strong>Ana Bahia<\/strong>\u00a0e\u00a0<strong>Sarah James\u00a0<\/strong>descrevem o projeto<strong><em>Cozinha Funcional.<\/em><\/strong>\u00a0O objetivo foi criar um espa\u00e7o propenso \u00e0s experi\u00eancias, sejam elas sensoriais ou espaciais. A cena prop\u00f5e diversas maneiras de uso e ocupa\u00e7\u00e3o do local, como aulas de culin\u00e1ria, jantares, palestras e reuni\u00f5es ao ar livre. Um dos pontos altos do ambiente \u00e9 o design de mobili\u00e1rio feitos com materiais como \u00f4nix, inox, pedra sab\u00e3o e feltro, que ser\u00e3o utilizados de uma maneira inusitada.\u00a0A arquitetura foi pensada como um bloco cujos \u00e2ngulos n\u00e3o retos provocam diferentes visadas a cada ponto de partida.<\/p>\n<p style=\"font-weight: 400; text-align: justify;\"><strong>Sobre o Pal\u00e1cio das Mangabeiras<\/strong><\/p>\n<p style=\"font-weight: 400; text-align: justify;\">Inaugurado oficialmente em 1955, o Pal\u00e1cio das Mangabeiras foi constru\u00eddo entre 1951 e 1955 para ser a resid\u00eancia oficial dos governadores de Minas Gerais. A edifica\u00e7\u00e3o vem sendo utilizada para esta finalidade desde a sua inaugura\u00e7\u00e3o, ocorrida durante o governo de Juscelino Kubitschek. Tudo indica que o projeto arquitet\u00f4nico \u00e9 assinado pelo arquiteto Oscar Niemeyer. J\u00e1 o projeto paisag\u00edstico original \u00e9 de Roberto Burle Marx, duas grandes refer\u00eancias em suas \u00e1reas de atua\u00e7\u00e3o. Localizado aos p\u00e9s da Serra do Curral, o Pal\u00e1cio segue o estilo modernista. Apesar de n\u00e3o ter as dimens\u00f5es que outros pal\u00e1cios tradicionais da cidade como o da Liberdade, por exemplo, o Pal\u00e1cio das Mangabeiras tem uma import\u00e2ncia hist\u00f3rica para a pol\u00edtica de Minas Gerais, sendo palco de in\u00fameras reuni\u00f5es e encontros decisivos.<\/p>\n<p style=\"font-weight: 400;\"><span style=\"color: #0000ff;\"><strong>Sobre a CASACOR Minas<\/strong><\/span><\/p>\n<p style=\"font-weight: 400;\"><strong>Redes<\/strong><\/p>\n<p style=\"font-weight: 400;\"><span style=\"color: #0000ff;\"><span style=\"color: #993300;\">SITE<\/span>:<a style=\"color: #0000ff;\" href=\"http:\/\/www.casacor.com\/\">\u00a0www.casacor.com<\/a><\/span><\/p>\n<p style=\"font-weight: 400;\"><span style=\"color: #0000ff;\"><span style=\"color: #993300;\">FACEBOOK<\/span><strong>:<\/strong><a style=\"color: #0000ff;\" href=\"http:\/\/www.facebook.com\/casacorminas\">\u00a0www.facebook.com\/casacorminas<\/a><\/span><\/p>\n<p style=\"font-weight: 400;\"><span style=\"color: #0000ff;\"><span style=\"color: #993300;\">INSTAGRAM<\/span>:\u00a0@casacorminas<\/span><\/p>\n","protected":false},"excerpt":{"rendered":"<p>Agosto, 2019 &#8211; Os preparativos da 25\u00aa edi\u00e7\u00e3o da CASACOR Minas, que ser\u00e1 realizada entre os dias 03 de setembro e 13 de outubro, no Pal\u00e1cio das Mangabeiras, seguem em ritmo acelerado. Prova disso, \u00e9 que as obras de montagem dos 52 ambientes, que ser\u00e3o assinados por 78 profissionais das \u00e1reas de arquitetura, design de [&hellip;]<\/p>\n","protected":false},"author":1,"featured_media":12326,"comment_status":"open","ping_status":"open","sticky":false,"template":"","format":"standard","meta":{"_uag_custom_page_level_css":"","footnotes":""},"categories":[28],"tags":[1340,17162,17161,17166,17167,17170,17171,17169,17165,17163,17164,17168],"class_list":["post-12324","post","type-post","status-publish","format-standard","has-post-thumbnail","hentry","category-arquitetura","tag-belo-horizonte-mg","tag-casa-cor-minas-2019","tag-casa-e-decoracao-tendencias-2020","tag-casa-minerio","tag-casacor-minas-2019-planeta-casa","tag-cozinha-leroy-merlin","tag-leroy-merlin-casa-e-decoracao","tag-palacio-das-mangabeiras-bh","tag-pavilhao-office-fernanda-villefort","tag-projeto-casa-dos-eucaliptos","tag-suite-do-governador","tag-vendas-de-moveis-e-produtos-de-decoracao"],"blocksy_meta":[],"spectra_blocks_featured_image_url":{"thumbnail":{"url":"https:\/\/construcaocivil.siriusmarketingedesign.com.br\/wp-content\/uploads\/2019\/08\/Cozinha-Leroy-Merlin-Felipe-Soares-CASACOR-Minas-150x150.jpg","width":150,"height":150},"medium":{"url":"https:\/\/construcaocivil.siriusmarketingedesign.com.br\/wp-content\/uploads\/2019\/08\/Cozinha-Leroy-Merlin-Felipe-Soares-CASACOR-Minas-300x169.jpg","width":300,"height":169},"medium_large":{"url":"https:\/\/construcaocivil.siriusmarketingedesign.com.br\/wp-content\/uploads\/2019\/08\/Cozinha-Leroy-Merlin-Felipe-Soares-CASACOR-Minas-768x432.jpg","width":768,"height":432},"large":{"url":"https:\/\/construcaocivil.siriusmarketingedesign.com.br\/wp-content\/uploads\/2019\/08\/Cozinha-Leroy-Merlin-Felipe-Soares-CASACOR-Minas-1024x576.jpg","width":1024,"height":576},"full":{"url":"https:\/\/construcaocivil.siriusmarketingedesign.com.br\/wp-content\/uploads\/2019\/08\/Cozinha-Leroy-Merlin-Felipe-Soares-CASACOR-Minas.jpg","width":1920,"height":1080}},"spectra_blocks_author_info":{"display_name":"Jornal da Constru\u00e7\u00e3o Civil","avatar_url":"https:\/\/secure.gravatar.com\/avatar\/973c9774fd44ddaceb026973c4962faa70fc512bc4c9da68e8ebb40fecee6540?s=96&d=mm&r=g","author_link":"https:\/\/construcaocivil.siriusmarketingedesign.com.br\/?author=1","description":"Desde de 2013, levando muitas informa\u00e7\u00f5es, lan\u00e7amentos e produtos de qualidade para toda cadeia produtiva da constru\u00e7\u00e3o. O Futuro da constru\u00e7\u00e3o passa por aqui,"},"uagb_featured_image_src":{"full":["https:\/\/construcaocivil.siriusmarketingedesign.com.br\/wp-content\/uploads\/2019\/08\/Cozinha-Leroy-Merlin-Felipe-Soares-CASACOR-Minas.jpg",1920,1080,false],"thumbnail":["https:\/\/construcaocivil.siriusmarketingedesign.com.br\/wp-content\/uploads\/2019\/08\/Cozinha-Leroy-Merlin-Felipe-Soares-CASACOR-Minas-150x150.jpg",150,150,true],"medium":["https:\/\/construcaocivil.siriusmarketingedesign.com.br\/wp-content\/uploads\/2019\/08\/Cozinha-Leroy-Merlin-Felipe-Soares-CASACOR-Minas-300x169.jpg",300,169,true],"medium_large":["https:\/\/construcaocivil.siriusmarketingedesign.com.br\/wp-content\/uploads\/2019\/08\/Cozinha-Leroy-Merlin-Felipe-Soares-CASACOR-Minas-768x432.jpg",768,432,true],"large":["https:\/\/construcaocivil.siriusmarketingedesign.com.br\/wp-content\/uploads\/2019\/08\/Cozinha-Leroy-Merlin-Felipe-Soares-CASACOR-Minas-1024x576.jpg",1024,576,true],"1536x1536":["https:\/\/construcaocivil.siriusmarketingedesign.com.br\/wp-content\/uploads\/2019\/08\/Cozinha-Leroy-Merlin-Felipe-Soares-CASACOR-Minas.jpg",1536,864,false],"2048x2048":["https:\/\/construcaocivil.siriusmarketingedesign.com.br\/wp-content\/uploads\/2019\/08\/Cozinha-Leroy-Merlin-Felipe-Soares-CASACOR-Minas.jpg",1920,1080,false]},"uagb_author_info":{"display_name":"Jornal da Constru\u00e7\u00e3o Civil","author_link":"https:\/\/construcaocivil.siriusmarketingedesign.com.br\/?author=1"},"uagb_comment_info":0,"uagb_excerpt":"Agosto, 2019 &#8211; Os preparativos da 25\u00aa edi\u00e7\u00e3o da CASACOR Minas, que ser\u00e1 realizada entre os dias 03 de setembro e 13 de outubro, no Pal\u00e1cio das Mangabeiras, seguem em ritmo acelerado. Prova disso, \u00e9 que as obras de montagem dos 52 ambientes, que ser\u00e3o assinados por 78 profissionais das \u00e1reas de arquitetura, design de&hellip;","_links":{"self":[{"href":"https:\/\/construcaocivil.siriusmarketingedesign.com.br\/index.php?rest_route=\/wp\/v2\/posts\/12324","targetHints":{"allow":["GET"]}}],"collection":[{"href":"https:\/\/construcaocivil.siriusmarketingedesign.com.br\/index.php?rest_route=\/wp\/v2\/posts"}],"about":[{"href":"https:\/\/construcaocivil.siriusmarketingedesign.com.br\/index.php?rest_route=\/wp\/v2\/types\/post"}],"author":[{"embeddable":true,"href":"https:\/\/construcaocivil.siriusmarketingedesign.com.br\/index.php?rest_route=\/wp\/v2\/users\/1"}],"replies":[{"embeddable":true,"href":"https:\/\/construcaocivil.siriusmarketingedesign.com.br\/index.php?rest_route=%2Fwp%2Fv2%2Fcomments&post=12324"}],"version-history":[{"count":0,"href":"https:\/\/construcaocivil.siriusmarketingedesign.com.br\/index.php?rest_route=\/wp\/v2\/posts\/12324\/revisions"}],"wp:featuredmedia":[{"embeddable":true,"href":"https:\/\/construcaocivil.siriusmarketingedesign.com.br\/index.php?rest_route=\/wp\/v2\/media\/12326"}],"wp:attachment":[{"href":"https:\/\/construcaocivil.siriusmarketingedesign.com.br\/index.php?rest_route=%2Fwp%2Fv2%2Fmedia&parent=12324"}],"wp:term":[{"taxonomy":"category","embeddable":true,"href":"https:\/\/construcaocivil.siriusmarketingedesign.com.br\/index.php?rest_route=%2Fwp%2Fv2%2Fcategories&post=12324"},{"taxonomy":"post_tag","embeddable":true,"href":"https:\/\/construcaocivil.siriusmarketingedesign.com.br\/index.php?rest_route=%2Fwp%2Fv2%2Ftags&post=12324"}],"curies":[{"name":"wp","href":"https:\/\/api.w.org\/{rel}","templated":true}]}}